{"id":602320,"date":"2026-06-12T13:18:12","date_gmt":"2026-06-12T13:18:12","guid":{"rendered":"https:\/\/www.europesays.com\/es\/602320\/"},"modified":"2026-06-12T13:18:12","modified_gmt":"2026-06-12T13:18:12","slug":"movimiento-sumar-presiona-a-sus-socios-para-hacer-primarias-y-se-abre-a-alianzas-coyunturales-con-independentistas","status":"publish","type":"post","link":"https:\/\/www.europesays.com\/es\/602320\/","title":{"rendered":"Movimiento Sumar presiona a sus socios para hacer primarias y se abre a alianzas \u00abcoyunturales\u00bb con independentistas"},"content":{"rendered":"<p class=\"article-text\">\n        Movimiento Sumar renueva sus tesis pol\u00edticas de cara a la asamblea extraordinaria que celebrar\u00e1 el pr\u00f3ximo 11 de julio, marcada por el conflicto interno entre la coordinadora del partido, Lara Hern\u00e1ndez, y el sector cr\u00edtico encabezado por la portavoz parlamentaria, Ver\u00f3nica Mart\u00ednez. La hoja de ruta para el pr\u00f3ximo a\u00f1o que se aprobar\u00e1 en dicho congreso, a la que ha tenido acceso elDiario.es, redobla la apuesta de la formaci\u00f3n por conformar una alianza estable con IU, M\u00e1s Madrid y los Comuns, pero tambi\u00e9n pide que las listas para las elecciones generales se confeccionen a trav\u00e9s de elecciones primarias, una f\u00f3rmula que algunos socios no ven clara.\n    <\/p>\n<p>    <a href=\"https:\/\/www.eldiario.es\/politica\/movimiento-sumar-celebrara-congreso-extraordinario-11-julio-cerrar-peor-crisis-fundacion_1_13295580.html\" data-mrf-recirculation=\"saber-mas\" data-dl-event=\"saber-mas\" rel=\"nofollow noopener\" target=\"_blank\"><\/p>\n<p class=\"know-more__title\">Movimiento Sumar celebrar\u00e1 su congreso extraordinario el 11 de julio para intentar cerrar la peor crisis desde su fundaci\u00f3n<\/p>\n<p>            <img decoding=\"async\" class=\"lazy\" loading=\"lazy\" data-src=\"https:\/\/static.eldiario.es\/clip\/8eb5d6d2-080d-4194-a421-26275bf5be9a_16-9-aspect-ratio_default_0.jpg\" src=\"data:image\/svg+xml,%3Csvg xmlns=\" http:=\"\" viewbox=\"0 0 880 495\" alt=\"Movimiento Sumar celebrar\u00e1 su congreso extraordinario el 11 de julio para intentar cerrar la peor crisis desde su fundaci\u00f3n\"\/><\/p>\n<p>                        <\/a><\/p>\n<p class=\"article-text\">\n        Movimiento Sumar, adem\u00e1s, se abre a suscribir alianzas \u201ccoyunturales\u201d con partidos independentistas, un gui\u00f1o a un Gabriel Rufi\u00e1n que se encuentra en plena pugna interna con su partido, ERC, precisamente porque propone un frente de izquierdas estatales y nacionalistas de cara a las pr\u00f3ximas generales. \u201cNo vamos a construir un sujeto com\u00fan con fuerzas que tienen ideas del Estado diferentes de las nuestras, pero s\u00ed podemos construir un programa com\u00fan y una alianza coyuntural\u201d, sostiene el documento pol\u00edtico para el pr\u00f3ximo congreso, en el que la formaci\u00f3n sostiene que, pese a que su modelo es el de un Estado \u201cfederal y plurinacional\u201d, eso \u201cno puede ser el freno para construir un programa que nos permita avanzar juntos\u201d. \u201cNuestro momento pasa por una enorme generosidad, mucha apertura y posiciones laicas\u201d, plantea Movimiento Sumar.\n    <\/p>\n<p class=\"article-text\">\n        En cualquier caso, sea cual sea finalmente el formato de la alianza en la que se presente el partido a las pr\u00f3ximas elecciones generales, el documento pol\u00edtico alerta ante la \u201cidea superficial y perniciosa de la unidad\u201d que, critica Movimiento Sumar, se ha \u201cgenerado\u201d en los \u00faltimos meses. \u201cLa unidad de diferentes fuerzas es una condici\u00f3n de posibilidad para maximizar resultados electorales debido a la forma concreta de nuestro sistema electoral, pero no dice nada m\u00e1s en s\u00ed misma: nadie apoya un proyecto pol\u00edtico tan solo porque junte unas piezas con otras\u201d, desliza el partido a\u00fan liderado por Lara Hern\u00e1ndez. Por el contrario, la receta del \u201cfrente\u201d de partidos, sostiene la formaci\u00f3n, debe combinar \u201cun liderazgo claro\u201d, \u201cun l\u00ednea com\u00fan atractiva\u201d y \u201cun orden interno\u201d. El resultado ha de ser \u201cno la suma de las partes, sino algo superior a ellas\u201d, resume el texto.\n    <\/p>\n<p class=\"article-text\">\n        En su congreso extraordinario de julio, Movimiento Sumar tambi\u00e9n dejar\u00e1 por escrito su apuesta por que las candidaturas de esa alianza se elijan a trav\u00e9s de m\u00e9todos \u201cdemocr\u00e1ticos\u201d. Eso significa, a juicio de la formaci\u00f3n, la creaci\u00f3n de \u201ccensos abiertos a la ciudadan\u00eda\u201d y el establecimiento de un \u201csistema de primarias que sirvan para resolver los momentos de falta de acuerdo\u201d. Se trata de una apuesta por la supervivencia del partido, el m\u00e1s peque\u00f1o de los cuatro que est\u00e1n negociando la reconfiguraci\u00f3n de la alianza Sumar: los de Hern\u00e1ndez creen que, en un proceso de primarias, tienen mucho m\u00e1s a lo que aspirar que en una negociaci\u00f3n, donde IU, Comuns y M\u00e1s Madrid tienen mucho m\u00e1s peso para poder hacerse con los puestos de salida en las listas.\n    <\/p>\n<p class=\"article-text\">\n        Por otra parte, el an\u00e1lisis del escenario pol\u00edtico que hace Movimiento Sumar es muy cr\u00edtico con un PSOE que, seg\u00fan sostiene el documento, \u201cno puede ser el vector que define la direcci\u00f3n de nuestro pa\u00eds porque es una f\u00e1brica de decepci\u00f3n y pasiones tristes\u201d tras el estallido de los casos de corrupci\u00f3n que le afectan.\u201c La democratizaci\u00f3n y la recomposici\u00f3n de la confianza pol\u00edtica del pueblo espa\u00f1ol con las instituciones s\u00f3lo puede hacerse de una forma, con una democratizaci\u00f3n clara del estado y las instituciones y con un programa fuerte de transformaci\u00f3n social y conquista de derechos\u201d, pero el PSOE \u201cest\u00e1 incapacitado para cumplir ese papel, tanto por su lectura del momento pol\u00edtico c\u00f3mo por los casos de corrupci\u00f3n precisamente en el seno de su vieja estructura de partido\u201d, denuncia la formaci\u00f3n.\n    <\/p>\n<p>    <a href=\"https:\/\/www.eldiario.es\/politica\/desatado-guerra-interna-movimiento-sumar-cuatro-claves-cara-congreso-julio_1_13295639.html\" data-mrf-recirculation=\"saber-mas-abajo\" data-dl-event=\"saber-mas-abajo\" rel=\"nofollow noopener\" target=\"_blank\"><\/p>\n<p class=\"know-more__title\">Qu\u00e9 ha desatado la guerra interna en Movimiento Sumar y otras cuatro claves de cara a su congreso de julio<\/p>\n<p>            <img decoding=\"async\" class=\"lazy\" loading=\"lazy\" data-src=\"https:\/\/static.eldiario.es\/clip\/36fc4bdf-a441-44e8-a875-f81becdf8d69_16-9-aspect-ratio_default_0.jpg\" src=\"data:image\/svg+xml,%3Csvg xmlns=\" http:=\"\" viewbox=\"0 0 880 495\" alt=\"Qu\u00e9 ha desatado la guerra interna en Movimiento Sumar y otras cuatro claves de cara a su congreso de julio\"\/><\/p>\n<p>                        <\/a><\/p>\n<p class=\"article-text\">\n        Eso no significa, no obstante, que Movimiento Sumar abogue por salir del Gobierno o por no compartir Consejo de Ministros con los socialistas en el futuro, como plantean organizaciones como Adelante Andaluc\u00eda, que han tenido un relativo \u00e9xito en el \u00faltimo ciclo electoral. \u201cNuestra posici\u00f3n es que s\u00ed, que debemos formar parte de la m\u00e1quina de Gobierno del Estado y que, si no lo hubi\u00e9ramos hecho, el Gobierno estar\u00eda hoy hecho trizas\u201d, sostiene el texto, que afirma que \u201csin presencia\u201d en el Ejecutivo \u201cno hay orientaci\u00f3n de las pol\u00edticas de Estado\u201d. \u201cEsa relaci\u00f3n es siempre tensa y conflictiva, conjuga enormes contradicciones, pero es fundamental para orientar la pol\u00edtica\u201d, insiste el partido, que admite, eso s\u00ed, que \u201cla experiencia de estas dos \u00faltimas legislaturas de coalici\u00f3n refuerzan la idea \u2014y el objetivo\u2014 de que es necesario tener m\u00e1s fuerza dentro y fuera de la experiencia de gobierno\u201d.\n    <\/p>\n","protected":false},"excerpt":{"rendered":"Movimiento Sumar renueva sus tesis pol\u00edticas de cara a la asamblea extraordinaria que celebrar\u00e1 el pr\u00f3ximo 11 de&hellip;\n","protected":false},"author":2,"featured_media":602321,"comment_status":"","ping_status":"","sticky":false,"template":"","format":"standard","meta":{"footnotes":""},"categories":[8],"tags":[490,50031,17,18,113157,25,24,13,14,11,113158,19,20,30379,9,10,15,16,6335,69717,5028,23,4453,12,21,22],"class_list":["post-602320","post","type-post","status-publish","format-standard","has-post-thumbnail","category-espana","tag-abre","tag-alianzas","tag-breaking-news","tag-breakingnews","tag-coyunturales","tag-es","tag-espana","tag-featured-news","tag-featurednews","tag-headlines","tag-independentistas","tag-latest-news","tag-latestnews","tag-movimiento","tag-news","tag-noticias","tag-noticias-destacadas","tag-noticiasdestacadas","tag-presiona","tag-primarias","tag-socios","tag-spain","tag-sumar","tag-titulares","tag-ultimas-noticias","tag-ultimasnoticias"],"share_on_mastodon":{"url":"https:\/\/pubeurope.com\/@es\/116737337757538352","error":""},"_links":{"self":[{"href":"https:\/\/www.europesays.com\/es\/wp-json\/wp\/v2\/posts\/602320","targetHints":{"allow":["GET"]}}],"collection":[{"href":"https:\/\/www.europesays.com\/es\/wp-json\/wp\/v2\/posts"}],"about":[{"href":"https:\/\/www.europesays.com\/es\/wp-json\/wp\/v2\/types\/post"}],"author":[{"embeddable":true,"href":"https:\/\/www.europesays.com\/es\/wp-json\/wp\/v2\/users\/2"}],"replies":[{"embeddable":true,"href":"https:\/\/www.europesays.com\/es\/wp-json\/wp\/v2\/comments?post=602320"}],"version-history":[{"count":0,"href":"https:\/\/www.europesays.com\/es\/wp-json\/wp\/v2\/posts\/602320\/revisions"}],"wp:featuredmedia":[{"embeddable":true,"href":"https:\/\/www.europesays.com\/es\/wp-json\/wp\/v2\/media\/602321"}],"wp:attachment":[{"href":"https:\/\/www.europesays.com\/es\/wp-json\/wp\/v2\/media?parent=602320"}],"wp:term":[{"taxonomy":"category","embeddable":true,"href":"https:\/\/www.europesays.com\/es\/wp-json\/wp\/v2\/categories?post=602320"},{"taxonomy":"post_tag","embeddable":true,"href":"https:\/\/www.europesays.com\/es\/wp-json\/wp\/v2\/tags?post=602320"}],"curies":[{"name":"wp","href":"https:\/\/api.w.org\/{rel}","templated":true}]}}