{"id":602411,"date":"2026-06-12T14:23:15","date_gmt":"2026-06-12T14:23:15","guid":{"rendered":"https:\/\/www.europesays.com\/es\/602411\/"},"modified":"2026-06-12T14:23:15","modified_gmt":"2026-06-12T14:23:15","slug":"metabolitos-urinarios-facilitaran-el-diagnostico-no-invasivo-del-cancer-de-colon","status":"publish","type":"post","link":"https:\/\/www.europesays.com\/es\/602411\/","title":{"rendered":"Metabolitos urinarios facilitar\u00e1n el diagn\u00f3stico no invasivo del c\u00e1ncer de colon"},"content":{"rendered":"<p class=\"mostrar_fragmento\">Cient\u00edficos de diversos centros italianos han identificado un conjunto de amino\u00e1cidos cuyos niveles se encuentran alterados en la orina de pacientes con adenocarcinoma de colon, tanto con met\u00e1stasis hep\u00e1ticas o ganglionares como sin ellas. A pesar de las variaciones individuales observadas en cada paciente, la concentraci\u00f3n de estos amino\u00e1cidos en &#8230;            &#13;\n        <\/p>\n<p> &#13;<br \/>\n&#13;<\/p>\n<p>Cient\u00edficos de diversos centros italianos han identificado un conjunto de <strong>amino\u00e1cidos<\/strong> cuyos niveles se encuentran alterados en la orina de pacientes con <strong>adenocarcinoma de colon<\/strong>, tanto con met\u00e1stasis hep\u00e1ticas o ganglionares como sin ellas. A pesar de las variaciones individuales observadas en cada paciente, la concentraci\u00f3n de estos amino\u00e1cidos en los individuos sanos se mantuvo en el rango de la normalidad, lo que facilita su uso diagn\u00f3stico.<\/p>\n<p>En el an\u00e1lisis dirigido a identificar correctamente a los individuos sanos, <strong>la especificidad vari\u00f3 del 53% al 100%<\/strong>, dependiendo del subconjunto de amino\u00e1cidos seleccionado, mientras que la m\u00e1xima sensibilidad en la detecci\u00f3n de pacientes con c\u00e1ncer se obtuvo con los amino\u00e1cidos <strong>isoleucina, leucina, fenilalanina y valina<\/strong>, con valores de entre el 73% y el 82% individualmente y del 100% en combinaci\u00f3n.<\/p>\n<p><strong>Mikko O. Laukkanen<\/strong>, investigador de la Universidad de N\u00e1poles y director del <a href=\"https:\/\/pubmed.ncbi.nlm.nih.gov\/42173831\/\" rel=\"nofollow noopener\" target=\"_blank\">estudio<\/a>, afirma que la mayor precisi\u00f3n global, definida como la capacidad de distinguir a los pacientes de los individuos sanos, se obtuvo con <strong>isoleucina, leucina y valina<\/strong>, con valores del 83%, 86% y 89%, respectivamente. No obstante, los pacientes con diverticulitis, apendicitis o gastritis cr\u00f3nica produjeron falsos positivos, siendo la <strong>leucina <\/strong>y la <strong>ornitina <\/strong>los amino\u00e1cidos con mayor sensibilidad para distinguir a los pacientes con c\u00e1ncer de aquellos con patolog\u00edas inflamatorias.<\/p>\n<p>Laukkanen se\u00f1ala que el estudio se bas\u00f3 en la conocida reprogramaci\u00f3n metab\u00f3lica rec\u00edproca entre las c\u00e9lulas cancerosas y los fibroblastos asociados al tumor, <strong>que da lugar a una producci\u00f3n alterada de metabolitos espec\u00edficos<\/strong>. Las variaciones halladas podr\u00edan integrarse en el conjunto de biomarcadores ya existentes con el objetivo de mejorar la especificidad del diagn\u00f3stico, concluye el investigador.<\/p>\n<p> &#13;<\/p>\n<p>&#13;<br \/>\n            SEGUIR LEYENDO&#13;\n        <\/p>\n","protected":false},"excerpt":{"rendered":"Cient\u00edficos de diversos centros italianos han identificado un conjunto de amino\u00e1cidos cuyos niveles se encuentran alterados en la&hellip;\n","protected":false},"author":2,"featured_media":602412,"comment_status":"","ping_status":"","sticky":false,"template":"","format":"standard","meta":{"footnotes":""},"categories":[92],"tags":[31018,8763,1066,14779,5009,1449,61555,7291,25,24,25520,113170,165,77678,55937,18489,9,23521,689,3276,3479,1288,166,8643,23,104994,37478],"class_list":["post-602411","post","type-post","status-publish","format-standard","has-post-thumbnail","category-salud","tag-aminoacidos","tag-biomarcadores","tag-cancer","tag-colon","tag-conjuncion","tag-cribado","tag-determinacion","tag-diagnostico","tag-es","tag-espana","tag-especificos","tag-facilitaran","tag-health","tag-individuos","tag-invasivo","tag-metabolitos","tag-news","tag-niveles","tag-no","tag-otros","tag-podria","tag-riesgo","tag-salud","tag-ser","tag-spain","tag-urinarios","tag-utilizada"],"share_on_mastodon":{"url":"https:\/\/pubeurope.com\/@es\/116737593227710640","error":""},"_links":{"self":[{"href":"https:\/\/www.europesays.com\/es\/wp-json\/wp\/v2\/posts\/602411","targetHints":{"allow":["GET"]}}],"collection":[{"href":"https:\/\/www.europesays.com\/es\/wp-json\/wp\/v2\/posts"}],"about":[{"href":"https:\/\/www.europesays.com\/es\/wp-json\/wp\/v2\/types\/post"}],"author":[{"embeddable":true,"href":"https:\/\/www.europesays.com\/es\/wp-json\/wp\/v2\/users\/2"}],"replies":[{"embeddable":true,"href":"https:\/\/www.europesays.com\/es\/wp-json\/wp\/v2\/comments?post=602411"}],"version-history":[{"count":0,"href":"https:\/\/www.europesays.com\/es\/wp-json\/wp\/v2\/posts\/602411\/revisions"}],"wp:featuredmedia":[{"embeddable":true,"href":"https:\/\/www.europesays.com\/es\/wp-json\/wp\/v2\/media\/602412"}],"wp:attachment":[{"href":"https:\/\/www.europesays.com\/es\/wp-json\/wp\/v2\/media?parent=602411"}],"wp:term":[{"taxonomy":"category","embeddable":true,"href":"https:\/\/www.europesays.com\/es\/wp-json\/wp\/v2\/categories?post=602411"},{"taxonomy":"post_tag","embeddable":true,"href":"https:\/\/www.europesays.com\/es\/wp-json\/wp\/v2\/tags?post=602411"}],"curies":[{"name":"wp","href":"https:\/\/api.w.org\/{rel}","templated":true}]}}