{"id":602464,"date":"2026-06-12T15:01:21","date_gmt":"2026-06-12T15:01:21","guid":{"rendered":"https:\/\/www.europesays.com\/es\/602464\/"},"modified":"2026-06-12T15:01:21","modified_gmt":"2026-06-12T15:01:21","slug":"el-barca-mas-olvidado-le-dije-a-luis-enrique-esto-es-una-verguenza-no-volveremos-a-hacer-convivencias-nunca-mas","status":"publish","type":"post","link":"https:\/\/www.europesays.com\/es\/602464\/","title":{"rendered":"El Bar\u00e7a m\u00e1s olvidado: \u00abLe dije a Luis Enrique: esto es una verg\u00fcenza\u2026 no volveremos a hacer convivencias nunca m\u00e1s\u00bb"},"content":{"rendered":"<p class=\"ft-text\"><strong>\u2014S\u00ed, s\u00ed. Aquella historia fue buen\u00edsima.  <\/strong><\/p>\n<p class=\"ft-text\"><strong>Luis Mart\u00edn<\/strong>, ex periodista de SPORT y El Pa\u00eds, todav\u00eda recuerda una de esas jornadas maratonianas con Gaspart que termin\u00f3 con un desenlace insosechado.<\/p>\n<p class=\"ft-text\">Pocos expresidentes del Bar\u00e7a han recibido tantas cr\u00edticas de los periodistas y, al mismo tiempo, han logrado despertar en ellos una simpat\u00eda parecida. Seguramente porque siempre garantiza una buena historia. <\/p>\n<p class=\"ft-text\">\u201cYo creo que era invierno de 2003. El Bar\u00e7a acababa de destituir a Louis van Gaal y yo hab\u00eda ido a Madrid porque el equipo jugaba all\u00ed aquel fin de semana. En el Sport todos daban por hecho que Joan Gaspart acabar\u00eda fichando a Menotti, as\u00ed que alguien tuvo la idea de que el Topo [Jorge L\u00f3pez], que era argentino, siguiera el tema de cerca, y nos vimos metidos en uno de los l\u00edos habituales de Gaspart\u201d.<\/p>\n<p class=\"ft-text\"><strong>La jornada estuvo marcada por rumores constantes sobre hoteles, encuentros, reuniones y un clima de nervios permanente<\/strong>. Toda la prensa persegu\u00eda a Gaspart de un lugar a otro: primero se dec\u00eda que estaba en un hotel, luego en otro. La t\u00edpica persecuci\u00f3n. <\/p>\n<p><img decoding=\"async\" src=\"https:\/\/www.europesays.com\/es\/wp-content\/uploads\/2026\/06\/012ff36e-be7a-40ae-8662-45aee7fa21ee_alta-libre-aspect-ratio_default_0_x1000y464.jpg\" width=\"1200\" height=\"835\" alt=\"Gaspart en un hotel de Madrid, durante las negociaciones\" class=\"ft-helper-img-rd\" loading=\"lazy\" fetchpriority=\"auto\"\/><\/p>\n<p class=\"ft-helper-fontColor-quaternary ft-helper-fontSize-body-S ft-helper-spacer-t-xxs\">Gaspart en un hotel de Madrid, durante las negociaciones  \/ V. ENRICH \/ Sport<\/p>\n<p class=\"ft-text\"><strong>Con Gaspart pasaba a menudo: parec\u00eda que todo estaba controlado, pero al final no se materializaba nada de lo que se anunciaba \u2014y muchas veces ocurr\u00eda exactamente lo contrario<\/strong>.<\/p>\n<p class=\"ft-text\">\u201cRecuerdo especialmente un hotel donde acabamos todos. Era un hotel supercutre, de batalla. All\u00ed est\u00e1bamos todos los periodistas pendientes de si aparec\u00eda Menotti. Era un hotel de dos estrellas de la cadena de Gaspart. Y de repente, resulta que Menotti no firma\u201d.<\/p>\n<p class=\"ft-text\"><strong>&#8216;Lu Mart\u00edn&#8217;, como se le conoce en la profesi\u00f3n, se entera de que Menotti finalmente no es el elegido a trav\u00e9s de un tercero<\/strong>.<\/p>\n<p class=\"ft-text\">\u201cAqu\u00ed es donde entra Miguel Rico, entonces director adjunto de SPORT, que me dice que deje el hotel porque el entrenador ser\u00e1 Antic. En alg\u00fan momento consigue localizar d\u00f3nde est\u00e1. <strong>Viv\u00eda en una urbanizaci\u00f3n privada de Aravaca, con seguridad privada, una zona muy exclusiva<\/strong>. Para entendernos, una especie de Pedralbes o Sant Cugat de Madrid. Al final cogimos un taxi y fuimos hacia all\u00ed. \u00c9ramos Topo L\u00f3pez, el fot\u00f3grafo Valent\u00ed Enrich y yo. A Antic ya lo conoc\u00edamos de antes, y eso tambi\u00e9n ayud\u00f3\u201d.<\/p>\n<p><img decoding=\"async\" src=\"https:\/\/www.europesays.com\/es\/wp-content\/uploads\/2026\/06\/0cd9f0ef-7675-4ea7-988f-e455d5a8aef9_alta-libre-aspect-ratio_default_0_x590y312.jpg\" width=\"1200\" height=\"952\" alt=\"Radomir Antic paseando con su perro\" class=\"ft-helper-img-rd\" loading=\"lazy\" fetchpriority=\"auto\"\/><\/p>\n<p class=\"ft-helper-fontColor-quaternary ft-helper-fontSize-body-S ft-helper-spacer-t-xxs\">Radomir Antic paseando con su perro  \/ V. ENRICH \/ Sport<\/p>\n<p class=\"ft-text\"><strong>La jornada termin\u00f3 con una entrevista a Antic en su chalet, un brindis con una botella de cava por su fichaje y un bulldog que \u201cno dejaba de gru\u00f1ir al fot\u00f3grafo mientras hac\u00eda las fotos\u201d.<\/strong><\/p>\n<p class=\"ft-text\">Esa imagen del bulldog rondando mientras consegu\u00edan una exclusiva se le qued\u00f3 grabada a Mart\u00edn. \u201cAntic estaba encantado, estaba loco por entrenar al Bar\u00e7a en un momento en el que colaboraba en la SER. Se le notaba. Sonre\u00eda todo el rato. Era consciente de la dimensi\u00f3n de la oportunidad que ten\u00eda delante\u201d.<\/p>\n<p><img decoding=\"async\" src=\"https:\/\/www.europesays.com\/es\/wp-content\/uploads\/2026\/06\/3277dd9d-07e6-4127-94cf-bbbb788d1095_alta-libre-aspect-ratio_default_0_x1000y446.jpg\" width=\"1200\" height=\"803\" alt=\"Radomir Antic posa para SPORT en su casa de Madrid\" class=\"ft-helper-img-rd\" loading=\"lazy\" fetchpriority=\"auto\"\/><\/p>\n<p class=\"ft-helper-fontColor-quaternary ft-helper-fontSize-body-S ft-helper-spacer-t-xxs\">Radomir Antic posa para SPORT en su casa de Madrid  \/ V. ENRICH \/ Sport<\/p>\n<p>\u00abTienes que sacarnos de este foll\u00f3n, \u00bfquieres entrenar al Bar\u00e7a?\u00bb<\/p>\n<p class=\"ft-text\">As\u00ed empez\u00f3 una de las historias m\u00e1s olvidadas del Bar\u00e7a:<a class=\"ft-link ft-link--decoration\" href=\"https:\/\/www.sport.es\/es\/noticias\/barca\/antic-tecnico-rescate-del-barca-7921245\" rel=\"nofollow noopener\" target=\"_blank\"> la etapa de Radomir Antic como entrenador del Bar\u00e7a<\/a>. Un rescate en may\u00fasculas, porque aquel equipo estaba rozando el descenso: era decimoquinto en LaLiga.<\/p>\n<p class=\"ft-text\">Antic lleg\u00f3 a un Bar\u00e7a perdido y desorientado que necesitaba una intervenci\u00f3n urgente. Y Antic, que era un serbio, muy serbio, acept\u00f3 el reto con naturalidad.<\/p>\n<p class=\"ft-text\">Lo record\u00f3 Gaspart al periodista Toni Juanmart\u00ed en &#8216;Relevo&#8217;: \u201cTen\u00eda buenas referencias sobre Radomir, tanto personales como deportivas.<strong> Lo llam\u00e9 y nos citamos en el Hotel Serrano de Madrid. Nada m\u00e1s encontrarnos le pregunt\u00e9: \u2018Tienes que sacarnos del foll\u00f3n en el que estamos. \u00bfQuieres entrenar al Bar\u00e7a?\u2019<\/strong>. Y me respondi\u00f3: \u2018Ser\u00eda mi sue\u00f1o\u2019\u201d.<\/p>\n<p class=\"ft-text\">Gaspart a\u00f1adi\u00f3 que Antic fue m\u00e1s all\u00e1 y se atrevi\u00f3 incluso con una promesa: \u201cJoan, no te preocupes. Si me dejas tiempo os colocar\u00e9 como m\u00ednimo en UEFA\u201d.<\/p>\n<p class=\"ft-text\"><strong>Radomir no tard\u00f3 en detectar que los problemas de aquel Bar\u00e7a no eran \u00fanicamente futbol\u00edsticos y busc\u00f3 agitar al vestuario con medidas muy particulares<\/strong>.<\/p>\n<p class=\"ft-text\">\u201c\u00bfSabes cu\u00e1les eran los problemas? \u2014record\u00f3 en una entrevista en &#8216;Jot Down&#8217;\u2014. <strong>Le dije al capit\u00e1n, a Luis Enrique, de hacer una convivencia cada viernes, y el primer d\u00eda vi que los cinco holandeses estaban jugando a las cartas, los argentinos hablando entre ellos\u2026 y me dije: \u2018aqu\u00ed est\u00e1 el asunto\u2019\u201d<\/strong>.<\/p>\n<p class=\"ft-text\">\u201c<strong>Termin\u00f3 la primera convivencia y le dije a Luis Enrique: \u2018Esto es una verg\u00fcenza, la cerveza estaba fr\u00eda y la tortilla inmejorable, pero ya s\u00e9 por qu\u00e9 est\u00e1is donde est\u00e1is<\/strong>. Por m\u00ed no vamos a hacer ninguna convivencia nunca m\u00e1s\u2019. Luis Enrique me pidi\u00f3 que les di\u00e9ramos otra oportunidad. En la siguiente empezaron a hablar entre ellos, y ganamos todos los partidos hasta el final\u201d.<\/p>\n<p><img decoding=\"async\" src=\"https:\/\/www.europesays.com\/es\/wp-content\/uploads\/2026\/06\/4bfa13ed-41f3-4fd7-a329-ed7d3ccecf36_alta-libre-aspect-ratio_default_0_x1000y526.jpg\" width=\"1200\" height=\"947\" alt=\"Antic junto a \u00d3scar L\u00f3pez\" class=\"ft-helper-img-rd\" loading=\"lazy\" fetchpriority=\"auto\"\/><\/p>\n<p class=\"ft-helper-fontColor-quaternary ft-helper-fontSize-body-S ft-helper-spacer-t-xxs\">Antic junto a \u00d3scar L\u00f3pez  \/ V. ENRICH \/ Sport<\/p>\n<p class=\"ft-text\"><strong>\u00d3scar L\u00f3pez<\/strong>, uno de los canteranos a los que recurri\u00f3 Antic, confirma a SPORT aquellas jornadas de convivencia.<\/p>\n<p class=\"ft-text\">\u201c<strong>Recuerdo perfectamente esa intenci\u00f3n de fomentar la cohesi\u00f3n. Hab\u00eda diferentes grupos: los holandeses por un lado, los veteranos por otro, los j\u00f3venes de la cantera\u2026<\/strong> Eran sectores distintos que dentro del campo no supon\u00edan un problema, pero fuera s\u00ed pod\u00eda tener impacto. \u00c9l detect\u00f3 que eso era un punto d\u00e9bil y quiso cambiarlo por completo\u201d, explica.<\/p>\n<p class=\"ft-text\">\u201cLos viernes muchas veces casi no entren\u00e1bamos en el campo. Hac\u00edamos din\u00e1micas de grupo y actividades de convivencia: desayunar juntos, jugar al f\u00fatbol tenis o participar en distintas actividades dentro de las instalaciones. Lo importante era interactuar\u201d.<\/p>\n<p class=\"ft-text\"><strong>L\u00f3pez destaca la capacidad de Antic para llegar al futbolista y pone como ejemplo una conversaci\u00f3n privada con \u00e9l que le marc\u00f3.<\/strong><\/p>\n<p class=\"ft-text\">\u201cYo siempre he sido una persona educada, que intenta estar en su sitio. Un d\u00eda entr\u00e9 en el comedor y me qued\u00e9 sentado esperando a que pasaran los veteranos. Antic se levant\u00f3, vino hacia m\u00ed y me dijo algo as\u00ed como: \u2018<strong>Si est\u00e1s aqu\u00ed es porque eres uno m\u00e1s. Tienes que levantarte, desayunar y comportarte como cualquiera<\/strong>\u2019\u201d.<\/p>\n<p class=\"ft-text\">\u201cCon el tiempo te das cuenta del valor de ese mensaje. Puedes ser respetuoso y tener los pies en el suelo, pero tambi\u00e9n hay momentos en los que tienes que dar un paso adelante y decir: \u2018Aqu\u00ed estoy yo y este es mi valor\u2019\u201d.<\/p>\n<p><img decoding=\"async\" src=\"https:\/\/www.europesays.com\/es\/wp-content\/uploads\/2026\/06\/c0cdee72-e440-4b0f-bb76-2b13551ddcdd_alta-libre-aspect-ratio_default_0_x1000y509.jpg\" width=\"1200\" height=\"917\" alt=\"Antic, junto a Luis Enrique\" class=\"ft-helper-img-rd\" loading=\"lazy\" fetchpriority=\"auto\"\/><\/p>\n<p class=\"ft-helper-fontColor-quaternary ft-helper-fontSize-body-S ft-helper-spacer-t-xxs\">Antic, junto a Luis Enrique  \/ P. LARGO \/ Sport<\/p>\n<p>\u00abAntic le dijo a Vald\u00e9s: deja de peinarte tanto y sal al campo a parar\u00bb<\/p>\n<p class=\"ft-text\"><strong>V\u00edctor Vald\u00e9s tambi\u00e9n descubri\u00f3 pronto que Antic era un entrenador sin filtros<\/strong>. \u201cVald\u00e9s llevaba entonces una melena considerable y era muy presumido. Antic le dijo algo as\u00ed como: \u2018Deja de peinarte tanto y sal al campo a parar lo que puedas\u2019. Poco despu\u00e9s se rap\u00f3 el pelo\u201d, recuerda Luis Mart\u00edn.<\/p>\n<p class=\"ft-text\">Antic no solo sacudi\u00f3 el \u00e1nimo del vestuario, tambi\u00e9n aplic\u00f3 medidas futbol\u00edsticas dr\u00e1sticas. <strong>Apost\u00f3 por el cl\u00e1sico 4-4-2 y realiz\u00f3 m\u00faltiples cambios de piezas<\/strong>.<\/p>\n<p class=\"ft-text\">\u201cCambi\u00e9 a siete jugadores de posici\u00f3n y Xavi fue uno de ellos. Le dije: \u2018Xavi, vamos a ver, esto no va con tus virtudes\u2019. \u00c9l ten\u00eda complejo de Guardiola, de jugar por delante de la defensa. Le propuse adelantarlo 30 metros para aprovechar su pase, su tiro y su capacidad de asociaci\u00f3n, teniendo a Overmars y Saviola por delante. Al principio dud\u00f3, pero acept\u00f3 probarlo\u201d.<\/p>\n<p><img decoding=\"async\" src=\"https:\/\/www.europesays.com\/es\/wp-content\/uploads\/2026\/06\/70e9a1dd-06f1-414f-b7a5-1f9f4ea7c40f_alta-libre-aspect-ratio_default_0_x1000y446.jpg\" width=\"1200\" height=\"803\" alt=\"Antic da \u00f3rdenes a sus jugadores\" class=\"ft-helper-img-rd\" loading=\"lazy\" fetchpriority=\"auto\"\/><\/p>\n<p class=\"ft-helper-fontColor-quaternary ft-helper-fontSize-body-S ft-helper-spacer-t-xxs\">Antic da \u00f3rdenes a sus jugadores  \/ Z. CZIBOR \/ Sport<\/p>\n<p class=\"ft-text\">Antic tambi\u00e9n detect\u00f3 las dificultades de Frank de Boer ante delanteros r\u00e1pidos y <strong>apost\u00f3 por Puyol como central, cambi\u00f3 de banda a Overmars, dio protagonismo a Iniesta y consolid\u00f3 a Vald\u00e9s en la porter\u00eda<\/strong>. Otra de sus grandes aportaciones fue la explosi\u00f3n de Motta (\u00bfqui\u00e9n no se acuerda de su actuaci\u00f3n ante Zidane en el Bernab\u00e9u?)<\/p>\n<p class=\"ft-text\"><strong>\u201cCambi\u00f3 varias cosas clave\u201d, resume \u00d3scar L\u00f3pez<\/strong>. \u201cEl sistema con dos delanteros permit\u00eda complementar perfiles: Saviola aportaba movilidad y ruptura, mientras Kluivert era m\u00e1s posicional. Tambi\u00e9n el cambio de Overmars a la banda derecha le dio m\u00e1s profundidad, porque en la izquierda era m\u00e1s previsible con ese recorte que hac\u00eda siempre. Y Xavi empez\u00f3 a tener m\u00e1s llegada al \u00e1rea\u201d.<\/p>\n<p><img decoding=\"async\" src=\"https:\/\/www.europesays.com\/es\/wp-content\/uploads\/2026\/06\/677ed550-7357-461c-94c5-ac4ccfa28c46_alta-libre-aspect-ratio_default_0_x914y524.jpg\" width=\"1200\" height=\"1031\" alt=\"Saviola dio un gran rendimiento con Antic en el banquillo\" class=\"ft-helper-img-rd\" loading=\"lazy\" fetchpriority=\"auto\"\/><\/p>\n<p class=\"ft-helper-fontColor-quaternary ft-helper-fontSize-body-S ft-helper-spacer-t-xxs\">Saviola dio un gran rendimiento con Antic en el banquillo  \/ P. LARGO \/ Sport<\/p>\n<p class=\"ft-text\"><strong>Antic cogi\u00f3 al equipo en la decimoquinta posici\u00f3n y lo dej\u00f3 sexto. Sum\u00f3 33 puntos de 56 posibles, casi un 59%, suficiente para asegurar la clasificaci\u00f3n europea<\/strong>.<\/p>\n<p class=\"ft-text\">Aquel Bar\u00e7a lleg\u00f3 a cuartos de Champions, donde cay\u00f3 dram\u00e1ticamente ante el gol de Zalayeta en la pr\u00f3rroga, pero salv\u00f3 la temporada en la Liga.<\/p>\n<p class=\"ft-text\"><strong>Pese al rendimiento, Antic supo por boca de Begiristain que no continuar\u00eda: \u201cNuevo presidente, nuevo entrenador\u201d. Empezaba la era Laporta y, con el consejo de Cruyff, se apost\u00f3 por Rijkaard<\/strong>.<\/p>\n<p class=\"ft-text\">El t\u00e9cnico serbio, que muri\u00f3 en 2020 a los 71 a\u00f1os, nunca olvid\u00f3 aquella experiencia: \u201c<strong>Aquellos seis meses para m\u00ed fueron seis a\u00f1os. Hab\u00eda cuatro presidentes y cada d\u00eda se hablaba de uno distinto, del nuevo fichaje estrella o del nuevo entrenador. Siempre estaban en campa\u00f1a\u201d<\/strong>.<\/p>\n","protected":false},"excerpt":{"rendered":"\u2014S\u00ed, s\u00ed. Aquella historia fue buen\u00edsima. Luis Mart\u00edn, ex periodista de SPORT y El Pa\u00eds, todav\u00eda recuerda una&hellip;\n","protected":false},"author":2,"featured_media":602465,"comment_status":"","ping_status":"","sticky":false,"template":"","format":"standard","meta":{"footnotes":""},"categories":[268],"tags":[2296,168,14321,25,24,280,282,2918,3294,7820,10402,9888,281,23,167,113171,6278],"class_list":["post-602464","post","type-post","status-publish","format-standard","has-post-thumbnail","category-futbol","tag-barca","tag-deportes","tag-dije","tag-es","tag-espana","tag-football","tag-futbol","tag-la-liga","tag-le","tag-luis","tag-luis-enrique","tag-olvidado","tag-soccer","tag-spain","tag-sports","tag-van-gaal","tag-xavi"],"share_on_mastodon":{"url":"https:\/\/pubeurope.com\/@es\/116737743313060168","error":""},"_links":{"self":[{"href":"https:\/\/www.europesays.com\/es\/wp-json\/wp\/v2\/posts\/602464","targetHints":{"allow":["GET"]}}],"collection":[{"href":"https:\/\/www.europesays.com\/es\/wp-json\/wp\/v2\/posts"}],"about":[{"href":"https:\/\/www.europesays.com\/es\/wp-json\/wp\/v2\/types\/post"}],"author":[{"embeddable":true,"href":"https:\/\/www.europesays.com\/es\/wp-json\/wp\/v2\/users\/2"}],"replies":[{"embeddable":true,"href":"https:\/\/www.europesays.com\/es\/wp-json\/wp\/v2\/comments?post=602464"}],"version-history":[{"count":0,"href":"https:\/\/www.europesays.com\/es\/wp-json\/wp\/v2\/posts\/602464\/revisions"}],"wp:featuredmedia":[{"embeddable":true,"href":"https:\/\/www.europesays.com\/es\/wp-json\/wp\/v2\/media\/602465"}],"wp:attachment":[{"href":"https:\/\/www.europesays.com\/es\/wp-json\/wp\/v2\/media?parent=602464"}],"wp:term":[{"taxonomy":"category","embeddable":true,"href":"https:\/\/www.europesays.com\/es\/wp-json\/wp\/v2\/categories?post=602464"},{"taxonomy":"post_tag","embeddable":true,"href":"https:\/\/www.europesays.com\/es\/wp-json\/wp\/v2\/tags?post=602464"}],"curies":[{"name":"wp","href":"https:\/\/api.w.org\/{rel}","templated":true}]}}