{"id":602542,"date":"2026-06-12T15:58:17","date_gmt":"2026-06-12T15:58:17","guid":{"rendered":"https:\/\/www.europesays.com\/es\/602542\/"},"modified":"2026-06-12T15:58:17","modified_gmt":"2026-06-12T15:58:17","slug":"el-movil-top-de-poco-el-x8-pro-max-es-rapido-potente-con-buena-camara-y-vale-como-un-gama-media","status":"publish","type":"post","link":"https:\/\/www.europesays.com\/es\/602542\/","title":{"rendered":"El m\u00f3vil top de POCO: el X8 Pro Max es r\u00e1pido, potente, con buena c\u00e1mara y vale como un gama media"},"content":{"rendered":"<p><img decoding=\"async\" class=\"v-ath__i\" loading=\"lazy\" src=\"https:\/\/www.europesays.com\/es\/wp-content\/uploads\/2026\/06\/autor-6889-foto-2.png\" alt=\"Alejandra Santisteban Guiu\"\/><\/p>\n<p>11\/06\/2026<\/p>\n<p>Actualizado 12\/06\/2026 &#8211; 12:15h.<\/p>\n<p class=\"v-d-p\" style=\"\">Hay una cifra en la ficha del <a href=\"https:\/\/es.aliexpress.com\/item\/1005011943228268.html\" rel=\"nofollow,sponsored noopener\" target=\"_blank\" data-voc-vtm-id=\"in-text-traffic\" class=\"monetise\" title=\"POCO X8 Pro Max\" data-mrf-link=\"es.aliexpress.com\">POCO X8 Pro Max<\/a> que cuesta creer la primera vez que la lees: 8.500 mAh de bater\u00eda. <strong>Eso no es un dato de tel\u00e9fono; es un dato de tablet gruesa<\/strong>. Y sin embargo llega en un smartphone con toda la pinta de flagship: pantalla AMOLED de 6,83 pulgadas en resoluci\u00f3n 1.5K, el Dimensity 9500s de MediaTek y c\u00e1mara principal de 50 megap\u00edxeles con estabilizaci\u00f3n \u00f3ptica.<\/p>\n<p class=\"v-d-p\" style=\"\">POCO lleva a\u00f1os con la misma jugada: t<strong>omar el chip que los grandes reservan para sus topes de gama y meterlo en un precio que te hace mirar dos veces el recibo<\/strong>. El X8 Pro Max es su versi\u00f3n m\u00e1s ambiciosa de esa apuesta.<\/p>\n<p>\nDimensity 9500s a 3 nm: el chip que el rival mete cien euros m\u00e1s arriba\n<\/p>\n<p><img decoding=\"async\" loading=\"lazy\" src=\"https:\/\/www.europesays.com\/es\/wp-content\/uploads\/2026\/06\/poco pro max-U87750036451ivV-680x476@diario_abc.jpg\" class=\"v-a-img\" width=\"680\" height=\"478\" alt=\"\" data-voc-vtm-id=\"in-text-traffic\"\/><\/p>\n<p class=\"v-d-p\" style=\"\">El Dimensity 9500s no es un nombre menor. Es el procesador que MediaTek present\u00f3 en enero de 2026 con proceso de fabricaci\u00f3n de 3 nan\u00f3metros para competir directamente con el Snapdragon 8 Elite en rendimiento puro: arquitectura dise\u00f1ada para gaming intenso, edici\u00f3n de v\u00eddeo en 4K y multitarea sin compromiso. <strong>M\u00f3viles con este chip cuestan habitualmente mucho m\u00e1s de lo que pide el POCO X8 Pro Max<\/strong>.<\/p>\n<p class=\"v-d-p\" style=\"\">La pantalla acompa\u00f1a el argumento. La resoluci\u00f3n 1.5K sobre panel AMOLED a 120 Hz <strong>ya supera en densidad de p\u00edxeles a lo que ofrecen algunos flagships de marcas europeas que cobran el triple<\/strong>. En exteriores, la diferencia con una pantalla Full HD se nota al abrir una foto con mucho detalle o al leer texto peque\u00f1o.<\/p>\n<p class=\"v-d-p\" style=\"\">Y viene con certificaci\u00f3n IP68\/IP69K, lo que significa que aguanta lluvia y polvo sin contemplaciones. No es el IP68 de un chapuz\u00f3n controlado; el IP69K a\u00f1ade <strong>resistencia a chorros de agua a alta presi\u00f3n<\/strong>. En un tel\u00e9fono de este precio, eso es un extra que los flagships tradicionales tampoco regalan.<\/p>\n<p>\nOIS en el sensor principal: m\u00e1s margen de error a mano alzada\n<\/p>\n<p class=\"v-d-p\" style=\"\">50 megap\u00edxeles con OIS en el sensor principal es el punto de partida. La estabilizaci\u00f3n \u00f3ptica importa m\u00e1s de lo que parece en el uso diario: reduce el blur en fotos nocturnas sin tr\u00edpode y estabiliza el v\u00eddeo antes de que entre el software. <strong>Las fotos de noche y los v\u00eddeos a mano alzada<\/strong> salen con m\u00e1s margen de error que en m\u00f3viles sin OIS: menos blur, menos sacudida visible.<\/p>\n<p class=\"v-d-p\" style=\"\"><strong>Graba en 4K a 60 fps, lo que lo pone en el mismo escal\u00f3n t\u00e9cnico que los flagships de gama alta<\/strong>. Para quien hace v\u00eddeo de viajes, reels o quiere editar en el propio tel\u00e9fono, ese techo importa.<\/p>\n<p>\n8.500 mAh: el n\u00famero que cambia el h\u00e1bito de carga\n<\/p>\n<p class=\"v-d-p\" style=\"\">El Samsung Galaxy S25 Ultra va con 5.000 mAh. El iPhone 16 Pro Max, con cerca de los 4.700 mAh. <strong>El POCO X8 Pro Max casi dobla esas cifras<\/strong>, y eso es lo que lo separa de cualquier otro smartphone en este segmento.<\/p>\n<p class=\"v-d-p\" style=\"\">En uso real, eso se traduce en dos d\u00edas completos de uso intenso antes de buscar el enchufe, o <strong>tres d\u00edas con un perfil m\u00e1s moderado<\/strong>. Para quien viaja, trabaja fuera de la oficina o simplemente odia depender del cargador, esa autonom\u00eda cambia por completo la relaci\u00f3n con el tel\u00e9fono.<\/p>\n<p class=\"v-d-p\" style=\"\">La carga r\u00e1pida a 100 vatios recarga ese dep\u00f3sito enorme en tiempos razonables. Eso s\u00ed: <strong>el cargador no viene en la caja<\/strong>. Es la pega m\u00e1s concreta del equipo. Un adaptador de 100 W GaN de garant\u00edas no es un accesorio barato; si no tienes ya uno compatible, hay que sumarlo al presupuesto total.<\/p>\n<p>\nEl veredicto: flagship killer con una honestidad\n<\/p>\n<p class=\"v-d-p\" style=\"\">El POCO X8 Pro Max <strong>compite directamente con m\u00f3viles de gama alta que cuestan el doble o m\u00e1s<\/strong>. El chip, la pantalla, la certificaci\u00f3n de agua y la c\u00e1mara con OIS est\u00e1n al nivel de esa categor\u00eda. La bater\u00eda directamente los supera.<\/p>\n<p class=\"v-d-p\" style=\"\">La compra tiene m\u00e1s sentido para quien viene de un m\u00f3vil de hace dos o tres generaciones, o para quien ha estado mirando flagships de primera l\u00ednea sin acabar de dar el paso. El salto de rendimiento es claro. Y <strong>el precio en AliExpress lo pone en una franja que los flagships tradicionales no pueden tocar<\/strong>.<\/p>\n<p class=\"v-d-p\" style=\"\">La experiencia de carga r\u00e1pida del X8 Pro Max merece el hardware correcto.<\/p>\n<ul class=\"v-cmp-rld__u\">\n<li class=\"v-cmp-rld__l\">\n<p><a class=\"v-a-lnk\" href=\"http:\/\/www.abc.es\/favorito\/electronica\/moviles-smartphones\/alternativa-barata-galaxy-s25-honor-magic7-pro-20260604062900-nt.html#vtm_modulosEngag=noticiasrelacionadas-cmp-dos:favorito:noticia:1\" title=\"La alternativa barata al Galaxy S25: el HONOR Magic7 Pro funciona como gama alta por 600 euros\" data-voc-vtm-id=\"in-text-traffic\" rel=\"nofollow noopener\" target=\"_blank\"><br \/>\n<img decoding=\"async\" loading=\"lazy\" src=\"https:\/\/www.europesays.com\/es\/wp-content\/uploads\/2026\/06\/image_20260604120004-U07557384534sum-366x256@diario_abc.png\" class=\"v-a-img\" width=\"258\" height=\"180\" alt=\"La alternativa barata al Galaxy S25: el HONOR Magic7 Pro funciona como gama alta por 600 euros\"\/><br \/>\n<\/a><\/p>\n<p>Alejandra Santisteban Guiu<\/p>\n<\/li>\n<li class=\"v-cmp-rld__l\">\n<p><a class=\"v-a-lnk\" href=\"http:\/\/www.abc.es\/favorito\/electronica\/moviles-smartphones\/presume-camara-200-bateria-gigante-miente-realme-20260604074100-nt.html#vtm_modulosEngag=noticiasrelacionadas-cmp-dos:favorito:noticia:2\" title=\"Presume de c\u00e1mara de 200 MP y bater\u00eda gigante y no miente: el realme 16 Pro Plus es una bestia\" data-voc-vtm-id=\"in-text-traffic\" rel=\"nofollow noopener\" target=\"_blank\"><br \/>\n<img decoding=\"async\" loading=\"lazy\" src=\"https:\/\/www.europesays.com\/es\/wp-content\/uploads\/2026\/06\/realme 16 Pro Plus 5G  (1)-U40574423780USx-366x256@diario_abc.jpg\" class=\"v-a-img\" width=\"258\" height=\"180\" alt=\"Presume de c\u00e1mara de 200 MP y bater\u00eda gigante y no miente: el realme 16 Pro Plus es una bestia\"\/><br \/>\n<\/a><\/p>\n<p>Teresa Rodr\u00edguez Garc\u00eda<\/p>\n<\/li>\n<\/ul>\n<p class=\"v-d-p\" style=\"\">En la secci\u00f3n <a href=\"https:\/\/www.abc.es\/favorito\/\" target=\"_blank\" data-voc-vtm-id=\"in-text-traffic\" class=\"monetise\" title=\"Favorito de ABC\" data-mrf-link=\"www.abc.es\" rel=\"nofollow noopener\">Favorito de ABC<\/a> se pueden encontrar m\u00e1s ofertas y gangas como esta para equipar tu casa o renovar tu tecnolog\u00eda con criterio y ahorro.<\/p>\n","protected":false},"excerpt":{"rendered":"11\/06\/2026 Actualizado 12\/06\/2026 &#8211; 12:15h. Hay una cifra en la ficha del POCO X8 Pro Max que cuesta&hellip;\n","protected":false},"author":2,"featured_media":602543,"comment_status":"","ping_status":"","sticky":false,"template":"","format":"standard","meta":{"footnotes":""},"categories":[81],"tags":[2136,3250,119,123,124,25,24,24698,2291,2750,10540,659,14765,11671,11237,117,121,122,23,118,120,1720,14272],"class_list":["post-602542","post","type-post","status-publish","format-standard","has-post-thumbnail","category-ciencia-y-tecnologia","tag-buena","tag-camara","tag-ciencia","tag-ciencia-y-tecnologia","tag-cienciaytecnologia","tag-es","tag-espana","tag-gama","tag-max","tag-media","tag-movil","tag-poco","tag-potente","tag-pro","tag-rapido","tag-science","tag-science-and-technology","tag-scienceandtechnology","tag-spain","tag-technology","tag-tecnologia","tag-top","tag-vale"],"share_on_mastodon":{"url":"https:\/\/pubeurope.com\/@es\/116737967613597008","error":""},"_links":{"self":[{"href":"https:\/\/www.europesays.com\/es\/wp-json\/wp\/v2\/posts\/602542","targetHints":{"allow":["GET"]}}],"collection":[{"href":"https:\/\/www.europesays.com\/es\/wp-json\/wp\/v2\/posts"}],"about":[{"href":"https:\/\/www.europesays.com\/es\/wp-json\/wp\/v2\/types\/post"}],"author":[{"embeddable":true,"href":"https:\/\/www.europesays.com\/es\/wp-json\/wp\/v2\/users\/2"}],"replies":[{"embeddable":true,"href":"https:\/\/www.europesays.com\/es\/wp-json\/wp\/v2\/comments?post=602542"}],"version-history":[{"count":0,"href":"https:\/\/www.europesays.com\/es\/wp-json\/wp\/v2\/posts\/602542\/revisions"}],"wp:featuredmedia":[{"embeddable":true,"href":"https:\/\/www.europesays.com\/es\/wp-json\/wp\/v2\/media\/602543"}],"wp:attachment":[{"href":"https:\/\/www.europesays.com\/es\/wp-json\/wp\/v2\/media?parent=602542"}],"wp:term":[{"taxonomy":"category","embeddable":true,"href":"https:\/\/www.europesays.com\/es\/wp-json\/wp\/v2\/categories?post=602542"},{"taxonomy":"post_tag","embeddable":true,"href":"https:\/\/www.europesays.com\/es\/wp-json\/wp\/v2\/tags?post=602542"}],"curies":[{"name":"wp","href":"https:\/\/api.w.org\/{rel}","templated":true}]}}