{"id":602969,"date":"2026-06-12T21:00:21","date_gmt":"2026-06-12T21:00:21","guid":{"rendered":"https:\/\/www.europesays.com\/es\/602969\/"},"modified":"2026-06-12T21:00:21","modified_gmt":"2026-06-12T21:00:21","slug":"alava-planta-cara-a-los-mitos-sobre-el-protector-solar-ante-el-aumento-del-melanoma","status":"publish","type":"post","link":"https:\/\/www.europesays.com\/es\/602969\/","title":{"rendered":"\u00c1lava planta cara a los mitos sobre el protector solar ante el aumento del melanoma"},"content":{"rendered":"<p>Con motivo del D\u00eda Europeo de Prevenci\u00f3n del C\u00e1ncer de Piel, que se celebra este s\u00e1bado, 13 de junio, el Colegio de Farmac\u00e9uticos de \u00c1lava, el Colegio de \u00d3pticos-Optometristas y la Asociaci\u00f3n Contra el C\u00e1ncer en \u00c1lava vuelven a unir fuerzas para informar sobre la importancia de la fotoprotecci\u00f3n como &#8230;            &#13;\n        <\/p>\n<p>Con motivo del <strong>D\u00eda Europeo de Prevenci\u00f3n del C\u00e1ncer de Piel<\/strong>, que se celebra este s\u00e1bado, 13 de junio, el <strong>Colegio de Farmac\u00e9uticos de \u00c1lava<\/strong>, el <strong>Colegio de \u00d3pticos-Optometristas<\/strong> y la <strong>Asociaci\u00f3n Contra el C\u00e1ncer en \u00c1lava<\/strong> vuelven a unir fuerzas para informar sobre la importancia de la fotoprotecci\u00f3n como principal medida para prevenir el c\u00e1ncer de piel. En esta ocasi\u00f3n, las tres entidades quieren centrar sus esfuerzos en desmontar los bulos que circulan en redes sociales cuestionando el uso de cremas solares y minimizando el da\u00f1o que causa la sobreexposici\u00f3n solar.<\/p>\n<p>Con el fin de seguir sensibilizando a la poblaci\u00f3n sobre la importancia de protegerse del sol, no solo en la piscina y en la playa, sino en la actividad diaria, la Asociaci\u00f3n Contra el C\u00e1ncer en \u00c1lava, el Colegio de Farmac\u00e9uticos de \u00c1lava y el Colegio de \u00d3pticos-Optometristas han presentado la <strong>Campa\u00f1a de Prevenci\u00f3n Solar<\/strong>. En la rueda de prensa realizada en el Parque de La Florida han estado presentes <strong>Milagros L\u00f3pez de Oc\u00e1riz<\/strong>, presidenta del Colegio de Farmac\u00e9uticos de \u00c1lava; <strong>M\u00f3nica Moreno<\/strong>, gerente de la Asociaci\u00f3n Contra el C\u00e1ncer en \u00c1lava, y <strong>Jos\u00e9 Luis S\u00e1ez Presa<\/strong>, delegado de \u00c1lava del Colegio de \u00d3pticos-Optometristas.<\/p>\n<p>El <strong>c\u00e1ncer de piel<\/strong> es uno de los tumores m\u00e1s frecuentes y tambi\u00e9n uno de los m\u00e1s prevenibles. \u00abSe sabe que el principal factor de riesgo para estos c\u00e1nceres es evitable, y est\u00e1 relacionado con las radiaciones ultravioletas, en su mayor parte procedentes de la exposici\u00f3n solar excesiva. Es muy importante tomar conciencia de la importancia de establecer las adecuadas medidas de prevenci\u00f3n: evitar la exposici\u00f3n solar intensa, protegerse la piel y usar cremas fotoprotectoras siempre que estemos al aire libre, y en cualquier \u00e9poca del a\u00f1o\u00bb, explica M\u00f3nica Moreno, quien recuerda que la piel tiene memoria. La evidencia cient\u00edfica y dermatol\u00f3gica confirma que sufrir cinco o m\u00e1s quemaduras solares graves a lo largo de la vida duplica el riesgo de desarrollar un melanoma.<\/p>\n<p>Por su parte, Milagros L\u00f3pez de Ocariz ha insistido en que \u00ablos protectores solares de amplio espectro son una de las medidas recomendadas por organismos internacionales como la Organizaci\u00f3n Mundial de la Salud para prevenir el c\u00e1ncer de piel, incluido el melanoma\u00bb. L\u00f3pez de Oc\u00e1riz ha recordado que \u00ablos fotoprotectores nos protegen de la radiaci\u00f3n ultravioleta y previenen de las quemaduras y el da\u00f1o celular que provocan en la piel. Deben incorporarse a la rutina diaria y cumplir una serie de requisitos que los hagan eficaces, seguros y comprometidos con el medio ambiente\u00bb.<\/p>\n<p>A su vez, Jos\u00e9 Luis S\u00e1ez Presa ha recordado que <strong>la protecci\u00f3n de los ojos con las gafas adecuadas es clave<\/strong>. \u00abLa labor de los \u00f3pticos optometristas, como profesionales de atenci\u00f3n primaria en los establecimientos sanitarios de \u00f3ptica, no es solo vender un producto, sino evaluar la salud del sistema visual y prescribir la soluci\u00f3n m\u00e1s adecuada\u00bb, se\u00f1ala.<\/p>\n<p><strong>Aumentan los bulos y los casos de melanoma<\/strong><\/p>\n<p>El c\u00e1ncer de piel se divide en dos grupos principales: <strong>carcinomas<\/strong> y <strong>melanomas<\/strong>. Los melanomas son muy agresivos y en los \u00faltimos cuatro a\u00f1os se ha producido un incremento de estos de un 40%, seg\u00fan datos de 2023 de la Asociaci\u00f3n de Dermatolog\u00eda y Venereolog\u00eda. Entre las causas de este incremento se encuentran, el mayor diagn\u00f3stico de lesiones respecto a hace unos a\u00f1os, <strong>un aumento de las actividades de ocio al aire libre<\/strong> y <strong>el bronceado como ideal est\u00e9tico<\/strong>. En Euskadi, en 2023 se detectaron 433 nuevos casos de melanoma, seg\u00fan el sistema de Informaci\u00f3n de Epidemiol\u00f3gica de C\u00e1ncer de Espa\u00f1a (SIEC).<\/p>\n<p>El principal factor de riesgo para el c\u00e1ncer de piel es la <strong>radiaci\u00f3n ultravioleta<\/strong> (UV), en su mayor parte procedente de la exposici\u00f3n solar excesiva. Es un c\u00e1ncer que se puede prevenir con determinadas conductas y acciones. De ah\u00ed, la colaboraci\u00f3n de los Colegios de Farmac\u00e9uticos y de \u00d3pticos-Optometristas de \u00c1lava desde hace varios a\u00f1os con la Asociaci\u00f3n Contra el C\u00e1ncer en esta campa\u00f1a de prevenci\u00f3n, con el fin de difundir recomendaciones, y promocionar el uso de fotoprotectores adecuados.<\/p>\n<p>Son ejemplos de bulos, la recomendaci\u00f3n de exponerse al sol sin protecci\u00f3n, el <strong>d\u00e9ficit en vitamina D con el empleo de fotoprotector<\/strong> y el rechazo al uso de fotoprotectores. Estas afirmaciones, realizadas por algunas personas p\u00fablicas e influencers, carecen de toda evidencia cient\u00edfica e influyen de manera negativa en la labor de educaci\u00f3n y promoci\u00f3n de la salud que se viene realizando desde hace mucho tiempo.<\/p>\n<p>\u00abEl mito del callo solar es muy peligroso porque cualquier bronceado adquirido por exposici\u00f3n al sol es reflejo de un da\u00f1o en las c\u00e9lulas de nuestra piel. Broncearse es una respuesta que tienen las c\u00e9lulas al crear m\u00e1s melanina como respuesta a un da\u00f1o a su material gen\u00e9tico\u00bb, se\u00f1alan desde el Colegio de Farmac\u00e9uticos y la Asociaci\u00f3n Contra el C\u00e1ncer en \u00c1lava. \u00abAnte cualquier v\u00eddeo o tendencia en redes sociales, la recomendaci\u00f3n oficial es siempre informarse en la consulta del \u00f3ptico-optometrista que le podr\u00e1 aconsejar y asesorar de la soluci\u00f3n m\u00e1s adecuada\u00bb, asegura S\u00e1ez Presa.<\/p>\n<p><strong>Algunos consejos<\/strong><\/p>\n<p>El consejo profesional es el mejor aliado para luchar contra estos bulos. As\u00ed, desde las farmacias se presta un <strong>asesoramiento espec\u00edfico<\/strong>. \u00abEl paciente llega a la farmacia con dudas mezcladas y mitos ya interiorizados. Y aqu\u00ed los farmac\u00e9uticos tenemos un valor diferencial frente a los llamados &#8216;influencers&#8217; basado en la cercan\u00eda, accesibilidad, la escucha y el conocimiento cient\u00edfico\u00bb, apunta Milagros L\u00f3pez de Oc\u00e1riz.<\/p>\n<p>Desde el Colegio de Farmac\u00e9uticos se recuerda la importancia de seguir siempre las recomendaciones basadas en la evidencia cient\u00edfica. Para una adecuada protecci\u00f3n frente al sol, se recomienda <strong>utilizar protectores solares de amplio espectro<\/strong>, que protejan tanto frente a la radiaci\u00f3n UVA como UVB, con un factor de protecci\u00f3n solar (SPF) de 30 o superior. Adem\u00e1s, es importante aplicar el fotoprotector unos 15 minutos antes de la exposici\u00f3n al sol y renovarlo cada dos horas, as\u00ed como despu\u00e9s del ba\u00f1o o de una sudoraci\u00f3n intensa.<\/p>\n<p>Por su parte, la Asociaci\u00f3n Contra el C\u00e1ncer en \u00c1lava recuerda que conviene <strong>examinar la piel regularmente<\/strong> y vigilar posibles asimetr\u00edas, bordes irregulares, cambios de color, tama\u00f1o y evoluci\u00f3n de los lunares\/manchas. En lo que respecta a la protecci\u00f3n ocular, el delegado en \u00c1lava del Colegio de \u00d3pticos-Optometristas, Jos\u00e9 Luis S\u00e1ez Presa, ha advertido que \u00abla realidad cient\u00edfica demuestra la importancia de la gafa de sol graduada, que al incorporar filtro ultravioleta ofrece una protecci\u00f3n todav\u00eda mayor para la salud ocular\u00bb.<\/p>\n<p><strong>Promoci\u00f3n de la salud<\/strong><\/p>\n<p>La Asociaci\u00f3n Contra el C\u00e1ncer en \u00c1lava junto con los farmac\u00e9uticos alaveses difundir\u00e1n estos consejos en varias <strong>mesas informativas<\/strong> ubicadas en las piscinas de Gamarra, Mendizorroza, Estadio y Bakh, as\u00ed como en las de Llodio, Amurrio y Agurain. Este verano adem\u00e1s tambi\u00e9n se llevar\u00e1 la campa\u00f1a de prevenci\u00f3n solar a los campus de verano de Fundaci\u00f3n Baskonia Alav\u00e9s, Bakh y udalekus de Agurain, entre otros. En estos puntos de informaci\u00f3n estar\u00e1 disponible una m\u00e1quina capaz de <strong>medir la cantidad de protecci\u00f3n UV<\/strong>, la absorci\u00f3n de luz que tienen los cristales de las gafas y la protecci\u00f3n contra la luz infrarroja de dichos cristales.<\/p>\n","protected":false},"excerpt":{"rendered":"Con motivo del D\u00eda Europeo de Prevenci\u00f3n del C\u00e1ncer de Piel, que se celebra este s\u00e1bado, 13 de&hellip;\n","protected":false},"author":2,"featured_media":602970,"comment_status":"","ping_status":"","sticky":false,"template":"","format":"standard","meta":{"footnotes":""},"categories":[92],"tags":[3935,7554,5609,23659,658,1066,2608,42658,1576,2912,25,24,67541,165,6241,13089,113218,113219,1605,597,2032,44056,84741,6436,1516,166,5653,23],"class_list":["post-602969","post","type-post","status-publish","format-standard","has-post-thumbnail","category-salud","tag-alava","tag-asociacion","tag-aumento","tag-bulos","tag-campana","tag-cancer","tag-cara","tag-colegio","tag-consejo","tag-desmonta","tag-es","tag-espana","tag-farmaceuticos","tag-health","tag-melanoma","tag-mitos","tag-opticos","tag-optometristas","tag-planta","tag-prevencion","tag-profesional","tag-promueve","tag-protector","tag-provincia","tag-refuerzan","tag-salud","tag-solar","tag-spain"],"share_on_mastodon":{"url":"https:\/\/pubeurope.com\/@es\/116739154081987074","error":""},"_links":{"self":[{"href":"https:\/\/www.europesays.com\/es\/wp-json\/wp\/v2\/posts\/602969","targetHints":{"allow":["GET"]}}],"collection":[{"href":"https:\/\/www.europesays.com\/es\/wp-json\/wp\/v2\/posts"}],"about":[{"href":"https:\/\/www.europesays.com\/es\/wp-json\/wp\/v2\/types\/post"}],"author":[{"embeddable":true,"href":"https:\/\/www.europesays.com\/es\/wp-json\/wp\/v2\/users\/2"}],"replies":[{"embeddable":true,"href":"https:\/\/www.europesays.com\/es\/wp-json\/wp\/v2\/comments?post=602969"}],"version-history":[{"count":0,"href":"https:\/\/www.europesays.com\/es\/wp-json\/wp\/v2\/posts\/602969\/revisions"}],"wp:featuredmedia":[{"embeddable":true,"href":"https:\/\/www.europesays.com\/es\/wp-json\/wp\/v2\/media\/602970"}],"wp:attachment":[{"href":"https:\/\/www.europesays.com\/es\/wp-json\/wp\/v2\/media?parent=602969"}],"wp:term":[{"taxonomy":"category","embeddable":true,"href":"https:\/\/www.europesays.com\/es\/wp-json\/wp\/v2\/categories?post=602969"},{"taxonomy":"post_tag","embeddable":true,"href":"https:\/\/www.europesays.com\/es\/wp-json\/wp\/v2\/tags?post=602969"}],"curies":[{"name":"wp","href":"https:\/\/api.w.org\/{rel}","templated":true}]}}