{"id":602982,"date":"2026-06-12T21:17:11","date_gmt":"2026-06-12T21:17:11","guid":{"rendered":"https:\/\/www.europesays.com\/es\/602982\/"},"modified":"2026-06-12T21:17:11","modified_gmt":"2026-06-12T21:17:11","slug":"jose-maria-pina-gana-en-burguillos-del-cerro-y-es-el-primer-lider-de-la-vuelta-a-extremadura-2026-esciclismo","status":"publish","type":"post","link":"https:\/\/www.europesays.com\/es\/602982\/","title":{"rendered":"Jos\u00e9 Mar\u00eda Pina gana en Burguillos del Cerro y es el primer l\u00edder de la Vuelta a Extremadura 2026 &#8211; Esciclismo"},"content":{"rendered":"<ol>\n<li><a href=\"https:\/\/news.google.com\/rss\/articles\/CBMiakFVX3lxTE9WSVdMbTh6U3JmYzlfU3JOX2ZqcG9BSUYxQktlQmgxOFNqVzVqYW9fTk1yRXFrT3JVaVZLY3BsanBEMktKUTM5b2VKRFViMkZEa2NWVkRrUjNYbjhkM1pSWFl3UGFtNTl4M3c?oc=5\" target=\"_blank\" rel=\"nofollow noopener\">Jos\u00e9 Mar\u00eda Pina gana en Burguillos del Cerro y es el primer l\u00edder de la Vuelta a Extremadura 2026<\/a>&nbsp;&nbsp;Esciclismo<\/li>\n<li><a href=\"https:\/\/news.google.com\/rss\/articles\/CBMiqgFBVV95cUxPR29TVmlZMUEzR0FHMFV3WnN2eFhwTHdhQlIyQnpCU2NveHd5VDlsYmZuRFBsOWVfczE5cEJmOGpPWURyUW1rUl9QMTdHeE5EUkJrRzZjMjQyR0F5eG13SFZKN1B2cDZCR1djZGV5bmVqSk5sUjlwLUtVR0RGV3Zkb0hnZDRXajdNeUk4UlB5NVVpcWRjaXdOTEkxNDI3ZjF6cjFSQTlReEFjZw?oc=5\" target=\"_blank\" rel=\"nofollow noopener\">Jos\u00e9 Mar\u00eda Pino se viste de l\u00edder de la Vuelta a Extremadura<\/a>&nbsp;&nbsp;Hoy<\/li>\n<li><a href=\"https:\/\/news.google.com\/rss\/articles\/CBMiwAFBVV95cUxQbV96TU1yU2pjV3RuZUNBQnZYNW9MVllaaFRKQ3MxTmtkb0RKOHEtRWNvT1B0ZDRIZFRDYkRmblZDaGloQld6eWdvbmlsd0k5UjU5ZVg3dGgxWHF6Sjh5Rl9waFV1MmdWSGd6ZkhVcjM4dEttdTNyMV92OHp3RDdqN0lYRlYweTBkR3dFejVoMWEyUUlSbWNhZFZjdEFfSjNzd21DV0ZNSmc3WTV0ZHVNbmJQd0Q0RHhla2ZHRXQtRUY?oc=5\" target=\"_blank\" rel=\"nofollow noopener\">El extreme\u00f1o Iker P\u00e9rez parte como uno de los favoritos en la Vuelta a Extremadura<\/a>&nbsp;&nbsp;Canal Extremadura<\/li>\n<li><a href=\"https:\/\/news.google.com\/rss\/articles\/CBMi5gFBVV95cUxQblhzcUJWQ0xrZVdVRWJPdVNRMzIyVXd2RWNFcE1HTlFYSG5zdTVXQ2V4Z2RNVi1Cai1fNFJseGVJVTNYaGdCcFFzTXhjVWQ5UXJBWFpfbUpfYXExZ3RmazlweG1KRHd0MjJNbXFVYzhQQW9YNm9FS1N4dzItem4zVjZ5MGVtRnNHTWh6YWQwV1BKMURobVQ2QjkwRkcxRFhHa19SYzRLM2diYllJVkRQX3NEMEVfM1VfbGY2UERIRXlDbW5QZV81bHNVS0xfLXYyNm9YS0xUMVRFOWpOZUNnUkdxV1Z5QQ?oc=5\" target=\"_blank\" rel=\"nofollow noopener\">Jos\u00e9 Mar\u00eda Pina se impone al sprint en la primera etapa de la Vuelta Ciclista a Extremadura \u00c9lite y Sub-23<\/a>&nbsp;&nbsp;Europa Press<\/li>\n<li><a href=\"https:\/\/news.google.com\/rss\/articles\/CBMitwFBVV95cUxNdGhNWWsxek0xYlpIenZDdmNJOG9Gblk2anlQSHBFeHBPczhscWYzckVfcG5xdzJIV0hlRV9DS25VMzR3anlFMkJRSEhHV1RhcDdyZ3diZ0NBdnRJRWlKNHNLdWtuRHhLdEVONlg5ZS0xS3Y4eFFyd3l5OXkyM1hmZXYwWmY4QXF2bWsydTd2aXZuWW1ybE5jS3V5Y0UwRGRkeEN2bmNJd3NSQVA2eHdmcXZfVXgyTUnSAbwBQVVfeXFMT01jQmxwN0tKN1BCanc3eVBFYy1qbEp3b3JlRUdnakNBZUE2RWtCR1VVSy1hNV9TTFVtcG96ZXpUUHdweHRVd3RXM0V6VTdGUEJ2anhVRnhhZkhieVMxTzJNVHdqLUUzQ2J5SHBQb3I1MDdkYkFoWlk2WGRNanB3d3d5bzZHZE5yUVNnMkhnenNtek0yUnk4QnNNeEtpT2xFaFNuT3BIbjF3WDFJd2lWcHBfN0RrVVdDOHJ6SWY?oc=5\" target=\"_blank\" rel=\"nofollow noopener\">M\u00e1xima ilusi\u00f3n del Pebetero en la Vuelta a Extremadura<\/a>&nbsp;&nbsp;El Peri\u00f3dico Extremadura<\/li>\n<\/ol>\n","protected":false},"excerpt":{"rendered":"Jos\u00e9 Mar\u00eda Pina gana en Burguillos del Cerro y es el primer l\u00edder de la Vuelta a Extremadura&hellip;\n","protected":false},"author":2,"featured_media":602983,"comment_status":"","ping_status":"","sticky":false,"template":"","format":"standard","meta":{"footnotes":""},"categories":[273],"tags":[113222,111238,113223,12528,313,1757,7481,113224,75731,312,168,7368,158,1755,25,24,314,7234,19590,14269,10165,2467,5215,5564,1932,9226,54928,977,1078,41922,68442,9251,57,23,167,3596,4039,24795,381,1357],"class_list":["post-602982","post","type-post","status-publish","format-standard","has-post-thumbnail","category-ciclismo","tag-aluminios","tag-azuaga","tag-burguillos","tag-cerro","tag-ciclismo","tag-ciclista","tag-convertido","tag-corr","tag-cortizo","tag-cycling","tag-deportes","tag-disputada","tag-el","tag-elite","tag-es","tag-espana","tag-etapa","tag-extremadura","tag-extremena","tag-favor","tag-impuesto","tag-jose","tag-kilometros","tag-lider","tag-maria","tag-murciano","tag-pina","tag-primer","tag-primera","tag-reducido","tag-resolvio","tag-ronda","tag-sobre","tag-spain","tag-sports","tag-sprint","tag-sub","tag-treintena","tag-viernes","tag-vuelta"],"share_on_mastodon":{"url":"https:\/\/pubeurope.com\/@es\/116739220919758165","error":""},"_links":{"self":[{"href":"https:\/\/www.europesays.com\/es\/wp-json\/wp\/v2\/posts\/602982","targetHints":{"allow":["GET"]}}],"collection":[{"href":"https:\/\/www.europesays.com\/es\/wp-json\/wp\/v2\/posts"}],"about":[{"href":"https:\/\/www.europesays.com\/es\/wp-json\/wp\/v2\/types\/post"}],"author":[{"embeddable":true,"href":"https:\/\/www.europesays.com\/es\/wp-json\/wp\/v2\/users\/2"}],"replies":[{"embeddable":true,"href":"https:\/\/www.europesays.com\/es\/wp-json\/wp\/v2\/comments?post=602982"}],"version-history":[{"count":0,"href":"https:\/\/www.europesays.com\/es\/wp-json\/wp\/v2\/posts\/602982\/revisions"}],"wp:featuredmedia":[{"embeddable":true,"href":"https:\/\/www.europesays.com\/es\/wp-json\/wp\/v2\/media\/602983"}],"wp:attachment":[{"href":"https:\/\/www.europesays.com\/es\/wp-json\/wp\/v2\/media?parent=602982"}],"wp:term":[{"taxonomy":"category","embeddable":true,"href":"https:\/\/www.europesays.com\/es\/wp-json\/wp\/v2\/categories?post=602982"},{"taxonomy":"post_tag","embeddable":true,"href":"https:\/\/www.europesays.com\/es\/wp-json\/wp\/v2\/tags?post=602982"}],"curies":[{"name":"wp","href":"https:\/\/api.w.org\/{rel}","templated":true}]}}