{"id":603006,"date":"2026-06-12T21:32:18","date_gmt":"2026-06-12T21:32:18","guid":{"rendered":"https:\/\/www.europesays.com\/es\/603006\/"},"modified":"2026-06-12T21:32:18","modified_gmt":"2026-06-12T21:32:18","slug":"este-es-el-puesto-de-espana-en-el-indice-de-paz-global-estos-son-los-paises-mas-seguros-y-mas-inseguros-del-mundo","status":"publish","type":"post","link":"https:\/\/www.europesays.com\/es\/603006\/","title":{"rendered":"Este es el puesto de Espa\u00f1a en el \u00cdndice de Paz Global: estos son los pa\u00edses m\u00e1s seguros y m\u00e1s inseguros del mundo"},"content":{"rendered":"<p class=\"c-paragraph\">El\u00a0Instituto para la Econom\u00eda y la Paz (IEP) ha publicado esta semana\u00a0el <a href=\"https:\/\/www.visionofhumanity.org\/wp-content\/uploads\/2026\/06\/Global-Peace-Index-2026-Report.pdf\" rel=\"nofollow noreferrer noopener\" title=\"\u00cdndice de Paz Global 2026\" target=\"_blank\">\u00cdndice de Paz Global 2026<\/a>, y en \u00e9l, se constata que la situaci\u00f3n general<b> ha empeorado en todo el planeta <\/b>en el \u00faltimo a\u00f1o.<\/p>\n<p class=\"c-paragraph\">El \u00cdndice constata que \u00abel mundo ha continuado su trayectoria de larga data de deterioro de la paz, siendo el conflicto armado el principal motor de este declive\u00bb y a\u00f1ade que actualmente hay m\u00e1s conflictos estatales activos que en cualquier otro momento<b> desde el final de la Segunda Guerra Mundial.<\/b><\/p>\n<p class=\"c-paragraph\">El n\u00famero de pa\u00edses involucrados en conflictos externos casi se ha duplicado desde 2008.\u00a0Los pa\u00edses se clasifican en funci\u00f3n de indicadores como<b> las muertes por conflictos internos<\/b>, las relaciones con los pa\u00edses vecinos y la financiaci\u00f3n de las operaciones de mantenimiento de la paz de la ONU.<\/p>\n<p class=\"c-paragraph\">En el \u00cdndice de este a\u00f1o, <b>Espa\u00f1a ocupa en esta ocasi\u00f3n el puesto 27<\/b>, por delante de pa\u00edses como Alemania. En el \u00edndice del a\u00f1o anterior, el puesto de Espa\u00f1a era similar: el 25.\u00a0<\/p>\n<p class=\"c-paragraph\">En cuanto a los pa\u00edses m\u00e1s seguros, repite <b>Islandia<\/b> en el primer puesto, seguida de<b> Nueva Zelanda, Suiza, Eslovenia e Irlanda<\/b>. En la cola, est\u00e1n <b>Israel, Ucrania, Rep\u00fablica Democr\u00e1tica del Congo, Sud\u00e1n y Rusia.<\/b><\/p>\n<p class=\"c-paragraph\"><b>Esta es la lista de los 30 pa\u00edses m\u00e1s seguros:<\/b><\/p>\n<p class=\"c-paragraph\"><b\/>1. Islandia<\/p>\n<p class=\"c-paragraph\">2. Nueva Zelanda<\/p>\n<p class=\"c-paragraph\">3. Suiza<\/p>\n<p class=\"c-paragraph\">4. Eslovenia<\/p>\n<p class=\"c-paragraph\">5. Irlanda<\/p>\n<p class=\"c-paragraph\">6. Austria<\/p>\n<p class=\"c-paragraph\">7. Portugal<\/p>\n<p class=\"c-paragraph\">8. Singapur<\/p>\n<p class=\"c-paragraph\">9. Finlandia<\/p>\n<p class=\"c-paragraph\">10. Jap\u00f3n<\/p>\n<p class=\"c-paragraph\">11. Dinamarca<\/p>\n<p class=\"c-paragraph\">12. Malasia<\/p>\n<p class=\"c-paragraph\">13. Rep\u00fablica Checa<\/p>\n<p class=\"c-paragraph\">14. Canad\u00e1<\/p>\n<p class=\"c-paragraph\">15. Hungr\u00eda<\/p>\n<p class=\"c-paragraph\">16. But\u00e1n<\/p>\n<p class=\"c-paragraph\">17. Pa\u00edses Bajos<\/p>\n<p class=\"c-paragraph\">18. Mauricio<\/p>\n<p class=\"c-paragraph\">19. Letonia<\/p>\n<p class=\"c-paragraph\">20. Australia<\/p>\n<p class=\"c-paragraph\">21. B\u00e9lgica<\/p>\n<p class=\"c-paragraph\">22. Polonia<\/p>\n<p class=\"c-paragraph\">23. Croacia<\/p>\n<p class=\"c-paragraph\">24. Lituania<\/p>\n<p class=\"c-paragraph\">25. Estonia<\/p>\n<p class=\"c-paragraph\">26. Bulgaria<\/p>\n<p class=\"c-paragraph\">27. Espa\u00f1a<\/p>\n<p class=\"c-paragraph\">28. Alemania<\/p>\n<p class=\"c-paragraph\">29. Eslovaquia<\/p>\n<p class=\"c-paragraph\">30. Montenegro<\/p>\n<p class=\"c-paragraph\"><b>Estos son los pa\u00edses m\u00e1s inseguros:<\/b><\/p>\n<p class=\"c-paragraph\">133. Venezuela<\/p>\n<p class=\"c-paragraph\">134. Estados Unidos\u00a0<\/p>\n<p class=\"c-paragraph\">135. Ecuador<\/p>\n<p class=\"c-paragraph\">136. Turqu\u00eda<\/p>\n<p class=\"c-paragraph\">137. Camer\u00fan<\/p>\n<p class=\"c-paragraph\">138. Etiop\u00eda<\/p>\n<p class=\"c-paragraph\">139. M\u00e9xico<\/p>\n<p class=\"c-paragraph\">140. Irak<\/p>\n<p class=\"c-paragraph\">141. Colombia<\/p>\n<p class=\"c-paragraph\">142. Hait\u00ed<\/p>\n<p class=\"c-paragraph\">143. Nigeria<\/p>\n<p class=\"c-paragraph\">144. Ir\u00e1n<\/p>\n<p class=\"c-paragraph\">145. Chad<\/p>\n<p class=\"c-paragraph\">146. N\u00edger<\/p>\n<p class=\"c-paragraph\">147. Corea del Norte<\/p>\n<p class=\"c-paragraph\">148. Palestina<\/p>\n<p class=\"c-paragraph\">149. Burkina Faso<\/p>\n<p class=\"c-paragraph\">150. Rep\u00fablica Centroafricana<\/p>\n<p class=\"c-paragraph\">151. Myanmar<\/p>\n<p class=\"c-paragraph\">152. Pakist\u00e1n<\/p>\n<p class=\"c-paragraph\">153. Somalia<\/p>\n<p class=\"c-paragraph\">154. Mal\u00ed<\/p>\n<p class=\"c-paragraph\">155. Siria<\/p>\n<p class=\"c-paragraph\">156. Yemen<\/p>\n<p class=\"c-paragraph\">157. Afganist\u00e1n<\/p>\n<p class=\"c-paragraph\">158. Sud\u00e1n del Sur<\/p>\n<p class=\"c-paragraph\">159. Israel<\/p>\n<p class=\"c-paragraph\">160. Ucrania<\/p>\n<p class=\"c-paragraph\">161. Rep\u00fablica Democr\u00e1tica del Congo<\/p>\n<p class=\"c-paragraph\">162. Sud\u00e1n<\/p>\n<p class=\"c-paragraph\">163. Rusia<\/p>\n","protected":false},"excerpt":{"rendered":"El\u00a0Instituto para la Econom\u00eda y la Paz (IEP) ha publicado esta semana\u00a0el \u00cdndice de Paz Global 2026, y&hellip;\n","protected":false},"author":2,"featured_media":603007,"comment_status":"","ping_status":"","sticky":false,"template":"","format":"standard","meta":{"footnotes":""},"categories":[42],"tags":[17,18,25,24,7179,13,14,11,20793,61,62,63,64,19,20,9,10,15,16,3576,12,21,22,65,66,67],"class_list":["post-603006","post","type-post","status-publish","format-standard","has-post-thumbnail","category-internacional","tag-breaking-news","tag-breakingnews","tag-es","tag-espana","tag-este","tag-featured-news","tag-featurednews","tag-headlines","tag-indice","tag-internacional","tag-international","tag-international-news","tag-internationalnews","tag-latest-news","tag-latestnews","tag-news","tag-noticias","tag-noticias-destacadas","tag-noticiasdestacadas","tag-puesto","tag-titulares","tag-ultimas-noticias","tag-ultimasnoticias","tag-world","tag-world-news","tag-worldnews"],"share_on_mastodon":{"url":"https:\/\/pubeurope.com\/@es\/116739293172443891","error":""},"_links":{"self":[{"href":"https:\/\/www.europesays.com\/es\/wp-json\/wp\/v2\/posts\/603006","targetHints":{"allow":["GET"]}}],"collection":[{"href":"https:\/\/www.europesays.com\/es\/wp-json\/wp\/v2\/posts"}],"about":[{"href":"https:\/\/www.europesays.com\/es\/wp-json\/wp\/v2\/types\/post"}],"author":[{"embeddable":true,"href":"https:\/\/www.europesays.com\/es\/wp-json\/wp\/v2\/users\/2"}],"replies":[{"embeddable":true,"href":"https:\/\/www.europesays.com\/es\/wp-json\/wp\/v2\/comments?post=603006"}],"version-history":[{"count":0,"href":"https:\/\/www.europesays.com\/es\/wp-json\/wp\/v2\/posts\/603006\/revisions"}],"wp:featuredmedia":[{"embeddable":true,"href":"https:\/\/www.europesays.com\/es\/wp-json\/wp\/v2\/media\/603007"}],"wp:attachment":[{"href":"https:\/\/www.europesays.com\/es\/wp-json\/wp\/v2\/media?parent=603006"}],"wp:term":[{"taxonomy":"category","embeddable":true,"href":"https:\/\/www.europesays.com\/es\/wp-json\/wp\/v2\/categories?post=603006"},{"taxonomy":"post_tag","embeddable":true,"href":"https:\/\/www.europesays.com\/es\/wp-json\/wp\/v2\/tags?post=603006"}],"curies":[{"name":"wp","href":"https:\/\/api.w.org\/{rel}","templated":true}]}}