{"id":603020,"date":"2026-06-12T21:43:16","date_gmt":"2026-06-12T21:43:16","guid":{"rendered":"https:\/\/www.europesays.com\/es\/603020\/"},"modified":"2026-06-12T21:43:16","modified_gmt":"2026-06-12T21:43:16","slug":"el-delantero-del-oviedo-al-que-trato-de-comprar-ramon-lazaro-para-que-no-marcara-no-jugo-ni-un-minuto-del-play-off","status":"publish","type":"post","link":"https:\/\/www.europesays.com\/es\/603020\/","title":{"rendered":"El delantero del Oviedo al que trat\u00f3 de comprar Ram\u00f3n L\u00e1zaro para que no marcara no jug\u00f3 ni un minuto del play off"},"content":{"rendered":"<p>\n        Las conversaciones telef\u00f3nicas interceptadas por la Polic\u00eda <a href=\"https:\/\/www.noticiasdenavarra.com\/sucesos\/2026\/06\/11\/lazaro-play-off-ascenso-oviedo-11187225.html\" title=\"al empresario navarro Ram\u00f3n L\u00e1zaro, propietario del Tudelano y del Ribera de Navarra\" class=\"link copy\" rel=\"nofollow noopener\" target=\"_blank\">al empresario navarro Ram\u00f3n L\u00e1zaro, propietario del Tudelano y del Ribera de Navarra<\/a>, desvela la cercan\u00eda del mandatario con algunos futbolistas que hab\u00edan pasado por las filas de su equipo o por conjuntos cercanos. As\u00ed, uno de ellos es un delantero del Oviedo Vetusta al que promete dinero a cambio de que no marque en la eliminatoria de ascenso contra el equipo ribero. <strong>Se da la circunstancia de que este ariete ni siquiera jug\u00f3 la eliminatoria de ascenso contra el Tudelano y fue suplente en ambos encuentros, sin llegar a saltar al terreno de juego.<\/strong> Tampoco ha jugado la siguiente eliminatoria del Vetusta contra el Coria, donde se ha impuesto el equipo cacere\u00f1o.\n<\/p>\n<p class=\"article-body__text \">\n        Este jugador, que hab\u00eda militado anteriormente en el Ejea, le dice a L\u00e1zaro que no va a hacer nada por perder el encuentro, pero que pueden alcanzar un acuerdo. \u201cJuegue o no juegue, no meto gol a cambio de algo\u201d, le dice el ariete oviedista, que hab\u00eda llegado en el mercado de invierno en calidad de cedido. Y L\u00e1zaro le responde: <strong>\u201cPues t\u00fa dir\u00e1s a cambio de qu\u00e9. Y yo te lo dejo organizado\u201d<\/strong>. A lo que el futbolista a\u00f1ade: \u201cDejarme ganar no me voy a dejar, pero si me das pasta, yo no meto gol\u201d. Y ese hecho, de no marcar ante el Tudelano, lo cifra en 10.000 euros que es lo que le pide al presidente navarro. L\u00e1zaro le dice: <strong>\u201cYo el viernes 5.000 y trato. Y luego vamos a follarnos a unas\u2026. (sic)\u201d.<\/strong> Ambos quedan para verse el viernes, antes del partido del fin de semana. Mantienen el pacto en 5.000 euros y si el ariete no marca, \u201cte devuelvo la pasta\u201d, le dice. L\u00e1zaro insiste en ganar como sea. <strong>\u201cSi me aseguras ganar con dos jugadores o as\u00ed m\u00e1s, te doy 30.000 euros. T\u00fa sabr\u00e1s\u201d<\/strong>.\n<\/p>\n<p class=\"article-body__text \">\n        Para hacer efectivo el supuesto pago pendiente, se implica a otro jugador, ex del Tudelano y que coincidi\u00f3 con el delantero del Oviedo como jugadores ambos del Ejea. Este otro futbolista fue el que puso de inicio en contacto a ambas partes y se ofrece como intermediario para que L\u00e1zaro le d\u00e9 el dinero a \u00e9l y este futbolista se lo lleve al delantero del Oviedo Vetusta, con el que tiene relaci\u00f3n. Ambos jugadores est\u00e1n tambi\u00e9n investigados en el juzgado y figuran en el auto que .<\/p>\n","protected":false},"excerpt":{"rendered":"Las conversaciones telef\u00f3nicas interceptadas por la Polic\u00eda al empresario navarro Ram\u00f3n L\u00e1zaro, propietario del Tudelano y del Ribera&hellip;\n","protected":false},"author":2,"featured_media":603021,"comment_status":"","ping_status":"","sticky":false,"template":"","format":"standard","meta":{"footnotes":""},"categories":[268],"tags":[1410,5030,168,25,24,280,282,1796,11082,281,23,167,9644],"class_list":["post-603020","post","type-post","status-publish","format-standard","has-post-thumbnail","category-futbol","tag-comprar","tag-delantero","tag-deportes","tag-es","tag-espana","tag-football","tag-futbol","tag-oviedo","tag-ramon","tag-soccer","tag-spain","tag-sports","tag-trato"],"share_on_mastodon":{"url":"https:\/\/pubeurope.com\/@es\/116739323241688844","error":""},"_links":{"self":[{"href":"https:\/\/www.europesays.com\/es\/wp-json\/wp\/v2\/posts\/603020","targetHints":{"allow":["GET"]}}],"collection":[{"href":"https:\/\/www.europesays.com\/es\/wp-json\/wp\/v2\/posts"}],"about":[{"href":"https:\/\/www.europesays.com\/es\/wp-json\/wp\/v2\/types\/post"}],"author":[{"embeddable":true,"href":"https:\/\/www.europesays.com\/es\/wp-json\/wp\/v2\/users\/2"}],"replies":[{"embeddable":true,"href":"https:\/\/www.europesays.com\/es\/wp-json\/wp\/v2\/comments?post=603020"}],"version-history":[{"count":0,"href":"https:\/\/www.europesays.com\/es\/wp-json\/wp\/v2\/posts\/603020\/revisions"}],"wp:featuredmedia":[{"embeddable":true,"href":"https:\/\/www.europesays.com\/es\/wp-json\/wp\/v2\/media\/603021"}],"wp:attachment":[{"href":"https:\/\/www.europesays.com\/es\/wp-json\/wp\/v2\/media?parent=603020"}],"wp:term":[{"taxonomy":"category","embeddable":true,"href":"https:\/\/www.europesays.com\/es\/wp-json\/wp\/v2\/categories?post=603020"},{"taxonomy":"post_tag","embeddable":true,"href":"https:\/\/www.europesays.com\/es\/wp-json\/wp\/v2\/tags?post=603020"}],"curies":[{"name":"wp","href":"https:\/\/api.w.org\/{rel}","templated":true}]}}