{"id":603092,"date":"2026-06-12T22:36:16","date_gmt":"2026-06-12T22:36:16","guid":{"rendered":"https:\/\/www.europesays.com\/es\/603092\/"},"modified":"2026-06-12T22:36:16","modified_gmt":"2026-06-12T22:36:16","slug":"como-llega-brasil-al-mundial-2026-asi-esta-en-la-previa-del-partido-de-manana-contra-marruecos","status":"publish","type":"post","link":"https:\/\/www.europesays.com\/es\/603092\/","title":{"rendered":"C\u00f3mo llega Brasil al Mundial 2026: as\u00ed est\u00e1 en la previa del partido de ma\u00f1ana contra Marruecos"},"content":{"rendered":"<p class=\"mb-4 text-lg md:leading-8 break-words\"><a href=\"https:\/\/es-us.noticias.yahoo.com\/deportes\/mundial-2026-selecci%C3%B3n-argentina-complica-010617151.html\" rel=\"nofollow noopener\" data-ylk=\"elm:link;elmt:article_link;slk:El Mundial 2026 ya arranc\u00f3 con todo;itc:0;sec:content-canvas;outcm:mb_qualified_link;_E:mb_qualified_link;ct:story;\" data-yga=\"{&quot;yLinkElement&quot;:&quot;context_link&quot;,&quot;yModuleName&quot;:&quot;content-canvas&quot;,&quot;yLinkText&quot;:&quot;El Mundial 2026 ya arranc\u00f3 con todo&quot;}\" class=\"link  yahoo-link\" target=\"_blank\">El Mundial 2026 ya arranc\u00f3 con todo<\/a> y<b> Brasil<\/b>, uno de los mayores protagonistas de la historia de la competici\u00f3n, se prepara para su debut frente a Marruecos este s\u00e1bado 13 de junio a las 19 (hora argentina). Con sus grandes figuras, la inclusi\u00f3n a \u00faltimo momento de Neymar y la llegada de Carlo Ancelotti a la direcci\u00f3n t\u00e9cnica, hay <b>una gran expectativa sobre c\u00f3mo ser\u00e1 la performance de la Canarinha en el torneo<\/b>.<\/p>\n<p class=\"mb-4 text-lg md:leading-8 break-words\"><a href=\"https:\/\/es-us.noticias.yahoo.com\/deportes\/cu%C3%A1ndo-juega-brasil-vs-marruecos-140000897.html\" rel=\"nofollow noopener\" data-ylk=\"elm:link;elmt:article_link;slk:Brasil debutar\u00e1 en New Jersey ante el sorprendente Marruecos;itc:0;sec:content-canvas;outcm:mb_qualified_link;_E:mb_qualified_link;ct:story;\" data-yga=\"{&quot;yLinkElement&quot;:&quot;context_link&quot;,&quot;yModuleName&quot;:&quot;content-canvas&quot;,&quot;yLinkText&quot;:&quot;Brasil debutar\u00e1 en New Jersey ante el sorprendente Marruecos&quot;}\" class=\"link  yahoo-link\" target=\"_blank\">Brasil debutar\u00e1 en New Jersey ante el sorprendente Marruecos <\/a>en el Grupo C, que completan Hait\u00ed y Escocia. La verdeamarela es <b>la \u00fanica selecci\u00f3n en participar del 100% de los Mundiales de la FIFA y la mayor ganadora con 5 copas<\/b>, por lo que se espera que en esta edici\u00f3n deje su huella una vez m\u00e1s.<\/p>\n<p><img alt=\"La selecci\u00f3n brasile\u00f1a llega con todas sus figuras a la competici\u00f3n (Foto: @brasil)\" loading=\"lazy\" width=\"810\" height=\"1080\" decoding=\"async\" data-nimg=\"1\" class=\"rounded-lg\" style=\"color:transparent\" src=\"https:\/\/www.europesays.com\/es\/wp-content\/uploads\/2026\/06\/66886aaab0d4f212819563d110bf878f.jpeg\"\/><\/p>\n<p>La selecci\u00f3n brasile\u00f1a llega con todas sus figuras a la competici\u00f3n (Foto: @brasil)<\/p>\n<p class=\"mb-4 text-lg md:leading-8 break-words\">En cuanto a lo futbol\u00edstico, <b>la selecci\u00f3n se encuentra en franco ascenso luego de una profunda crisis<\/b> que llev\u00f3 a <a href=\"https:\/\/www.lanacion.com.ar\/estados-unidos\/ancelotti-debuta-en-un-mundial-al-mando-de-un-brasil-que-suena-con-el-hexa-nid12062026\/\" rel=\"nofollow noopener\" target=\"_blank\" data-ylk=\"elm:link;elmt:article_link;slk:contratar a Ancelotti;itc:0;sec:content-canvas\" data-yga=\"{&quot;yLinkElement&quot;:&quot;context_link&quot;,&quot;yModuleName&quot;:&quot;content-canvas&quot;,&quot;yLinkText&quot;:&quot;contratar a Ancelotti&quot;}\" class=\"link \">contratar a Ancelotti<\/a>, que se convirti\u00f3 en el primer entrenador extranjero del equipo. Termin\u00f3 las Eliminatorias Sudamericanas sin que le sobre nada: Argentina qued\u00f3 primera con 38 puntos y <b>Brasil se ubic\u00f3 quinta con 28 puntos, detr\u00e1s de Ecuador, Colombia y Uruguay<\/b>.<\/p>\n<p class=\"mb-4 text-lg md:leading-8 break-words\">Con la llegada del exitoso entrenador italiano, que tiene en su haber cinco Champions League, el conjunto brasile\u00f1o empez\u00f3 a mostrar mejoras que se tradujeron en resultados positivos en los \u00faltimos amistosos previos a la Copa del Mundo. El 6 de junio le gan\u00f3 2 a 1 a Egipto; tambi\u00e9n se impuso 6 a 2 sobre Panam\u00e1, y 3 a 1 sobre Croacia. <b>Perdi\u00f3 un solo amistoso contra Francia 2 a 1 en marzo de este a\u00f1o<\/b>.<\/p>\n<p><img alt=\"Hay una gran expectativa por la actuaci\u00f3n de Neymar en el Mundial (Foto: @brasil)\" loading=\"lazy\" width=\"810\" height=\"1080\" decoding=\"async\" data-nimg=\"1\" class=\"rounded-lg\" style=\"color:transparent\" src=\"https:\/\/www.europesays.com\/es\/wp-content\/uploads\/2026\/06\/ac6b1282ccb6ca470c72f32013f61420.jpeg\"\/><\/p>\n<p>Hay una gran expectativa por la actuaci\u00f3n de Neymar en el Mundial (Foto: @brasil)<\/p>\n<p class=\"mb-4 text-lg md:leading-8 break-words\">Una de las mayores inc\u00f3gnitas de este equipo es <a href=\"https:\/\/www.lanacion.com.ar\/estados-unidos\/neymar-se-siente-como-un-chico-en-el-que-sera-su-ultimo-mundial-nid09062026\/\" rel=\"nofollow noopener\" target=\"_blank\" data-ylk=\"elm:link;elmt:article_link;slk:el regreso de Neymar;itc:0;sec:content-canvas\" data-yga=\"{&quot;yLinkElement&quot;:&quot;context_link&quot;,&quot;yModuleName&quot;:&quot;content-canvas&quot;,&quot;yLinkText&quot;:&quot;el regreso de Neymar&quot;}\" class=\"link \">el regreso de Neymar<\/a>. Si bien no hab\u00eda sido tenido en cuenta por Ancelotti, el crack del Santos <b>fue incluido en la lista definitiva de 26 jugadores para el Mundial<\/b>. Sin embargo, el regreso no fue perfecto: una lesi\u00f3n muscular en el gemelo derecho sufrida en mayo gener\u00f3 preocupaci\u00f3n y lo dej\u00f3 pr\u00e1cticamente descartado para el debut ante Marruecos, aunque Brasil mantiene expectativas de recuperarlo para los siguientes partidos del grupo.<\/p>\n<p class=\"mb-4 text-lg md:leading-8 break-words\">Con figuras como <b>Vinicius Jr., Raphinha y Endrick<\/b>, la verdeamarela se prepara para enfrentar un nuevo Mundial, una competici\u00f3n que les esquiva desde 2002. Habr\u00e1 que ver si los dirigidos por Ancelotti hacen valer su jerarqu\u00eda individual y su historia en la competici\u00f3n o si volver\u00e1n a decepcionar a sus hinchas, como lo vienen haciendo en los \u00faltimos Mundiales.<\/p>\n","protected":false},"excerpt":{"rendered":"El Mundial 2026 ya arranc\u00f3 con todo y Brasil, uno de los mayores protagonistas de la historia de&hellip;\n","protected":false},"author":2,"featured_media":603093,"comment_status":"","ping_status":"","sticky":false,"template":"","format":"standard","meta":{"footnotes":""},"categories":[93],"tags":[3216,23204,168,25,24,4485,24351,110009,23,167],"class_list":["post-603092","post","type-post","status-publish","format-standard","has-post-thumbnail","category-deportes","tag-brasil","tag-carlo-ancelotti","tag-deportes","tag-es","tag-espana","tag-marruecos","tag-neymar","tag-seleccion-brasilena","tag-spain","tag-sports"],"share_on_mastodon":{"url":"https:\/\/pubeurope.com\/@es\/116739532491727551","error":""},"_links":{"self":[{"href":"https:\/\/www.europesays.com\/es\/wp-json\/wp\/v2\/posts\/603092","targetHints":{"allow":["GET"]}}],"collection":[{"href":"https:\/\/www.europesays.com\/es\/wp-json\/wp\/v2\/posts"}],"about":[{"href":"https:\/\/www.europesays.com\/es\/wp-json\/wp\/v2\/types\/post"}],"author":[{"embeddable":true,"href":"https:\/\/www.europesays.com\/es\/wp-json\/wp\/v2\/users\/2"}],"replies":[{"embeddable":true,"href":"https:\/\/www.europesays.com\/es\/wp-json\/wp\/v2\/comments?post=603092"}],"version-history":[{"count":0,"href":"https:\/\/www.europesays.com\/es\/wp-json\/wp\/v2\/posts\/603092\/revisions"}],"wp:featuredmedia":[{"embeddable":true,"href":"https:\/\/www.europesays.com\/es\/wp-json\/wp\/v2\/media\/603093"}],"wp:attachment":[{"href":"https:\/\/www.europesays.com\/es\/wp-json\/wp\/v2\/media?parent=603092"}],"wp:term":[{"taxonomy":"category","embeddable":true,"href":"https:\/\/www.europesays.com\/es\/wp-json\/wp\/v2\/categories?post=603092"},{"taxonomy":"post_tag","embeddable":true,"href":"https:\/\/www.europesays.com\/es\/wp-json\/wp\/v2\/tags?post=603092"}],"curies":[{"name":"wp","href":"https:\/\/api.w.org\/{rel}","templated":true}]}}