{"id":603148,"date":"2026-06-12T23:16:18","date_gmt":"2026-06-12T23:16:18","guid":{"rendered":"https:\/\/www.europesays.com\/es\/603148\/"},"modified":"2026-06-12T23:16:18","modified_gmt":"2026-06-12T23:16:18","slug":"beret-niega-la-acusacion-de-agresion-sexual-a-traves-de-su-agencia-la-investigacion-permitira-restablecer-la-verdad","status":"publish","type":"post","link":"https:\/\/www.europesays.com\/es\/603148\/","title":{"rendered":"Beret niega la acusaci\u00f3n de agresi\u00f3n sexual a trav\u00e9s de su agencia: \u00abLa investigaci\u00f3n permitir\u00e1 restablecer la verdad\u201d"},"content":{"rendered":"<p class=\"article-text\">\n        El representante del cantante sevillano Beret, Andrea Momigliano, de la agencia &#8216;Urbania Entertainment&#8217;, ha destacado que conf\u00eda \u201cplenamente\u201d en la inocencia del mismo tras ser detenido este jueves, 11 de junio, por una supuesta agresi\u00f3n sexual denunciada por unos hechos ocurridos en Sevilla el pasado mes de abril.\n    <\/p>\n<p class=\"article-text\">\n        Seg\u00fan consta en el comunicado, el cantante \u201cniega rotundamente\u201d los hechos que se les atribuyen. La empresa de representaci\u00f3n asegura que ha contratado un equipo jur\u00eddico \u201cpara acreditar la falsedad de las acusaciones vertidas contra \u00e9l\u201d. \u201cEstamos plenamente convencidos de la absoluta inocencia de Beret y confiamos en que la investigaci\u00f3n y el desarrollo del procedimiento permitir\u00e1n esclarecer los hechos y restablecer la verdad\u201d.\n    <\/p>\n<p class=\"article-text\">\n        La representaci\u00f3n legal del artista \u201cejercer\u00e1 en su momento cuantas acciones civiles y penales resulten procedentes frente a aquellas personas que hayan formulado, difundido o contribuido a la propagaci\u00f3n de acusaciones falsas\u201d que, aseguran, \u201chan causado y contin\u00faan causando graves perjuicios personales, familiares, profesionales, econ\u00f3micos y reputacionales\u201d.\n    <\/p>\n<p class=\"article-text\">\n        Urbania Entertainment asegura que colaborar\u00e1 con las autoridades competentes y \u201cmantendr\u00e1 su apoyo absoluto a Beret y a su entorno durante ese dif\u00edcil proceso\u201d.\n    <\/p>\n<p class=\"article-text\">\n        Varios municipios espa\u00f1oles (al menos Armilla -Granada-, Rub\u00ed -Barcelona-, Elche -Alicante- y Monforte de Lemos -Lugo-) han cancelado durante la jornada sus conciertos en el marco de su gira &#8216;Lo bello y lo roto&#8217;, programada para los pr\u00f3ximos meses.\n    <\/p>\n<p>    <a href=\"https:\/\/www.eldiario.es\/sevilla\/detienen-cantante-beret-pregunta-agresion-sexual_1_13295531.html\" data-mrf-recirculation=\"saber-mas-abajo\" data-dl-event=\"saber-mas-abajo\" rel=\"nofollow noopener\" target=\"_blank\"><\/p>\n<p class=\"know-more__title\">El juez deja al cantante Beret en libertad y le impone un alejamiento de la mujer que le ha denunciado por agresi\u00f3n sexual\n<\/p>\n<p>            <img decoding=\"async\" class=\"lazy\" loading=\"lazy\" data-src=\"https:\/\/static.eldiario.es\/clip\/556bdab4-c0b4-4024-91cd-275fe40c87af_16-9-aspect-ratio_default_0_x809y472.jpg\" src=\"data:image\/svg+xml,%3Csvg xmlns=\" http:=\"\" viewbox=\"0 0 880 495\" alt=\"El juez deja al cantante Beret en libertad y le impone un alejamiento de la mujer que le ha denunciado por agresi\u00f3n sexual\"\/><\/p>\n<p>                        <\/a><\/p>\n<p class=\"article-text\">\n        El artista se encuentra en libertad provisional. El magistrado ha impuesto como medidas cautelares la prohibici\u00f3n de comunicarse con la denunciante y de aproximarse a ella a menos de 500 metros, as\u00ed como la retirada de su pasaporte durante un periodo de tres meses.\n    <\/p>\n<p>            <img decoding=\"async\" class=\"lazy\" loading=\"lazy\" data-src=\"https:\/\/static.eldiario.es\/clip\/fbbbf664-ac39-40a8-bcf3-8aff4e474737_16-9-aspect-ratio_default_0.jpg\" src=\"data:image\/svg+xml,%3Csvg xmlns=\" http:=\"\" viewbox=\"0 0 880 495\" alt=\"Beret niega la acusaci\u00f3n de agresi\u00f3n sexual a trav\u00e9s de su agencia: &quot;La investigaci\u00f3n permitir\u00e1 restablecer la verdad\u201d\"\/><\/p>\n<p class=\"article-text\">\n        Pincha\u00a0<a href=\"https:\/\/www.whatsapp.com\/channel\/0029Vb7l9Eg7dmeYcUEpYA3C\" target=\"_blank\" data-mrf-recirculation=\"links-noticia\" class=\"link\" rel=\"nofollow noopener\">aqu\u00ed<\/a>\u00a0para unirte al canal de elDiario.es Andaluc\u00eda y recibir nuestras noticias accediendo al apartado de &#8216;Novedades&#8217;.\n    <\/p>\n","protected":false},"excerpt":{"rendered":"El representante del cantante sevillano Beret, Andrea Momigliano, de la agencia &#8216;Urbania Entertainment&#8217;, ha destacado que conf\u00eda \u201cplenamente\u201d&hellip;\n","protected":false},"author":2,"featured_media":603149,"comment_status":"","ping_status":"","sticky":false,"template":"","format":"standard","meta":{"footnotes":""},"categories":[174],"tags":[11931,8217,11971,22583,255,14699,146,147,25,24,256,9535,9129,23,3230],"class_list":["post-603148","post","type-post","status-publish","format-standard","has-post-thumbnail","category-famosos","tag-acusaciones","tag-agencia","tag-agresion","tag-beret","tag-celebrities","tag-comunicado","tag-entertainment","tag-entretenimiento","tag-es","tag-espana","tag-famosos","tag-niega","tag-sexual","tag-spain","tag-traves"],"share_on_mastodon":{"url":"https:\/\/pubeurope.com\/@es\/116739689068657336","error":""},"_links":{"self":[{"href":"https:\/\/www.europesays.com\/es\/wp-json\/wp\/v2\/posts\/603148","targetHints":{"allow":["GET"]}}],"collection":[{"href":"https:\/\/www.europesays.com\/es\/wp-json\/wp\/v2\/posts"}],"about":[{"href":"https:\/\/www.europesays.com\/es\/wp-json\/wp\/v2\/types\/post"}],"author":[{"embeddable":true,"href":"https:\/\/www.europesays.com\/es\/wp-json\/wp\/v2\/users\/2"}],"replies":[{"embeddable":true,"href":"https:\/\/www.europesays.com\/es\/wp-json\/wp\/v2\/comments?post=603148"}],"version-history":[{"count":0,"href":"https:\/\/www.europesays.com\/es\/wp-json\/wp\/v2\/posts\/603148\/revisions"}],"wp:featuredmedia":[{"embeddable":true,"href":"https:\/\/www.europesays.com\/es\/wp-json\/wp\/v2\/media\/603149"}],"wp:attachment":[{"href":"https:\/\/www.europesays.com\/es\/wp-json\/wp\/v2\/media?parent=603148"}],"wp:term":[{"taxonomy":"category","embeddable":true,"href":"https:\/\/www.europesays.com\/es\/wp-json\/wp\/v2\/categories?post=603148"},{"taxonomy":"post_tag","embeddable":true,"href":"https:\/\/www.europesays.com\/es\/wp-json\/wp\/v2\/tags?post=603148"}],"curies":[{"name":"wp","href":"https:\/\/api.w.org\/{rel}","templated":true}]}}