{"id":603306,"date":"2026-06-13T01:17:25","date_gmt":"2026-06-13T01:17:25","guid":{"rendered":"https:\/\/www.europesays.com\/es\/603306\/"},"modified":"2026-06-13T01:17:25","modified_gmt":"2026-06-13T01:17:25","slug":"falcao-se-posiciona-en-plena-guerra-entre-barca-real-madrid-y-atletico-por-julian-alvarez-no-tiene-un-mejor-lugar-que-este-para-estar","status":"publish","type":"post","link":"https:\/\/www.europesays.com\/es\/603306\/","title":{"rendered":"Falcao se posiciona en plena guerra entre Bar\u00e7a, Real Madrid y Atl\u00e9tico por Juli\u00e1n \u00c1lvarez: \u201cNo tiene un mejor lugar que este para estar\u00bb"},"content":{"rendered":"<p class=\"ft-text\">El futuro de Juli\u00e1n \u00c1lvarez se ha convertido en uno de los grandes focos del mercado con <a class=\"ft-link ft-link--decoration\" href=\"https:\/\/www.sport.es\/es\/noticias\/barca\/guerra-total-julian-alvarez-131214315\" rel=\"nofollow noopener\" target=\"_blank\">FC Barcelona y Real Madrid peleando por la estrella del Atl\u00e9tico de Madrid<\/a>.<\/p>\n<p class=\"ft-text\">En los \u00faltimos d\u00edas, <a class=\"ft-link ft-link--decoration\" href=\"https:\/\/www.sport.es\/es\/noticias\/real-madrid\/comunicado-oficial-madrid-oferta-150-131210964\" rel=\"nofollow noopener\" target=\"_blank\">el Real Madrid lleg\u00f3 a presentar una oferta de 150 millones de euros por Juli\u00e1n<\/a>, dentro de la promesa electoral de Florentino P\u00e9rez de incorporar el fichaje de un &#8216;gal\u00e1ctico&#8217;, pero <strong>los colchoneros rechazaron la propuesta y remitieron al club blanco a la cl\u00e1usula de rescisi\u00f3n<\/strong>. Desde el entorno rojiblanco no contemplan su salida, mientras <strong>el Bar\u00e7a se mantiene a la espera<\/strong>, confiado en la que la voluntad del delantero argentino por vestir la camiseta azulgrana surta efecto.<\/p>\n<p><img decoding=\"async\" src=\"https:\/\/www.europesays.com\/es\/wp-content\/uploads\/2026\/06\/7332f1f8-3662-4fd8-874a-047d0c89a322_alta-libre-aspect-ratio_default_0_x1000y444.jpg\" width=\"1200\" height=\"800\" alt=\"Juli\u00e1n \u00c1lvarez.\" class=\"ft-helper-img-rd\" loading=\"lazy\" fetchpriority=\"auto\"\/><\/p>\n<p class=\"ft-helper-fontColor-quaternary ft-helper-fontSize-body-S ft-helper-spacer-t-xxs\">Juli\u00e1n \u00c1lvarez en un partido con el Atl\u00e9tico de Madrid  \/ AFP7 v\u00eda Europa Press<\/p>\n<p>Falcao se pronuncia<\/p>\n<p class=\"ft-text\">En este contexto de m\u00e1xima tensi\u00f3n, <strong>el exdelantero del Atl\u00e9tico, Radamel Falcao, se ha posicionado claramente del lado de los rojiblancos<\/strong>. El colombiano de 40 a\u00f1os milit\u00f3 en el club colchonero en las <strong>temporadas 2011-12 y 2012-13<\/strong> y dej\u00f3 una huella profunda, <strong>marcando 70 goles en 91 partidos y ganando una Europa League y una Supercopa de Europa<\/strong>.<\/p>\n<p class=\"ft-text\">El actual jugador de Millonario destac\u00f3, en unas declaraciones a ESPN, el impacto emocional del club sobre los futbolistas y su afici\u00f3n: \u201c<strong>No s\u00e9 qu\u00e9 tiene el Atl\u00e9tico de Madrid, pero cuando llegas ah\u00ed la gente es tan apasionada y cari\u00f1osa con el jugador cuando ve que lo das todo en el campo que te termina enamorando<\/strong>\u201d.<\/p>\n<p>\u00abJuli\u00e1n no tiene un mejor lugar que este para estar\u201d<\/p>\n<p class=\"ft-text\">M\u00e1s all\u00e1 de su vivencia personal, Falcao traslad\u00f3 su opini\u00f3n al caso de Juli\u00e1n \u00c1lvarez, en medio de la disputa entre Atl\u00e9tico, Bar\u00e7a y Real Madrid: \u201c<strong>Creo que Juli\u00e1n no tiene un mejor lugar que este para estar<\/strong>\u201d, afirm\u00f3, en un mensaje que refuerza la postura del club rojiblanco de cara a la continuidad del argentino.<\/p>\n<p class=\"ft-text\">El colombiano a\u00f1adi\u00f3 que, aunque existen proyectos econ\u00f3micamente muy potentes, el factor emocional del Atl\u00e9tico es diferencial: \u201c<strong>Puede haber alg\u00fan proyecto con mucho m\u00e1s dinero, no creo que mucho m\u00e1s porque el Atl\u00e9tico de Madrid fue comprado ahora por un fondo muy importante, pero la pasi\u00f3n y el cari\u00f1o que te da el hincha del Atl\u00e9tico de Madrid es impresionante. Adem\u00e1s de estar en una gran ciudad como Madrid<\/strong>\u00ab, concluy\u00f3.<\/p>\n","protected":false},"excerpt":{"rendered":"El futuro de Juli\u00e1n \u00c1lvarez se ha convertido en uno de los grandes focos del mercado con FC&hellip;\n","protected":false},"author":2,"featured_media":603307,"comment_status":"","ping_status":"","sticky":false,"template":"","format":"standard","meta":{"footnotes":""},"categories":[93],"tags":[1517,2296,168,25,24,113274,69,16401,22784,205,10649,23,167],"class_list":["post-603306","post","type-post","status-publish","format-standard","has-post-thumbnail","category-deportes","tag-atletico","tag-barca","tag-deportes","tag-es","tag-espana","tag-falcao","tag-guerra","tag-julian","tag-julian-alvarez","tag-madrid","tag-posiciona","tag-spain","tag-sports"],"share_on_mastodon":{"url":"https:\/\/pubeurope.com\/@es\/116740164880866314","error":""},"_links":{"self":[{"href":"https:\/\/www.europesays.com\/es\/wp-json\/wp\/v2\/posts\/603306","targetHints":{"allow":["GET"]}}],"collection":[{"href":"https:\/\/www.europesays.com\/es\/wp-json\/wp\/v2\/posts"}],"about":[{"href":"https:\/\/www.europesays.com\/es\/wp-json\/wp\/v2\/types\/post"}],"author":[{"embeddable":true,"href":"https:\/\/www.europesays.com\/es\/wp-json\/wp\/v2\/users\/2"}],"replies":[{"embeddable":true,"href":"https:\/\/www.europesays.com\/es\/wp-json\/wp\/v2\/comments?post=603306"}],"version-history":[{"count":0,"href":"https:\/\/www.europesays.com\/es\/wp-json\/wp\/v2\/posts\/603306\/revisions"}],"wp:featuredmedia":[{"embeddable":true,"href":"https:\/\/www.europesays.com\/es\/wp-json\/wp\/v2\/media\/603307"}],"wp:attachment":[{"href":"https:\/\/www.europesays.com\/es\/wp-json\/wp\/v2\/media?parent=603306"}],"wp:term":[{"taxonomy":"category","embeddable":true,"href":"https:\/\/www.europesays.com\/es\/wp-json\/wp\/v2\/categories?post=603306"},{"taxonomy":"post_tag","embeddable":true,"href":"https:\/\/www.europesays.com\/es\/wp-json\/wp\/v2\/tags?post=603306"}],"curies":[{"name":"wp","href":"https:\/\/api.w.org\/{rel}","templated":true}]}}