{"id":603366,"date":"2026-06-13T02:06:25","date_gmt":"2026-06-13T02:06:25","guid":{"rendered":"https:\/\/www.europesays.com\/es\/603366\/"},"modified":"2026-06-13T02:06:25","modified_gmt":"2026-06-13T02:06:25","slug":"la-ser-destituye-al-director-de-informativos-un-dia-despues-de-la-salida-de-angels-barcelo","status":"publish","type":"post","link":"https:\/\/www.europesays.com\/es\/603366\/","title":{"rendered":"La SER destituye al director de informativos un d\u00eda despu\u00e9s de la salida de \u00c0ngels Barcel\u00f3"},"content":{"rendered":"<p>La <a href=\"https:\/\/theobjective.com\/etiqueta\/cadena-ser\/\" rel=\"nofollow noopener\" target=\"_blank\">Cadena SER<\/a> ha cesado este viernes a <strong>Guillermo Rodr\u00edguez como director de informativos,<\/strong> tan s\u00f3lo un d\u00eda despu\u00e9s de que la presentadora <a href=\"https:\/\/theobjective.com\/etiqueta\/angels-barcelo\/\" rel=\"nofollow noopener\" target=\"_blank\">\u00c0ngels Barcel\u00f3<\/a> hiciera su \u00faltimo Hoy por hoy. Seg\u00fan ha adelantado eldiario.es y ha podido confirmar este medio por fuentes de la cadena, el director de contenidos, Fran Llorente, ha comunicado la decisi\u00f3n a Rodr\u00edguez y, despu\u00e9s, a la redacci\u00f3n. <\/p>\n<p>Esta decisi\u00f3n sigue en la l\u00ednea de los cambios que est\u00e1 realizando Joseph Oughourlian desde que lleg\u00f3 a la direcci\u00f3n del Grupo Prisa, lo que ha estado provocando un terremoto en la cadena y <strong>varias salidas<\/strong> de nombres importantes, como Barcel\u00f3, que llevaba siete a\u00f1os al frente del matinal de la SER. <\/p>\n<p>Rodr\u00edguez, por su parte, lleg\u00f3 a la emisora en <strong>mayo de 2021<\/strong> como parte de una gran renovaci\u00f3n de puestos directivos de la Cadena SER. Tras haber sido director del Huffington Post durante tres a\u00f1os, ha llevado la direcci\u00f3n de informativos en la radio de Prisa hasta hoy. <\/p>\n<p>Estos cambios en la cadena tienen su origen en la <strong>reordenaci\u00f3n de la c\u00fapula directiva de la SER<\/strong>, cuando Oughourlian lleg\u00f3 a la direcci\u00f3n de PRISA. Algunos de los nombramientos fueron Pilar Gil, como consejera delegada del grupo, Jame Serra como director general, y el propio Fran Llorente.<\/p>\n<p>Bretos, a la ma\u00f1ana, y Sastre, a la noche<\/p>\n<p>Aimar Bretos ser\u00e1 el encargado de <strong>dirigir Hoy por hoy<\/strong> tras la salida de Barcel\u00f3. As\u00ed, el periodista tomar\u00e1 las riendas, a partir del 31 de agosto, del principal programa matinal de esta radio espa\u00f1ola. Por su parte, Jos\u00e9 Luis Sastre se pondr\u00e1 al frente de <strong>Hora 25 \u2014<\/strong>programa que hasta ahora pilotaba Bretos\u2013 a partir del arranque de la nueva temporada. Adem\u00e1s, la periodista Esther Baz\u00e1n presentar\u00e1 el primer tramo informativo de este programa, de 20 a 20.30 horas. <\/p>\n","protected":false},"excerpt":{"rendered":"La Cadena SER ha cesado este viernes a Guillermo Rodr\u00edguez como director de informativos, tan s\u00f3lo un d\u00eda&hellip;\n","protected":false},"author":2,"featured_media":603367,"comment_status":"","ping_status":"","sticky":false,"template":"","format":"standard","meta":{"footnotes":""},"categories":[91],"tags":[69564,6699,20356,146,147,25,24,3748,23],"class_list":["post-603366","post","type-post","status-publish","format-standard","has-post-thumbnail","category-entretenimiento","tag-angels-barcelo","tag-cadena-ser","tag-despidos","tag-entertainment","tag-entretenimiento","tag-es","tag-espana","tag-grupo-prisa","tag-spain"],"share_on_mastodon":{"url":"https:\/\/pubeurope.com\/@es\/116740357319725122","error":""},"_links":{"self":[{"href":"https:\/\/www.europesays.com\/es\/wp-json\/wp\/v2\/posts\/603366","targetHints":{"allow":["GET"]}}],"collection":[{"href":"https:\/\/www.europesays.com\/es\/wp-json\/wp\/v2\/posts"}],"about":[{"href":"https:\/\/www.europesays.com\/es\/wp-json\/wp\/v2\/types\/post"}],"author":[{"embeddable":true,"href":"https:\/\/www.europesays.com\/es\/wp-json\/wp\/v2\/users\/2"}],"replies":[{"embeddable":true,"href":"https:\/\/www.europesays.com\/es\/wp-json\/wp\/v2\/comments?post=603366"}],"version-history":[{"count":0,"href":"https:\/\/www.europesays.com\/es\/wp-json\/wp\/v2\/posts\/603366\/revisions"}],"wp:featuredmedia":[{"embeddable":true,"href":"https:\/\/www.europesays.com\/es\/wp-json\/wp\/v2\/media\/603367"}],"wp:attachment":[{"href":"https:\/\/www.europesays.com\/es\/wp-json\/wp\/v2\/media?parent=603366"}],"wp:term":[{"taxonomy":"category","embeddable":true,"href":"https:\/\/www.europesays.com\/es\/wp-json\/wp\/v2\/categories?post=603366"},{"taxonomy":"post_tag","embeddable":true,"href":"https:\/\/www.europesays.com\/es\/wp-json\/wp\/v2\/tags?post=603366"}],"curies":[{"name":"wp","href":"https:\/\/api.w.org\/{rel}","templated":true}]}}