{"id":603500,"date":"2026-06-13T04:14:36","date_gmt":"2026-06-13T04:14:36","guid":{"rendered":"https:\/\/www.europesays.com\/es\/603500\/"},"modified":"2026-06-13T04:14:36","modified_gmt":"2026-06-13T04:14:36","slug":"mostoles-se-iluminara-de-color-turquesa-por-el-dia-nacional-de-las-lenguas-de-signos-espanolas","status":"publish","type":"post","link":"https:\/\/www.europesays.com\/es\/603500\/","title":{"rendered":"M\u00f3stoles se iluminar\u00e1 de color turquesa por el D\u00eda Nacional de las Lenguas de Signos Espa\u00f1olas"},"content":{"rendered":"<ul>\n<li class=\" cmAlignjustify\"><strong>Cada 14 de junio se conmemora el<\/strong> <strong>D\u00eda Nacional de las Lenguas de Signos Espa\u00f1olas para promover y normalizar su uso.<\/strong><\/li>\n<\/ul>\n<p class=\"cmParagraph cmAlignjustify\"><img loading=\"lazy\" decoding=\"async\" src=\"https:\/\/www.europesays.com\/es\/wp-content\/uploads\/2026\/06\/1466791-Destacada Ayuntamiento de M\u00f3stoles.jpg\" width=\"400\" height=\"266\" alt=\"Destacada Ayuntamiento de M\u00f3stoles\"\/>El Ayuntamiento de M\u00f3stoles, a propuesta por la Asociaci\u00f3n Cultural de Personas Sordas de M\u00f3stoles, iluminar\u00e1 este domingo de color turquesa su fachada y la estatua de Andr\u00e9s Torrej\u00f3n con motivo del D\u00eda Nacional de las Lenguas de Signos Espa\u00f1olas, que se celebra cada 14 de junio. <\/p>\n<p class=\"cmParagraph cmAlignjustify\">La conmemoraci\u00f3n de este d\u00eda tiene como objetivo visibilizar y promover las lenguas de signos espa\u00f1ola y catalana, as\u00ed como concienciar sobre la importancia de impulsar medidas para normalizar su uso en \u00e1mbitos dom\u00e9sticos, educativos o sociosanitarios. <\/p>\n<p class=\"cmParagraph cmAlignjustify\">En 2014, el Consejo de Ministros acord\u00f3 fijar el 14 de junio D\u00eda Nacional de las Lenguas de Signos Espa\u00f1olas para conmemora la constituci\u00f3n de la Confederaci\u00f3n Estatal de Personas Sordas (CNSE), una de las principales entidades dedicadas a la defensa de los derechos de las personas usuarias de las lenguas de signos espa\u00f1olas. <\/p>\n<p class=\"cmParagraph cmAlignjustify\">La lengua de signos es un sistema ling\u00fc\u00edstico visual, gestual y espacial que posee una gram\u00e1tica propia y cumple las mismas funciones comunicativas que cualquier otra lengua. No existe una lengua de signos universal, sino que cada pa\u00eds cuenta con una o varias lenguas de signos desarrolladas de forma aut\u00f3noma dentro de sus respectivas comunidades ling\u00fc\u00edsticas, independientemente de las lenguas orales. En Espa\u00f1a, existen la lengua de signos espa\u00f1ola y la lengua de signos catalana.<\/p>\n","protected":false},"excerpt":{"rendered":"Cada 14 de junio se conmemora el D\u00eda Nacional de las Lenguas de Signos Espa\u00f1olas para promover y&hellip;\n","protected":false},"author":2,"featured_media":603501,"comment_status":"","ping_status":"","sticky":false,"template":"","format":"standard","meta":{"footnotes":""},"categories":[5],"tags":[1201,6853,1250,17,18,6854,777,2800,5509,25,24,13,14,11,6852,1928,6850,19,20,6849,9,10,15,16,4111,6851,23,12,21,22,6855],"class_list":["post-603500","post","type-post","status-publish","format-standard","has-post-thumbnail","category-titulares","tag-alcalde","tag-atencioacuten-ciudadana","tag-ayuntamiento","tag-breaking-news","tag-breakingnews","tag-callejero","tag-ciudad","tag-distritos","tag-empleo","tag-es","tag-espana","tag-featured-news","tag-featurednews","tag-headlines","tag-inversioacuten","tag-joven","tag-juventud","tag-latest-news","tag-latestnews","tag-moacutestoles","tag-news","tag-noticias","tag-noticias-destacadas","tag-noticiasdestacadas","tag-presupuestos","tag-sede-electroacutenica","tag-spain","tag-titulares","tag-ultimas-noticias","tag-ultimasnoticias","tag-webs-municipales"],"share_on_mastodon":{"url":"","error":"Validation failed: Text character limit of 500 exceeded"},"_links":{"self":[{"href":"https:\/\/www.europesays.com\/es\/wp-json\/wp\/v2\/posts\/603500","targetHints":{"allow":["GET"]}}],"collection":[{"href":"https:\/\/www.europesays.com\/es\/wp-json\/wp\/v2\/posts"}],"about":[{"href":"https:\/\/www.europesays.com\/es\/wp-json\/wp\/v2\/types\/post"}],"author":[{"embeddable":true,"href":"https:\/\/www.europesays.com\/es\/wp-json\/wp\/v2\/users\/2"}],"replies":[{"embeddable":true,"href":"https:\/\/www.europesays.com\/es\/wp-json\/wp\/v2\/comments?post=603500"}],"version-history":[{"count":0,"href":"https:\/\/www.europesays.com\/es\/wp-json\/wp\/v2\/posts\/603500\/revisions"}],"wp:featuredmedia":[{"embeddable":true,"href":"https:\/\/www.europesays.com\/es\/wp-json\/wp\/v2\/media\/603501"}],"wp:attachment":[{"href":"https:\/\/www.europesays.com\/es\/wp-json\/wp\/v2\/media?parent=603500"}],"wp:term":[{"taxonomy":"category","embeddable":true,"href":"https:\/\/www.europesays.com\/es\/wp-json\/wp\/v2\/categories?post=603500"},{"taxonomy":"post_tag","embeddable":true,"href":"https:\/\/www.europesays.com\/es\/wp-json\/wp\/v2\/tags?post=603500"}],"curies":[{"name":"wp","href":"https:\/\/api.w.org\/{rel}","templated":true}]}}