{"id":603526,"date":"2026-06-13T04:50:28","date_gmt":"2026-06-13T04:50:28","guid":{"rendered":"https:\/\/www.europesays.com\/es\/603526\/"},"modified":"2026-06-13T04:50:28","modified_gmt":"2026-06-13T04:50:28","slug":"alimerka-oviedo-baloncesto-primera-feb-marques-townes","status":"publish","type":"post","link":"https:\/\/www.europesays.com\/es\/603526\/","title":{"rendered":"ALIMERKA OVIEDO BALONCESTO PRIMERA FEB MARQUES TOWNES"},"content":{"rendered":"<p class=\"ft-text ft-helper-closenews\">La temporada de <strong>Marques Townes<\/strong>, siendo uno de los mejores jugadores de <strong>Primera FEB<\/strong>, hace que su renovaci\u00f3n con el <strong>Alimerka Oviedo Baloncesto<\/strong> sea cada vez m\u00e1s complicada. El base estadounidense, con pasaporte dominicano, cuenta con importantes ofertas que hacen que sea muy dif\u00edcil para el equipo asturiano competir por su continuidad.<\/p>\n<p>Marques Townes se aleja del Alimerka Oviedo Baloncesto<\/p>\n<p class=\"ft-text\"><strong>Townes<\/strong>, que lleg\u00f3 a <strong>Oviedo<\/strong> con la temporada comenzada, ha liderado varios aspectos estad\u00edsticos, siendo el tercer m\u00e1ximo anotador \u2014<strong>16,18 puntos por partido<\/strong>\u2014, el s\u00e9ptimo asistente \u2014<strong>4,3 asistencias por partido<\/strong>\u2014 y el tercer jugador m\u00e1s valorado de la competici\u00f3n, solo por detr\u00e1s de <strong>Larsen<\/strong> y <strong>Zurbriggen<\/strong>.<\/p>\n<p data-close=\"closedContent\" class=\"subscribeHideForDisplay\">Suscr\u00edbete para seguir leyendo<\/p>\n","protected":false},"excerpt":{"rendered":"La temporada de Marques Townes, siendo uno de los mejores jugadores de Primera FEB, hace que su renovaci\u00f3n&hellip;\n","protected":false},"author":2,"featured_media":603527,"comment_status":"","ping_status":"","sticky":false,"template":"","format":"standard","meta":{"footnotes":""},"categories":[269],"tags":[1795,299,298,168,25,24,2612,21819,9087,1797,6484,2138,23,167,50407,1079],"class_list":["post-603526","post","type-post","status-publish","format-standard","has-post-thumbnail","category-baloncesto","tag-alimerka","tag-baloncesto","tag-basketball","tag-deportes","tag-es","tag-espana","tag-feb","tag-lejos","tag-marques","tag-ocb","tag-oviedo-baloncesto","tag-renovar","tag-spain","tag-sports","tag-townes","tag-vez"],"share_on_mastodon":{"url":"https:\/\/pubeurope.com\/@es\/116741002355034879","error":""},"_links":{"self":[{"href":"https:\/\/www.europesays.com\/es\/wp-json\/wp\/v2\/posts\/603526","targetHints":{"allow":["GET"]}}],"collection":[{"href":"https:\/\/www.europesays.com\/es\/wp-json\/wp\/v2\/posts"}],"about":[{"href":"https:\/\/www.europesays.com\/es\/wp-json\/wp\/v2\/types\/post"}],"author":[{"embeddable":true,"href":"https:\/\/www.europesays.com\/es\/wp-json\/wp\/v2\/users\/2"}],"replies":[{"embeddable":true,"href":"https:\/\/www.europesays.com\/es\/wp-json\/wp\/v2\/comments?post=603526"}],"version-history":[{"count":0,"href":"https:\/\/www.europesays.com\/es\/wp-json\/wp\/v2\/posts\/603526\/revisions"}],"wp:featuredmedia":[{"embeddable":true,"href":"https:\/\/www.europesays.com\/es\/wp-json\/wp\/v2\/media\/603527"}],"wp:attachment":[{"href":"https:\/\/www.europesays.com\/es\/wp-json\/wp\/v2\/media?parent=603526"}],"wp:term":[{"taxonomy":"category","embeddable":true,"href":"https:\/\/www.europesays.com\/es\/wp-json\/wp\/v2\/categories?post=603526"},{"taxonomy":"post_tag","embeddable":true,"href":"https:\/\/www.europesays.com\/es\/wp-json\/wp\/v2\/tags?post=603526"}],"curies":[{"name":"wp","href":"https:\/\/api.w.org\/{rel}","templated":true}]}}