{"id":60361,"date":"2025-08-20T14:43:14","date_gmt":"2025-08-20T14:43:14","guid":{"rendered":"https:\/\/www.europesays.com\/es\/60361\/"},"modified":"2025-08-20T14:43:14","modified_gmt":"2025-08-20T14:43:14","slug":"el-estancamiento-de-la-inflacion-de-la-eurozona-en-el-2-dispara-la-brecha-con-espana-durante-el-mes-de-julio","status":"publish","type":"post","link":"https:\/\/www.europesays.com\/es\/60361\/","title":{"rendered":"El estancamiento de la inflaci\u00f3n de la eurozona en el 2% dispara la brecha con Espa\u00f1a durante el mes de julio"},"content":{"rendered":"<p>20\/08\/2025<br \/>\n<br \/><strong><br \/>\nActualizado a las 14:06h.<br \/>\n<\/strong><\/p>\n<p class=\"voc-p\" style=\"\">La <a href=\"https:\/\/www.abc.es\/economia\/inflacion-eurozona-cae-encadena-cinco-meses-debajo-20250303130811-nt.html\" target=\"_self\" data-voc-vtm-id=\"in-text-traffic\" title=\"brecha entre la inflaci\u00f3n de Espa\u00f1a y la zona euro\" data-mrf-link=\"www.abc.es\" rel=\"nofollow noopener\">brecha entre la inflaci\u00f3n de Espa\u00f1a y la zona euro<\/a> se agudiz\u00f3 durante el pasado <strong>mes de julio<\/strong>. Con un 0,7% de diferencia con nuestro pa\u00eds, el \u00cdndice de Precios al Consumo del conjunto de pa\u00edses que comparten moneda se mantuvo estable en el s\u00e9ptimo mes del a\u00f1o respecto a junio, situ\u00e1ndose en el <strong>2%<\/strong>, seg\u00fan las cifras publicadas hoy por la oficina estad\u00edstica de la Uni\u00f3n Europea, Eurostat.<\/p>\n<p class=\"voc-p\" style=\"\">De modo que, por segundo mes consecutivo las suma de pa\u00edses donde impera el euro se alinean con el objetivo a medio plazo del Banco Central Europeo (BCE). En comparaci\u00f3n con julio de 2024 la tasa de inflaci\u00f3n anual de la <strong>eurozona<\/strong> ha experimentado un <strong>descenso del 0,6%<\/strong>, mientras la de la <strong>Uni\u00f3n Europea<\/strong> ha ca\u00eddo cuatros d\u00e9cimas porcentuales, hasta el <strong>2,4%<\/strong>.<\/p>\n<p class=\"voc-p\" style=\"\">Las cifras anuales m\u00e1s altas las anotaron Rumania, con un 6,6%; Estonia, con un 5,6%; y Eslovaquia, con un 4,6%. En el extremo opuesto, Chipre, con un 0,1%; Francia, con un 0,9%; y Eslovaquia, con un 4,6%, registraron las tasas m\u00e1s bajas.<\/p>\n<p class=\"voc-p\" style=\"\">En el caso de la eurozona, durante el mes de julio, el <strong>precio de la energ\u00eda<\/strong> registr\u00f3 una <strong>ca\u00edda interanual del 2,4%<\/strong>, tras la ca\u00edda del 2,6% observada el mes anterior, mientras que el coste de los alimentos frescos aument\u00f3 un 5,4% anual, aceler\u00e1ndose respecto del alza del 4,6% en junio.<\/p>\n<p class=\"voc-p\" style=\"\">De su lado, los <strong>bienes industriales no energ\u00e9ticos<\/strong> se encarecieron un 0,8% interanual, tres d\u00e9cimas m\u00e1s que el mes anterior, pero el coste de los servicios fren\u00f3 su incremento al 3,2% desde el 3,3% del mes anterior.<\/p>\n<p class=\"voc-p\" style=\"\">De tal modo, al excluir del c\u00e1lculo el impacto de la <a href=\"https:\/\/www.abc.es\/economia\/gas-renovables-moderan-inflacion-abril-20250514090147-nt.html\" target=\"_self\" data-voc-vtm-id=\"in-text-traffic\" title=\"energ\u00eda\" data-mrf-link=\"www.abc.es\" rel=\"nofollow noopener\">energ\u00eda<\/a>, la tasa de inflaci\u00f3n interanual de la zona euro en julio se mantuvo en el 2,5%. En cuanto a la <strong>tasa de inflaci\u00f3n subyacente<\/strong>, que adem\u00e1s de los precios de la energ\u00eda deja fuera del c\u00e1lculo tambi\u00e9n a los alimentos frescos, el alcohol y el tabaco, esta referencia repiti\u00f3 en julio en el nivel del <strong>2,3%<\/strong>.<\/p>\n<p>Reportar un error<\/p>\n","protected":false},"excerpt":{"rendered":"20\/08\/2025 Actualizado a las 14:06h. La brecha entre la inflaci\u00f3n de Espa\u00f1a y la zona euro se agudiz\u00f3&hellip;\n","protected":false},"author":2,"featured_media":60362,"comment_status":"","ping_status":"","sticky":false,"template":"","format":"standard","meta":{"footnotes":""},"categories":[80],"tags":[1287,3726,82,95,94,25,24,7546,3419,1847,23,6420],"class_list":{"0":"post-60361","1":"post","2":"type-post","3":"status-publish","4":"format-standard","5":"has-post-thumbnail","7":"category-economia","8":"tag-aumenta","9":"tag-brecha","10":"tag-business","11":"tag-economia","12":"tag-economy","13":"tag-es","14":"tag-espana","15":"tag-euro","16":"tag-frente","17":"tag-inflacion","18":"tag-spain","19":"tag-zona"},"share_on_mastodon":{"url":"","error":""},"_links":{"self":[{"href":"https:\/\/www.europesays.com\/es\/wp-json\/wp\/v2\/posts\/60361","targetHints":{"allow":["GET"]}}],"collection":[{"href":"https:\/\/www.europesays.com\/es\/wp-json\/wp\/v2\/posts"}],"about":[{"href":"https:\/\/www.europesays.com\/es\/wp-json\/wp\/v2\/types\/post"}],"author":[{"embeddable":true,"href":"https:\/\/www.europesays.com\/es\/wp-json\/wp\/v2\/users\/2"}],"replies":[{"embeddable":true,"href":"https:\/\/www.europesays.com\/es\/wp-json\/wp\/v2\/comments?post=60361"}],"version-history":[{"count":0,"href":"https:\/\/www.europesays.com\/es\/wp-json\/wp\/v2\/posts\/60361\/revisions"}],"wp:featuredmedia":[{"embeddable":true,"href":"https:\/\/www.europesays.com\/es\/wp-json\/wp\/v2\/media\/60362"}],"wp:attachment":[{"href":"https:\/\/www.europesays.com\/es\/wp-json\/wp\/v2\/media?parent=60361"}],"wp:term":[{"taxonomy":"category","embeddable":true,"href":"https:\/\/www.europesays.com\/es\/wp-json\/wp\/v2\/categories?post=60361"},{"taxonomy":"post_tag","embeddable":true,"href":"https:\/\/www.europesays.com\/es\/wp-json\/wp\/v2\/tags?post=60361"}],"curies":[{"name":"wp","href":"https:\/\/api.w.org\/{rel}","templated":true}]}}