{"id":603786,"date":"2026-06-13T08:29:16","date_gmt":"2026-06-13T08:29:16","guid":{"rendered":"https:\/\/www.europesays.com\/es\/603786\/"},"modified":"2026-06-13T08:29:16","modified_gmt":"2026-06-13T08:29:16","slug":"radio-cadena-ser-la-ser-mueve-otra-pieza-clave-tras-la-salida-de-angels-barcelo-cesa-a-guillermo-rodriguez-director-de-informativos","status":"publish","type":"post","link":"https:\/\/www.europesays.com\/es\/603786\/","title":{"rendered":"RADIO | CADENA SER | La SER mueve otra pieza clave tras la salida de \u00c0ngels Barcel\u00f3: cesa a Guillermo Rodr\u00edguez, director de informativos"},"content":{"rendered":"<p class=\"ft-text ft-helper-closenews\">La reestructuraci\u00f3n de la <a class=\"ft-link ft-link--decoration\" href=\"https:\/\/www.elperiodicomediterraneo.com\/tags\/cadena-ser\/\" rel=\"nofollow noopener\" target=\"_blank\">Cadena SER<\/a> contin\u00faa sumando movimientos de calado. En plena transici\u00f3n hacia una nueva etapa en sus programas de referencia, la emisora de Prisa ha decidido prescindir de <strong>Guillermo Rodr\u00edguez <\/strong>como director de informativos, un cargo que ocupaba desde 2021. La decisi\u00f3n ha sido trasladada internamente por <strong>Fran Llorente<\/strong>, director de contenidos de la cadena, seg\u00fan desvela El Diario.<\/p>\n<p class=\"ft-text\">El relevo se produce en una semana especialmente significativa para la radio. Apenas un d\u00eda antes, <a class=\"ft-link ft-link--decoration\" href=\"https:\/\/www.elperiodicomediterraneo.com\/ocio\/tv\/series\/2026\/05\/22\/angels-barcelo-abandona-cadena-ser-130549180.html\" rel=\"nofollow noopener\" target=\"_blank\">\u00c0ngels Barcel\u00f3<\/a> cerr\u00f3 su etapa al frente de <a class=\"ft-link ft-link--decoration\" href=\"https:\/\/www.elperiodicomediterraneo.com\/ocio\/tv\/2026\/06\/11\/angels-barcelo-adelanta-adios-cadena-ser-21-anos-completar-pagina-derecha-131283945.html\" rel=\"nofollow noopener\" target=\"_blank\">\u2018Hoy por Hoy\u2019<\/a> con una despedida en antena tras m\u00e1s de dos d\u00e9cadas vinculada a la SER. La periodista dej\u00f3 un mensaje de gratitud a los oyentes y les anim\u00f3 a acompa\u00f1ar la nueva etapa del programa: \u201c<strong>Enam\u00f3rense de nuevo, yo no me desenamorar\u00e9 de la radio<\/strong>\u201d.<\/p>\n<p class=\"ft-text\">Rodr\u00edguez hab\u00eda aterrizado en la emisora en mayo de 2021 dentro de una renovaci\u00f3n de puestos directivos. Antes de incorporarse a la SER, dirigi\u00f3 durante tres a\u00f1os \u2018<strong>El HuffPost<\/strong>\u2019, tambi\u00e9n dentro del grupo Prisa. Su salida se enmarca ahora en los cambios que la cadena prepara para la<strong> temporada 2026-2027<\/strong>.<\/p>\n<p class=\"ft-text\">La principal novedad de esa nueva parrilla estar\u00e1 en las ma\u00f1anas. <a class=\"ft-link ft-link--decoration\" href=\"https:\/\/www.elperiodicomediterraneo.com\/sociedad\/2026\/05\/28\/aimar-bretos-sustituira-angels-barcelo-130776934.html\" rel=\"nofollow noopener\" target=\"_blank\">Aimar Bretos<\/a>, hasta ahora responsable de \u2018Hora 25\u2019, asumir\u00e1 la direcci\u00f3n y presentaci\u00f3n de \u2018Hoy por Hoy\u2019 a partir del <strong>31 de agosto<\/strong>, fecha prevista para el estreno de la nueva temporada sin Barcel\u00f3 al frente del magac\u00edn matinal.<\/p>\n<p class=\"ft-text\">El movimiento de Bretos abre tambi\u00e9n una nueva etapa en las noches de la cadena. <a class=\"ft-link ft-link--decoration\" href=\"https:\/\/www.elperiodicomediterraneo.com\/ocio\/tv\/2026\/06\/11\/jose-luis-sastre-dirigira-hora-25-proxima-temporada-salto-aimar-bretos-mananas-salida-angels-barcelo-cadena-ser-131292158.html\" rel=\"nofollow noopener\" target=\"_blank\">Jos\u00e9 Luis Sastre<\/a>, subdirector de \u2018Hoy por Hoy\u2019 durante la etapa de Barcel\u00f3, ser\u00e1 el nuevo director y presentador de \u2018<strong>Hora 25<\/strong>\u2019, uno de los espacios informativos m\u00e1s importantes de la SER.<\/p>\n<p data-close=\"closedContent\" class=\"subscribeHideForDisplay\">Suscr\u00edbete para seguir leyendo<\/p>\n","protected":false},"excerpt":{"rendered":"La reestructuraci\u00f3n de la Cadena SER contin\u00faa sumando movimientos de calado. En plena transici\u00f3n hacia una nueva etapa&hellip;\n","protected":false},"author":2,"featured_media":603787,"comment_status":"","ping_status":"","sticky":false,"template":"","format":"standard","meta":{"footnotes":""},"categories":[170],"tags":[28468,19155,6699,11929,12554,411,146,147,25,24,6891,10848,24868,184,185,9787,1448,416,1965,8643,23],"class_list":["post-603786","post","type-post","status-publish","format-standard","has-post-thumbnail","category-musica","tag-angels","tag-barcelo","tag-cadena-ser","tag-cesa","tag-clave","tag-director","tag-entertainment","tag-entretenimiento","tag-es","tag-espana","tag-guillermo","tag-informativos","tag-mueve","tag-music","tag-musica","tag-pieza","tag-radio","tag-rodriguez","tag-salida","tag-ser","tag-spain"],"share_on_mastodon":{"url":"https:\/\/pubeurope.com\/@es\/116741863008389728","error":""},"_links":{"self":[{"href":"https:\/\/www.europesays.com\/es\/wp-json\/wp\/v2\/posts\/603786","targetHints":{"allow":["GET"]}}],"collection":[{"href":"https:\/\/www.europesays.com\/es\/wp-json\/wp\/v2\/posts"}],"about":[{"href":"https:\/\/www.europesays.com\/es\/wp-json\/wp\/v2\/types\/post"}],"author":[{"embeddable":true,"href":"https:\/\/www.europesays.com\/es\/wp-json\/wp\/v2\/users\/2"}],"replies":[{"embeddable":true,"href":"https:\/\/www.europesays.com\/es\/wp-json\/wp\/v2\/comments?post=603786"}],"version-history":[{"count":0,"href":"https:\/\/www.europesays.com\/es\/wp-json\/wp\/v2\/posts\/603786\/revisions"}],"wp:featuredmedia":[{"embeddable":true,"href":"https:\/\/www.europesays.com\/es\/wp-json\/wp\/v2\/media\/603787"}],"wp:attachment":[{"href":"https:\/\/www.europesays.com\/es\/wp-json\/wp\/v2\/media?parent=603786"}],"wp:term":[{"taxonomy":"category","embeddable":true,"href":"https:\/\/www.europesays.com\/es\/wp-json\/wp\/v2\/categories?post=603786"},{"taxonomy":"post_tag","embeddable":true,"href":"https:\/\/www.europesays.com\/es\/wp-json\/wp\/v2\/tags?post=603786"}],"curies":[{"name":"wp","href":"https:\/\/api.w.org\/{rel}","templated":true}]}}