{"id":60382,"date":"2025-08-20T14:56:13","date_gmt":"2025-08-20T14:56:13","guid":{"rendered":"https:\/\/www.europesays.com\/es\/60382\/"},"modified":"2025-08-20T14:56:13","modified_gmt":"2025-08-20T14:56:13","slug":"bertin-osborne-la-infanta-cristina-el-cordobes-y-kate-middleton","status":"publish","type":"post","link":"https:\/\/www.europesays.com\/es\/60382\/","title":{"rendered":"Bert\u00edn Osborne, la infanta Cristina, el Cordob\u00e9s y Kate Middleton"},"content":{"rendered":"<p>Como cada mi\u00e9rcoles,<strong> las revistas del coraz\u00f3n<\/strong> traen las noticias m\u00e1s llamativas y salseantes de la semana. \u00a1Hola!, Lecturas, Semana y <strong>Diez Minutos<\/strong> consiguen aut\u00e9nticos bombazos que nos dejan boquiabiertos y con ganas de m\u00e1s. Descubre qui\u00e9nes son <strong>las personas protagonistas del momento<\/strong> y estate al tanto de las \u00faltimas novedades de la <a href=\"https:\/\/www.ultimahora.es\/etiqueta\/prensa+rosa.html?utm_source=Inline-tag&amp;utm_medium=internal\" rel=\"nofollow noopener\" target=\"_blank\">prensa rosa<\/a>. Si quieres saber m\u00e1s cotilleos te dejamos aqu\u00ed las portadas de las revistas del coraz\u00f3n de hoy, mi\u00e9rcoles 20 de agosto de 2025.<\/p>\n<p>Bert\u00edn Osborne posa por primera vez junto a David, el hijo que tuvo con Gabriela Guill\u00e9n, en &#8216;\u00a1Hola!&#8217;<\/p>\n<p><img loading=\"lazy\" decoding=\"async\" src=\"https:\/\/www.europesays.com\/es\/wp-content\/uploads\/2025\/08\/3440713.jpg\" border=\"0\" alt=\"\" width=\"566\" height=\"771\"\/><\/p>\n<p>\u00a1Hola! presenta una de sus portadas m\u00e1s esperadas, algo que hace unos meses parec\u00eda impensable: <a href=\"https:\/\/www.ultimahora.es\/etiqueta\/Bert%C3%ADn+Osborne.html?utm_source=Inline-tag&amp;utm_medium=internal\" rel=\"nofollow noopener\" target=\"_blank\">Bert\u00edn Osborne<\/a> posa por primera vez junto a David, el hijo que tuvo con Gabriela Guill\u00e9n. \u00abNo quiero que sea un ni\u00f1o oculto\u00bb, declara el cantante en la portada. Gabriela tambi\u00e9n aparece en la revista, aunque en una fotograf\u00eda diferente. Aunque el peque\u00f1o es fruto de ambos, no posan juntos. \u00abQuiero que sienta el amor de los dos\u00bb, afirma la experta en est\u00e9tica y cuidado personal, mientras sostiene a su hijo con una sonrisa.<\/p>\n<p>&#8216;Semana&#8217; informa que la infanta Cristina ha regresado a Bidart<\/p>\n<p><img loading=\"lazy\" decoding=\"async\" src=\"https:\/\/www.europesays.com\/es\/wp-content\/uploads\/2025\/08\/3440717.jpg\" border=\"0\" alt=\"\" width=\"566\" height=\"754\"\/><\/p>\n<p>La revista Semana informa que la infanta Cristina ha regresado a Bidart, la localidad del Pa\u00eds Vasco franc\u00e9s donde sol\u00eda veranear junto a I\u00f1aki Urdangarin, aunque ha evitado coincidir con \u00e9l. Por otro lado, Manuel Carrasco se deja ver tomando el sol, relajado y sonriente, en una silla de playa en su Huelva natal. La publicaci\u00f3n tambi\u00e9n dedica espacio en su portada a los graves incendios que est\u00e1n arrasando diversas zonas de Espa\u00f1a, destacando su impacto y gravedad.<\/p>\n<p>Manuel D\u00edaz, \u2018El Cordob\u00e9s\u2019, aparece abrazando por la cintura a su esposa, Virginia Troconis en &#8216;Diez Minutos&#8217;<\/p>\n<p><img loading=\"lazy\" decoding=\"async\" src=\"https:\/\/www.europesays.com\/es\/wp-content\/uploads\/2025\/08\/3440719.jpg\" border=\"0\" alt=\"\" width=\"566\" height=\"789\"\/><\/p>\n<p>Diez Minutos apuesta por una portada 100% veraniega. Manuel D\u00edaz, \u2018El Cordob\u00e9s\u2019, aparece abrazando por la cintura a su esposa, Virginia Troconis, durante unas vacaciones en Marbella. Tambi\u00e9n vemos a Nuria Roca y Juan del Val disfrutando del mar en C\u00e1diz, mientras Lara Dibildos se divierte en moto de agua junto a su pareja, Carlos Maturana. Como broche final, un collage re\u00fane a varios rostros conocidos bajo el t\u00edtulo: \u00abEl verano de los famosos\u00bb.<\/p>\n<p>&#8216;Lecturas&#8217; lleva a su portada una imagen sonriente de Kate Middleton<\/p>\n<p><img loading=\"lazy\" decoding=\"async\" src=\"https:\/\/www.europesays.com\/es\/wp-content\/uploads\/2025\/08\/3440715.jpg\" border=\"0\" alt=\"\" width=\"566\" height=\"749\"\/><\/p>\n<p>Lecturas lleva a su portada una imagen sonriente de Kate Middleton, acompa\u00f1ada del titular: \u00abEl nuevo comienzo de Kate\u00bb. La princesa de Gales y el pr\u00edncipe Guillermo han decidido dar un giro a su vida para empezar de nuevo. En otro frente, Mal\u00fa vuelve a estar ilusionada: tiene nueva pareja \u2014la primera desde su ruptura con Albert Rivera\u2014, aunque por ahora se desconoce la identidad del afortunado. Adem\u00e1s, Nuria Roca disfruta de una escapada familiar a la playa, y la revista desvela c\u00f3mo comenzaron las citas secretas entre Sof\u00eda Suescun y Juan Faro.<\/p>\n","protected":false},"excerpt":{"rendered":"Como cada mi\u00e9rcoles, las revistas del coraz\u00f3n traen las noticias m\u00e1s llamativas y salseantes de la semana. \u00a1Hola!,&hellip;\n","protected":false},"author":2,"featured_media":60383,"comment_status":"","ping_status":"","sticky":false,"template":"","format":"standard","meta":{"footnotes":""},"categories":[174],"tags":[5233,11194,255,146,147,25,24,256,25283,25281,25282,23],"class_list":{"0":"post-60382","1":"post","2":"type-post","3":"status-publish","4":"format-standard","5":"has-post-thumbnail","7":"category-famosos","8":"tag-audiencias-um","9":"tag-bertin-osborne","10":"tag-celebrities","11":"tag-entertainment","12":"tag-entretenimiento","13":"tag-es","14":"tag-espana","15":"tag-famosos","16":"tag-parejas-de-famosos","17":"tag-prensa-rosa","18":"tag-quiosco-rosa","19":"tag-spain"},"share_on_mastodon":{"url":"","error":""},"_links":{"self":[{"href":"https:\/\/www.europesays.com\/es\/wp-json\/wp\/v2\/posts\/60382","targetHints":{"allow":["GET"]}}],"collection":[{"href":"https:\/\/www.europesays.com\/es\/wp-json\/wp\/v2\/posts"}],"about":[{"href":"https:\/\/www.europesays.com\/es\/wp-json\/wp\/v2\/types\/post"}],"author":[{"embeddable":true,"href":"https:\/\/www.europesays.com\/es\/wp-json\/wp\/v2\/users\/2"}],"replies":[{"embeddable":true,"href":"https:\/\/www.europesays.com\/es\/wp-json\/wp\/v2\/comments?post=60382"}],"version-history":[{"count":0,"href":"https:\/\/www.europesays.com\/es\/wp-json\/wp\/v2\/posts\/60382\/revisions"}],"wp:featuredmedia":[{"embeddable":true,"href":"https:\/\/www.europesays.com\/es\/wp-json\/wp\/v2\/media\/60383"}],"wp:attachment":[{"href":"https:\/\/www.europesays.com\/es\/wp-json\/wp\/v2\/media?parent=60382"}],"wp:term":[{"taxonomy":"category","embeddable":true,"href":"https:\/\/www.europesays.com\/es\/wp-json\/wp\/v2\/categories?post=60382"},{"taxonomy":"post_tag","embeddable":true,"href":"https:\/\/www.europesays.com\/es\/wp-json\/wp\/v2\/tags?post=60382"}],"curies":[{"name":"wp","href":"https:\/\/api.w.org\/{rel}","templated":true}]}}