{"id":603942,"date":"2026-06-13T10:36:16","date_gmt":"2026-06-13T10:36:16","guid":{"rendered":"https:\/\/www.europesays.com\/es\/603942\/"},"modified":"2026-06-13T10:36:16","modified_gmt":"2026-06-13T10:36:16","slug":"zarrias-hizo-un-contrato-generico-sin-especificar-ni-el-sueldo-a-leire-mientras-ambos-trabajaban-para-las-cloacas","status":"publish","type":"post","link":"https:\/\/www.europesays.com\/es\/603942\/","title":{"rendered":"Zarr\u00edas hizo un contrato gen\u00e9rico sin especificar ni el sueldo a Leire mientras ambos trabajaban para las cloacas"},"content":{"rendered":"<p style=\"\">El contrato laboral que le hizo Gaspar Zarr\u00edas a Leire D\u00edez, a trav\u00e9s de su empresa Za\u00f1o Sociedad Consultora SL, es completamente opaco. En el documento, al que ha tenido acceso ABC, se hacen constar conceptos gen\u00e9ricos para no detallar las condiciones de la relaci\u00f3n  &#8230; laboral entre ambos dirigentes socialistas. Otra curiosidad es que pese a que el lugar de residencia de D\u00edez estaba fijado en Portugalete (Vizcaya) por aquel entonces, con constantes viajes a Madrid, seg\u00fan se puede observar en el intercambio de mensajes entre ella y el expresidente de la Sociedad Estatal de Participaciones Industriales (SEPI), Vicente Fern\u00e1ndez, cuando era requerida por Santos Cerd\u00e1n, el contrato no determina que se trata de un trabajo a distancia.<\/p>\n<p class=\"v-d-p\" style=\"\">Precisamente esa relaci\u00f3n laboral entre D\u00edez y Zarr\u00edas, que ya fue condenado por los ERE, aunque posteriormente su sentencia fue anulada por el Tribunal Supremo, a\u00f1ade un nuevo elemento de controversia a la crisis pol\u00edtica que atraviesa el PSOE por las actividades atribuidas a la denominada &#8216;fontanera&#8217; del partido. D\u00edez estuvo empleada en Za\u00f1o Sociedad Consultora, la firma vinculada a Zarr\u00edas, entre junio y octubre de 2024. Aunque normalmente en este tipo de relaciones laborales tan espec\u00edficas se establece un acuerdo salarial entre las dos partes, en el caso de Leire en el contrato solo se hace constar que aunque tendr\u00e1 un \u00abgrupo a nivel 1\u00bb su salario ser\u00e1 \u00abseg\u00fan convenio\u00bb.<\/p>\n<ul class=\"v-cmp-rld__u\">\n<li class=\"v-cmp-rld__l\">\n<p><a class=\"v-a-lnk\" href=\"http:\/\/www.abc.es\/espana\/leire-reunio-abalos-controlar-danos-psoe-pedro-20260611015540-nt.html#vtm_modulosEngag=noticiasrelacionadas-cmp-uno:espana:noticia:1\" title=\"Leire D\u00edez se reuni\u00f3 varias veces con \u00c1balos para evitar que da\u00f1ara a S\u00e1nchez\" data-voc-vtm-id=\"in-text-traffic\" rel=\"nofollow noopener\" target=\"_blank\"><br \/>\n<img decoding=\"async\" loading=\"lazy\" src=\"https:\/\/www.europesays.com\/es\/wp-content\/uploads\/2026\/06\/leire-libreta-1200x840-U201161302300jRB-U41621470060oNR-366x256@diario_abc.jpg\" class=\"v-a-img\" width=\"258\" height=\"180\" alt=\"Leire D\u00edez se reuni\u00f3 varias veces con \u00c1balos para evitar que da\u00f1ara a S\u00e1nchez\"\/><br \/>\n<\/a><\/p>\n<\/li>\n<\/ul>\n<p class=\"v-d-p\" style=\"\">Aunque inicialmente todas las partes negaban la existencia de cualquier tipo de relaci\u00f3n laboral, el propio exdirigente andaluz reconoci\u00f3 p\u00fablicamente la contrataci\u00f3n, asegurando que la exmilitante socialista realizaba labores de b\u00fasqueda documental e investigaci\u00f3n relacionadas con distintos asuntos de inter\u00e9s para la consultora. De hecho su categor\u00eda laboral, seg\u00fan el contrato que revela este diario, determina que durante los meses en los que estuvo contratada deb\u00eda prestar sus servicios como consultora, sin especificar qu\u00e9 tipo de consultor\u00eda. El objeto de Za\u00f1o Sociedad Consultora es el de \u00abotras actividades de consultor\u00eda de gesti\u00f3n empresarial.<\/p>\n<p><img decoding=\"async\" loading=\"lazy\" src=\"https:\/\/www.europesays.com\/es\/wp-content\/uploads\/2026\/06\/PHOTO-2026-06-11-16-24-26_20260612123305-U68557616051BTz-374x664@diario_abc.jpg\" class=\"v-a-img\" height=\"664\" alt=\"El contrato laboral de D\u00edez con Zarr\u00edas\" data-voc-vtm-id=\"in-text-traffic\" width=\"374\"\/><\/p>\n<p>El contrato laboral de D\u00edez con Zarr\u00edas.<\/p>\n<p>(Abc)<\/p>\n<p class=\"v-d-p\" style=\"\">Pero la relevancia pol\u00edtica de esta relaci\u00f3n no reside \u00fanicamente en la existencia del contrato, sino en el contexto en el que se produjo. Durante ese mismo periodo, esos tres meses de junio en los que Leire D\u00edez estuvo en n\u00f3mina de la mercantil de Zarr\u00edas, la &#8216;fontanera&#8217; aparece vinculada a actividades orientadas a recopilar informaci\u00f3n sobre mandos de la Guardia Civil, jueces, fiscales y causas judiciales que afectaban directa o indirectamente al entorno socialista, seg\u00fan diversas publicaciones y diligencias conocidas posteriormente. Aunque eso podr\u00eda entenderse como labores de consultor\u00eda, ah\u00ed deber\u00eda existir un encargo de un tercero para realizar esas tareas.<\/p>\n<p class=\"v-d-p\" style=\"\">Esa coincidencia temporal es la que ha alimentado las sospechas de la oposici\u00f3n, que cuestiona si las labores desarrolladas por D\u00edez para la empresa de Zarr\u00edas estaban realmente separadas de sus contactos pol\u00edticos dentro del PSOE, es decir si estaba trabajando para las cloacas, o si durante los tres meses como trabajadora de Za\u00f1o realizaba otras funciones. El partido ha intentado marcar distancias con la exmilitante \u2014sin llegar a querellarse contra ella\u2014 pero las revelaciones conocidas durante los \u00faltimos meses han dificultado esa estrategia.<\/p>\n<p class=\"v-d-p\" style=\"\">La figura de Zarr\u00edas a\u00f1ade adem\u00e1s una carga simb\u00f3lica a la pol\u00e9mica. Durante d\u00e9cadas fue uno de los dirigentes m\u00e1s influyentes del socialismo andaluz y ocup\u00f3 responsabilidades de primer nivel tanto en la Junta de Andaluc\u00eda como en el Gobierno de Espa\u00f1a. Su nombre qued\u00f3 posteriormente ligado al caso de los ERE, uno de los mayores esc\u00e1ndalos de corrupci\u00f3n asociados al PSOE andaluz.<\/p>\n<p class=\"v-d-p\" style=\"\">Para los cr\u00edticos del partido, la contrataci\u00f3n de D\u00edez por parte de una consultora vinculada a un veterano dirigente socialista refleja la persistencia de redes pol\u00edticas y profesionales que sobreviven m\u00e1s all\u00e1 de los cargos p\u00fablicos. A su juicio, el caso evidencia la dificultad del PSOE para convencer a la opini\u00f3n p\u00fablica de que las actuaciones investigadas eran iniciativas individuales sin conexi\u00f3n con estructuras org\u00e1nicas del partido.<\/p>\n<p class=\"v-d-p\" style=\"\">Mientras avanzan las investigaciones judiciales y contin\u00faan apareciendo nuevos detalles sobre los contactos y actividades de Leire D\u00edez, la relaci\u00f3n laboral con Zarr\u00edas se ha convertido en uno de los episodios m\u00e1s inc\u00f3modos para la direcci\u00f3n socialista. La cuesti\u00f3n ya no es \u00fanicamente qui\u00e9n contrat\u00f3 a D\u00edez, sino para qu\u00e9 trabajaba realmente y qu\u00e9 conocimiento ten\u00edan de sus movimientos quienes la rodeaban dentro del ecosistema pol\u00edtico socialista.<\/p>\n","protected":false},"excerpt":{"rendered":"El contrato laboral que le hizo Gaspar Zarr\u00edas a Leire D\u00edez, a trav\u00e9s de su empresa Za\u00f1o Sociedad&hellip;\n","protected":false},"author":2,"featured_media":603943,"comment_status":"","ping_status":"","sticky":false,"template":"","format":"standard","meta":{"footnotes":""},"categories":[8],"tags":[17,18,110884,106,25,24,113356,13,14,95124,11,9465,19,20,25809,9,10,15,16,23,15563,12,16746,21,22,100556],"class_list":["post-603942","post","type-post","status-publish","format-standard","has-post-thumbnail","category-espana","tag-breaking-news","tag-breakingnews","tag-cloacas","tag-contrato","tag-es","tag-espana","tag-especificar","tag-featured-news","tag-featurednews","tag-generico","tag-headlines","tag-hizo","tag-latest-news","tag-latestnews","tag-leire","tag-news","tag-noticias","tag-noticias-destacadas","tag-noticiasdestacadas","tag-spain","tag-sueldo","tag-titulares","tag-trabajaban","tag-ultimas-noticias","tag-ultimasnoticias","tag-zarrias"],"share_on_mastodon":{"url":"https:\/\/pubeurope.com\/@es\/116742363385127699","error":""},"_links":{"self":[{"href":"https:\/\/www.europesays.com\/es\/wp-json\/wp\/v2\/posts\/603942","targetHints":{"allow":["GET"]}}],"collection":[{"href":"https:\/\/www.europesays.com\/es\/wp-json\/wp\/v2\/posts"}],"about":[{"href":"https:\/\/www.europesays.com\/es\/wp-json\/wp\/v2\/types\/post"}],"author":[{"embeddable":true,"href":"https:\/\/www.europesays.com\/es\/wp-json\/wp\/v2\/users\/2"}],"replies":[{"embeddable":true,"href":"https:\/\/www.europesays.com\/es\/wp-json\/wp\/v2\/comments?post=603942"}],"version-history":[{"count":0,"href":"https:\/\/www.europesays.com\/es\/wp-json\/wp\/v2\/posts\/603942\/revisions"}],"wp:featuredmedia":[{"embeddable":true,"href":"https:\/\/www.europesays.com\/es\/wp-json\/wp\/v2\/media\/603943"}],"wp:attachment":[{"href":"https:\/\/www.europesays.com\/es\/wp-json\/wp\/v2\/media?parent=603942"}],"wp:term":[{"taxonomy":"category","embeddable":true,"href":"https:\/\/www.europesays.com\/es\/wp-json\/wp\/v2\/categories?post=603942"},{"taxonomy":"post_tag","embeddable":true,"href":"https:\/\/www.europesays.com\/es\/wp-json\/wp\/v2\/tags?post=603942"}],"curies":[{"name":"wp","href":"https:\/\/api.w.org\/{rel}","templated":true}]}}