{"id":604071,"date":"2026-06-13T12:17:08","date_gmt":"2026-06-13T12:17:08","guid":{"rendered":"https:\/\/www.europesays.com\/es\/604071\/"},"modified":"2026-06-13T12:17:08","modified_gmt":"2026-06-13T12:17:08","slug":"oscar-onley-y-joao-almeida-no-tomaran-la-salida-de-la-7a-etapa-del-tour-de-auvernia-rodano-alpes-esciclismo","status":"publish","type":"post","link":"https:\/\/www.europesays.com\/es\/604071\/","title":{"rendered":"Oscar Onley y Jo\u00e3o Almeida no tomar\u00e1n la salida de la 7\u00aa etapa del Tour de Auvernia-R\u00f3dano-Alpes &#8211; Esciclismo"},"content":{"rendered":"<ol>\n<li><a href=\"https:\/\/news.google.com\/rss\/articles\/CBMiakFVX3lxTE1YS3VWS3NsQ1hocjVxUzJUcExpSTltMXhpdTZkWWFOb1dxR2RsbzhTNTdyU2hna0J5VTllVG1TbzVETTJrWUFIQ01hZWRvWW42ckhjTEU2bWk0cWU4NzQ0VnozRV96cWNyUnc?oc=5\" target=\"_blank\" rel=\"nofollow noopener\">Oscar Onley y Jo\u00e3o Almeida no tomar\u00e1n la salida de la 7\u00aa etapa del Tour de Auvernia-R\u00f3dano-Alpes<\/a>&nbsp;&nbsp;Esciclismo<\/li>\n<li><a href=\"https:\/\/news.google.com\/rss\/articles\/CBMi1AFBVV95cUxNTjdHdGFYeEIxZEY3MHVVU0Q5S0V4OVU3d1FFdk96LVlET1g4X2UzempVQkhrS2IxQUQ2cEpzaU1HdEh1V19VYjdtLUhXSGFjczdnRGhkQUtibHdCT3R6RTZ2amhtMk83ZjdZT0IzbEs0aEhUSzc5bURUVVg2RFM5aHR5WHJ2cnplZllZN3M0LTduaUJPQzI5blB5SnZqUmozWFBZZXFHN3NQYTZhYlBNUmQtRWEwS2hhdXhhSkIxNUd4b0FCMjhfd3RqeTE3emdVdlJMVdIB4gFBVV95cUxPeGszdW1aV2I0bXh5anZHUXN4cTBvSW1yM0FIRjRiS3I0SXBSZmEtMGFheWxROUFya2ZmZEFGVl9OYUpkQjdoQ1VSYjhxblg2R0lpY1lIQUpvUUdPY2pvUllQTDJqd1BGcVZyWFd2R0pJYl9nUGdxc19LdnJlcnBGT05EY1FtNlpjdy1xZzJPZFo0eXcwc1lOZGRLSHVrNXoxZVdDVVpXUFlsM0FZN19leE9hYUw1ejdvdENXZWUteXZ3VHZJd1VEeDYtLWE2Nlpwd3kyaGdoQi1oamFYeGc2Vld3?oc=5\" target=\"_blank\" rel=\"nofollow noopener\">Dos bajas de \u00faltima hora en la decisiva pen\u00faltima etapa del Tour de Auvernia-R\u00f3dano-Alpes<\/a>&nbsp;&nbsp;Mundo Deportivo<\/li>\n<li><a href=\"https:\/\/news.google.com\/rss\/articles\/CBMiqwFBVV95cUxNTjhENnpKZTloald6U0ctNldKWTRIZ1RBWnZ3Wk80cmpYVFNxRTFWMDFIUkY1QzlYc1RNX2luNV93TlVub0U0bW5Mb0tfTUhzNUJRck15UEFNYkNpTGE2aWRtSmR6cVg5VXp6dVVTYTRiM1NsdzhpelhOYmRfV3kwWWNobm95NUx4amNtc0ZHSURJVF9jMExWaWFfWVg3SHRGVDY3YmZzTTZabTg?oc=5\" target=\"_blank\" rel=\"nofollow noopener\">Jorgenson resiste en Auvergne tras el caos de la etapa<\/a>&nbsp;&nbsp;Ciclismo Internacional<\/li>\n<li><a href=\"https:\/\/news.google.com\/rss\/articles\/CBMi-AFBVV95cUxPSkRZdHBXa1hwWmFkalRzMGNueGRBblhySC1iZFNiZWVDNEFiTjNrLUJESFQtb0RPRFNINlNBZHJqcjhObHE5QnZrdklfWDRUdEJWVjYxeXFHLTBMa3Rna0tyUWFGVzNKM1VJRzRmaTJfamRRQVA2M2g5NFFVTjhxR2VOd0NMQ2ZCcGx0bVVyYmc5dTY1R0NUenpCR0MtQWtmdzM5NEtlN0tZUzZ1cThfTWltTHN4WU5seXR1N01NdXdVVHBpWEo3WTROb1dUb2twNkdvRWZQcWRYejIxUUp3NmFYUFJvZWpseVNRN0JjY3ZoTWQyQmVEVw?oc=5\" target=\"_blank\" rel=\"nofollow noopener\">\u201cLe vi irse por el borde y me asust\u00f3\u201d: Matteo Jorgenson relata la preocupante ca\u00edda de Oscar Onley en el Tour Auvergne-Rh\u00f4ne-Alpes<\/a>&nbsp;&nbsp;Ciclismoaldia.es<\/li>\n<li><a href=\"https:\/\/news.google.com\/rss\/articles\/CBMiswFBVV95cUxNTjdVUnh2UHY2VnJSVXZWU3ZZWXA1OXNCaklBaVV4ZUV2a2hGSHNicFpMc1lEeGFxc05pZTlWQkIydGJpcE90eWtHb1NYbFF6aUJucGtMVWtoYURUZEp0MTFEV3puSzNaY0hSbDBBNU0wVVZOc1NfSWpaWjFyeHItQU5xc1RxQTJOTDZMS0RCSFFtNURsM0lKRDRfS19ubFVwRVVCek5HY09xblRlaGNZb2JvSQ?oc=5\" target=\"_blank\" rel=\"nofollow noopener\">Resumen de noticias de ciclismo: Diario del 12 de junio 2026<\/a>&nbsp;&nbsp;Ciclismo Internacional<\/li>\n<\/ol>\n","protected":false},"excerpt":{"rendered":"Oscar Onley y Jo\u00e3o Almeida no tomar\u00e1n la salida de la 7\u00aa etapa del Tour de Auvernia-R\u00f3dano-Alpes&nbsp;&nbsp;Esciclismo Dos&hellip;\n","protected":false},"author":2,"featured_media":604072,"comment_status":"","ping_status":"","sticky":false,"template":"","format":"standard","meta":{"footnotes":""},"categories":[273],"tags":[6776,5830,313,1757,312,168,158,551,25,24,15813,25159,58102,105089,68294,2789,18858,23,167,550,552],"class_list":["post-604071","post","type-post","status-publish","format-standard","has-post-thumbnail","category-ciclismo","tag-almeida","tag-britanico","tag-ciclismo","tag-ciclista","tag-cycling","tag-deportes","tag-el","tag-emirates","tag-es","tag-espana","tag-ineos","tag-joao","tag-n","tag-ompany","tag-onley","tag-oscar","tag-portugues","tag-spain","tag-sports","tag-uae","tag-xrg"],"share_on_mastodon":{"url":"https:\/\/pubeurope.com\/@es\/116742759930415482","error":""},"_links":{"self":[{"href":"https:\/\/www.europesays.com\/es\/wp-json\/wp\/v2\/posts\/604071","targetHints":{"allow":["GET"]}}],"collection":[{"href":"https:\/\/www.europesays.com\/es\/wp-json\/wp\/v2\/posts"}],"about":[{"href":"https:\/\/www.europesays.com\/es\/wp-json\/wp\/v2\/types\/post"}],"author":[{"embeddable":true,"href":"https:\/\/www.europesays.com\/es\/wp-json\/wp\/v2\/users\/2"}],"replies":[{"embeddable":true,"href":"https:\/\/www.europesays.com\/es\/wp-json\/wp\/v2\/comments?post=604071"}],"version-history":[{"count":0,"href":"https:\/\/www.europesays.com\/es\/wp-json\/wp\/v2\/posts\/604071\/revisions"}],"wp:featuredmedia":[{"embeddable":true,"href":"https:\/\/www.europesays.com\/es\/wp-json\/wp\/v2\/media\/604072"}],"wp:attachment":[{"href":"https:\/\/www.europesays.com\/es\/wp-json\/wp\/v2\/media?parent=604071"}],"wp:term":[{"taxonomy":"category","embeddable":true,"href":"https:\/\/www.europesays.com\/es\/wp-json\/wp\/v2\/categories?post=604071"},{"taxonomy":"post_tag","embeddable":true,"href":"https:\/\/www.europesays.com\/es\/wp-json\/wp\/v2\/tags?post=604071"}],"curies":[{"name":"wp","href":"https:\/\/api.w.org\/{rel}","templated":true}]}}