{"id":604081,"date":"2026-06-13T12:27:23","date_gmt":"2026-06-13T12:27:23","guid":{"rendered":"https:\/\/www.europesays.com\/es\/604081\/"},"modified":"2026-06-13T12:27:23","modified_gmt":"2026-06-13T12:27:23","slug":"justin-hawkins-the-darkness-iron-maiden-siempre-nos-roba-los-tecnicos-de-guitarra","status":"publish","type":"post","link":"https:\/\/www.europesays.com\/es\/604081\/","title":{"rendered":"Justin Hawkins (The Darkness): \u201cIron Maiden siempre nos roba los t\u00e9cnicos de guitarra\u201d"},"content":{"rendered":"<p><strong>Justin Hawkins<\/strong>, el carism\u00e1tico l\u00edder, cantante y guitarrista de <strong>The Darkness<\/strong>, tiene una \u00abqueja\u00bb sobre su relaci\u00f3n con <strong>Iron Maiden<\/strong>: \u201cSiempre nos roban los t\u00e9cnicos de guitarra\u201d, por lo que ya se est\u00e1 temiendo que, despu\u00e9s de compartir con ellos una de las jornadas del <a href=\"https:\/\/mariskalrock.com\/actualidad\/bruce-dickinson-sugiere-que-el-eddfest-de-iron-maiden-podria-convertirse-en-un-festival-con-continuidad-sin-su-presencia\/\" target=\"_blank\" rel=\"noopener nofollow\"><strong>EddFest<\/strong><\/a> con el que se celebrar\u00e1 el <strong>50\u00ba aniversario<\/strong> de La Doncella, se queden sin t\u00e9cnicos para afrontar su pr\u00f3xima gira.<\/p>\n<p>El siempre simp\u00e1tico Hawkins ha bromeado con que su banda puede ser \u201cel club de cantera de t\u00e9cnicos de guitarra de Iron Maiden\u201d durante una reciente entrevista con <a href=\"https:\/\/www.youtube.com\/@VirginRadioUK\" target=\"_blank\" rel=\"noopener nofollow\"><strong>Virgin Radio UK<\/strong><\/a>, en la que se ha mostrado emocionado por poder acompa\u00f1ar a Iron Maiden en la gran cita que tendr\u00e1 lugar los d\u00edas <strong>10 y 11 de julio<\/strong> en el emblem\u00e1tico <strong>Knebworth Park<\/strong>, al norte de Londres. Las entradas se pueden\u00a0<strong><a href=\"https:\/\/ironmaiden-knebworth.gigantic.com\/iron-maiden-tickets?_gl=1*1w1q0do*_gcl_au*MTY1MTQ0NzU5NS4xNzc0OTcxNzEy\" target=\"_blank\" rel=\"noopener nofollow\">comprar en este enlace<\/a>.<\/strong><\/p>\n<p>Bandas como <strong>The Hu, Airbourne o The Almighty<\/strong> formar\u00e1n parte del cartel junto a la gran actuaci\u00f3n de <strong>Iron Maiden el 11 de julio<\/strong>, y la oportunidad de actuar en este gran evento llev\u00f3 a comentar la relaci\u00f3n que The Darkness tiene con los de <strong>Steve Harris<\/strong>: \u201cTenemos muchos amigos en com\u00fan. No hacemos tantas giras como Iron Maiden. Quiero decir, estamos mucho tiempo de gira, pero no tanto como ellos. Y siempre contamos con t\u00e9cnicos de guitarra geniales, y ellos siempre nos los roban. As\u00ed que somos como un club de cantera para los t\u00e9cnicos de Iron Maiden. Tenemos muchos amigos en com\u00fan y, obviamente, cada vez que estamos en el mismo lugar, nos llevamos de maravilla. As\u00ed que creo que va a ser un d\u00eda genial\u201d.<\/p>\n<p>La broma se extiende pensado en su propia pr\u00f3xima gira con el entrevistador indicando que espera que les queden t\u00e9cnicos para entonces. \u201cEso es lo que me preocupa\u201d, recoge el guante Justin. \u201cUna tarde con Iron Maiden y luego nos quedamos solos afin\u00e1ndonos nuestras propias guitarras. Qu\u00e9 humillaci\u00f3n\u201d.<\/p>\n<p><a target=\"_blank\" href=\"https:\/\/tienda.mariskalrock.com\/producto\/la-heavy-482-ya-a-la-venta-con-deep-purple-en-portada-junto-a-iron-maiden-judas-priest-within-temptation-y-limp-bizkit\/\" rel=\"nofollow noopener\"><img fetchpriority=\"high\" decoding=\"async\" class=\"aligncenter wp-image-405633 size-full\" src=\"https:\/\/www.europesays.com\/es\/wp-content\/uploads\/2026\/06\/1781353639_747_la-heavy-482-FB-ok-6.webp\" alt=\"\" width=\"600\" height=\"338\"  \/><\/a><\/p>\n<p><strong>Iron Maiden<\/strong> acompa\u00f1a a <strong>Judas Priest, Limp Bizkit y Within Temptation<\/strong> entre los contenidos destacados del <strong><a target=\"_blank\" href=\"https:\/\/tienda.mariskalrock.com\/producto\/la-heavy-482-ya-a-la-venta-con-deep-purple-en-portada-junto-a-iron-maiden-judas-priest-within-temptation-y-limp-bizkit\/\" rel=\"nofollow noopener\">n\u00famero 482 de La Heavy<\/a><\/strong>, con la portada capitaneada por los legendarios <strong>Deep Purple<\/strong>. M\u00e1s contenidos que te esperan en la revista est\u00e1n protagonizados por <strong>Metallica, Megadeth, Kaiser Chiefs, Evergrey, Bloodhunter o Jared James Nichols<\/strong> entre much\u00edsimos otros. Corre a tu kiosco o <strong><a target=\"_blank\" href=\"https:\/\/tienda.mariskalrock.com\/producto\/la-heavy-482-ya-a-la-venta-con-deep-purple-en-portada-junto-a-iron-maiden-judas-priest-within-temptation-y-limp-bizkit\/\" rel=\"nofollow noopener\">visita nuestra tienda online<\/a><\/strong> para no perderte nada.<\/p>\n<p>\u00abEddfest\u00bb en Knebworth Park<\/p>\n<p>Hawkins hace una gran reflexi\u00f3n sobre la oportunidad de tocar en un escenario como el que acogi\u00f3 el \u00faltimo concierto de <strong>Queen con Freddie Mercury<\/strong> frente a m\u00e1s de cien mil personas en 1986, y el hecho de tener a Iron Maiden conquistando Knebworth Park: \u201cVamos a tocar en Knebworth. La \u00faltima vez que lo hicimos fue en 2003, y entonces teloneamos a Robbie Williams. As\u00ed que han pasado 23 a\u00f1os. Pero creo que no se trata de nosotros. Toda la historia de Knebworth&#8230; Es bastante incre\u00edble que Iron Maiden vaya a tocar en ese lugar legendario sin haber hecho nunca m\u00fasica pensada para entrar en las listas de \u00e9xitos de ninguna manera. Obviamente, han tenido n\u00fameros uno y cosas as\u00ed, y han vendido montones de discos, pero es m\u00fasica de los marginados. Es metal de verdad\u201d.<\/p>\n<p>Justin pone un ejemplo que a muchos le resultar\u00e1 familiar: \u201cSi llevabas una camiseta de Iron Maiden en el instituto, la llevabas como una especie de medalla de honor para decir: \u201cNo soy uno del mont\u00f3n. No sigo las modas. No pertenezco a los grupitos habituales que hay en la jerarqu\u00eda del instituto. Soy metalero, as\u00ed que d\u00e9jame en paz\u201d. Pero el hecho de que haya tantos de ellos, que puedas tocar en Knebworth despu\u00e9s de todo este tiempo, es realmente incre\u00edble, y esa es la historia. As\u00ed que estamos muy contentos de formar parte de ello. Estamos encantados de que nos hayan invitado. Y luego nos invitaron al estreno de su documental\u201d.<\/p>\n<p style=\"text-align: center;\">\n<p>Iron Maiden en Espa\u00f1a<\/p>\n<p>Antes del <strong><a href=\"https:\/\/mariskalrock.com\/actualidad\/iron-maiden-confirma-los-dos-ultimos-conciertos-de-la-gira-run-for-your-lives-tras-los-que-se-tomara-un-merecido-descanso\/\" target=\"_blank\" rel=\"noopener nofollow\">merecido descanso<\/a><\/strong>, y de la <a href=\"https:\/\/mariskalrock.com\/actualidad\/iron-maiden-entrara-rock-and-roll-hall-of-fame-en-2026-junto-a-billy-idol-oasis-joy-division-o-phil-collins\/\" target=\"_blank\" rel=\"noopener nofollow\"><strong>entrada en el Rock and Roll Hall of Fame<\/strong><\/a> en la que parece que <strong><a href=\"https:\/\/mariskalrock.com\/actualidad\/iron-maiden-no-estara-en-la-ceremonia-de-su-incorporacion-al-rock-and-roll-hall-of-fame-y-esta-es-su-razon\/\" target=\"_blank\" rel=\"noopener nofollow\">no har\u00e1n acto de presencia<\/a><\/strong>, tambi\u00e9n tendremos de nuevo a Iron Maiden en nuestro pa\u00eds. Este 2026 ser\u00e1 otro a\u00f1o en el que la banda brit\u00e1nica tendr\u00e1 toda la atenci\u00f3n de los seguidores en todo el mundo, con nuevas paradas de su gira como las que llegar\u00e1n en Espa\u00f1a a los carteles de <strong>Resurrection Fest<\/strong> (del 1 al 4 de julio, <a href=\"https:\/\/www.resurrectionfest.es\/entradas\/\" target=\"_blank\" rel=\"noopener nofollow\"><strong>entradas aqu\u00ed<\/strong><\/a>) con <strong>Marilyn Manson, Limp Bizkit o Sabaton<\/strong> entre otros, y en <strong>Rock Imperium Festival<\/strong> (del 3 al 5 de julio, <a href=\"https:\/\/www.rockimperiumfestival.es\/es\/entradas\/\" target=\"_blank\" rel=\"noopener nofollow\"><strong>entradas aqu\u00ed<\/strong><\/a>), compartiendo cabecera del cartel con <strong>Within Temptation y Sabaton<\/strong>.<\/p>\n<p style=\"text-align: center;\"><a href=\"https:\/\/www.europesays.com\/es\/wp-content\/uploads\/2026\/06\/resurrection-fest-26-entradas-diarias-2-3-cartel.webp\" target=\"_blank\" rel=\"noopener\"><img loading=\"lazy\" decoding=\"async\" class=\"alignnone wp-image-384548\" src=\"https:\/\/www.europesays.com\/es\/wp-content\/uploads\/2026\/06\/resurrection-fest-26-entradas-diarias-2-3-cartel.webp\" alt=\"\" width=\"600\" height=\"751\"  \/><\/a><\/p>\n<p style=\"text-align: center;\"><a href=\"https:\/\/www.europesays.com\/es\/wp-content\/uploads\/2026\/06\/rock-imperium-90-aforo-cartel.webp\" target=\"_blank\" rel=\"noopener\"><img loading=\"lazy\" decoding=\"async\" class=\"aligncenter wp-image-401922 size-full\" src=\"https:\/\/www.europesays.com\/es\/wp-content\/uploads\/2026\/06\/rock-imperium-90-aforo-cartel.webp\" alt=\"\" width=\"600\" height=\"750\"  \/><\/a><\/p>\n<p>                         <a target=\"_blank\" href=\"http:\/\/www.mariskalrock.com\" class=\"url\" title=\"Jorge Bobadilla\" rel=\"nofollow noopener\"> <img decoding=\"async\" src=\"https:\/\/www.europesays.com\/es\/wp-content\/uploads\/2026\/06\/1781353643_849_jorge-bobadilla-2025-web-300x300-1.jpg\" class=\"photo\" width=\"250\" alt=\"Jorge Bobadilla\"\/><\/a> <\/p>\n<p>Llev\u00e1is ya m\u00e1s de veinte a\u00f1os ley\u00e9ndome por aqu\u00ed y por all\u00ed, as\u00ed que, vayamos al grano. En 2005 MariskalRock abri\u00f3 sus puertas a este humilde \u201cjuntaletras\u201d, y desde entonces el rock ha sido la punta del comp\u00e1s de mi vida. Aficionado tambi\u00e9n a atrapar im\u00e1genes (sean fijas o en movimiento), en estas dos d\u00e9cadas ser\u00eda raro que no nos hubi\u00e9ramos visto entre salas y festivales. Brindemos en la pr\u00f3xima.<\/p>\n<p> <a href=\"http:\/\/www.mariskalrock.com\" class=\"url\" target=\"_blank\" title=\"Jorge Bobadilla\" rel=\"nofollow noopener\"><img decoding=\"async\" src=\"https:\/\/www.europesays.com\/es\/wp-content\/uploads\/2026\/06\/1781353643_849_jorge-bobadilla-2025-web-300x300-1.jpg\" class=\"photo\" width=\"250\" alt=\"Jorge Bobadilla\"\/><\/a>\u00daltimas entradas de Jorge Bobadilla (<a target=\"_blank\" href=\"https:\/\/mariskalrock.com\/author\/jorge-bobadilla\/\" rel=\"nofollow noopener\">ver todo<\/a>)  <\/p>\n","protected":false},"excerpt":{"rendered":"Justin Hawkins, el carism\u00e1tico l\u00edder, cantante y guitarrista de The Darkness, tiene una \u00abqueja\u00bb sobre su relaci\u00f3n con&hellip;\n","protected":false},"author":2,"featured_media":604082,"comment_status":"","ping_status":"","sticky":false,"template":"","format":"standard","meta":{"footnotes":""},"categories":[170],"tags":[63942,97514,146,147,25,24,477,55455,113372,55986,4622,184,185,23,86995,52356,86996],"class_list":["post-604081","post","type-post","status-publish","format-standard","has-post-thumbnail","category-musica","tag-airbourne","tag-eddfest","tag-entertainment","tag-entretenimiento","tag-es","tag-espana","tag-iron-maiden","tag-justin-hawkins","tag-knebworth-park","tag-la-heavy","tag-mr2022","tag-music","tag-musica","tag-spain","tag-the-almighty","tag-the-darkness","tag-the-hu"],"share_on_mastodon":{"url":"https:\/\/pubeurope.com\/@es\/116742800092740401","error":""},"_links":{"self":[{"href":"https:\/\/www.europesays.com\/es\/wp-json\/wp\/v2\/posts\/604081","targetHints":{"allow":["GET"]}}],"collection":[{"href":"https:\/\/www.europesays.com\/es\/wp-json\/wp\/v2\/posts"}],"about":[{"href":"https:\/\/www.europesays.com\/es\/wp-json\/wp\/v2\/types\/post"}],"author":[{"embeddable":true,"href":"https:\/\/www.europesays.com\/es\/wp-json\/wp\/v2\/users\/2"}],"replies":[{"embeddable":true,"href":"https:\/\/www.europesays.com\/es\/wp-json\/wp\/v2\/comments?post=604081"}],"version-history":[{"count":0,"href":"https:\/\/www.europesays.com\/es\/wp-json\/wp\/v2\/posts\/604081\/revisions"}],"wp:featuredmedia":[{"embeddable":true,"href":"https:\/\/www.europesays.com\/es\/wp-json\/wp\/v2\/media\/604082"}],"wp:attachment":[{"href":"https:\/\/www.europesays.com\/es\/wp-json\/wp\/v2\/media?parent=604081"}],"wp:term":[{"taxonomy":"category","embeddable":true,"href":"https:\/\/www.europesays.com\/es\/wp-json\/wp\/v2\/categories?post=604081"},{"taxonomy":"post_tag","embeddable":true,"href":"https:\/\/www.europesays.com\/es\/wp-json\/wp\/v2\/tags?post=604081"}],"curies":[{"name":"wp","href":"https:\/\/api.w.org\/{rel}","templated":true}]}}