{"id":604089,"date":"2026-06-13T12:31:27","date_gmt":"2026-06-13T12:31:27","guid":{"rendered":"https:\/\/www.europesays.com\/es\/604089\/"},"modified":"2026-06-13T12:31:27","modified_gmt":"2026-06-13T12:31:27","slug":"cristina-pardo-dice-adios-a-lasexta-antes-de-estrenarse-en-antena-3-esta-cadena-me-ha-dado-muchas-oportunidades","status":"publish","type":"post","link":"https:\/\/www.europesays.com\/es\/604089\/","title":{"rendered":"Cristina Pardo dice adi\u00f3s a laSexta antes de estrenarse en Antena 3: \u00abEsta cadena me ha dado muchas oportunidades\u00bb"},"content":{"rendered":"<p class=\"article-text\">\n        <strong>Cristina Pardo<\/strong> se despidi\u00f3 este viernes 12 de junio de sus compa\u00f1eros de <strong>laSexta <\/strong>\u2013la cadena para la que ha trabajado durante los \u00faltimos 20 a\u00f1os\u2013 antes de iniciar <a href=\"https:\/\/www.eldiario.es\/vertele\/noticias\/cristina-pardo-despide-lasexta-20-anos-salta-antena-3-programa-propio-prime-time_1_13167852.html\" target=\"_blank\" data-mrf-recirculation=\"links-noticia\" class=\"link\" rel=\"nofollow noopener\"><strong>una nueva etapa en Antena 3<\/strong><\/a>.\n    <\/p>\n<p>    <a href=\"https:\/\/www.eldiario.es\/vertele\/entrevistas\/juan-carlos-rivero-voz-mundial-2026-rtve-mas-dificil-narrador-altura-evento_1_13268958.html\" data-mrf-recirculation=\"saber-mas\" data-dl-event=\"saber-mas\" rel=\"nofollow noopener\" target=\"_blank\"><\/p>\n<p class=\"know-more__title\">Juan Carlos Rivero, la voz del Mundial en RTVE: \u00abCuando est\u00e1s tan expuesto es normal que haya cr\u00edticas\u00bb<\/p>\n<p>            <img decoding=\"async\" class=\"lazy\" loading=\"lazy\" data-src=\"https:\/\/static.eldiario.es\/clip\/81ee67af-99c6-476c-95db-b78b7c45e9ce_16-9-aspect-ratio_default_0.jpg\" src=\"data:image\/svg+xml,%3Csvg xmlns=\" http:=\"\" viewbox=\"0 0 880 495\" alt=\"Juan Carlos Rivero, la voz del Mundial en RTVE: &quot;Cuando est\u00e1s tan expuesto es normal que haya cr\u00edticas&quot;\"\/><\/p>\n<p>                        <\/a><\/p>\n<p class=\"article-text\">\n        La presentadora fue homenajeada en su propio programa, en <strong>M\u00e1s Vale Tarde<\/strong>, por quienes la han acompa\u00f1ado delante y detr\u00e1s de las c\u00e1maras en este magac\u00edn que ha conducido junto a <strong>I\u00f1aki L\u00f3pez<\/strong> desde septiembre de 2021. \u201cHa sido un placer. He aprendido mucho trabajando contigo\u201d, le dijo el comunicador vasco al tiempo que reconoc\u00eda que no es \u201cf\u00e1cil\u201d trabajar con una persona tan \u201cdispersa, ca\u00f3tica, complicada y olvidadiza\u201d como \u00e9l. \u201cLo hemos pasado bien\u201d, reaccion\u00f3 la navarra. \u201cNunca se ha olvidado de mi nombre y creo que eso es muy meritorio\u201d, se\u00f1al\u00f3 entre risas.\n    <\/p>\n<p class=\"article-text\">\n        Pardo se mostr\u00f3 \u201cmuy orgullosa de haber trabajado con este equipo\u201d que \u201csimboliza a todos los equipos\u201d con los que ella ha trabajado desde que lleg\u00f3 a laSexta en 2006. \u201c<strong>Los equipos \u2013 a\u00f1adi\u00f3\u2013 nos hacen mejores a los que damos la cara\u201d<\/strong>. Se emocion\u00f3 ella y se emocionaron sus compa\u00f1eros, especialmente Beatriz de Vicente, la experta crimin\u00f3loga de M\u00e1s Vale Tarde.\n    <\/p>\n<p class=\"article-text\">\n        Dicho esto, aprovech\u00f3 sus \u00faltimas palabras para agradecer a laSexta que le haya dado \u201ctantas oportunidades y tantas alegr\u00edas\u201d. Y tambi\u00e9n pidi\u00f3 a los espectadores que tengan \u201csiempre en cuenta\u201d que esta es una cadena \u201cque trabaja much\u00edsimo por y para ellos\u201d.\n    <\/p>\n<p>    <a href=\"https:\/\/www.eldiario.es\/vertele\/noticias\/tu-cara-me-suena-ganador-gala-9-antena-3-favorito-crea-super-bowl-merche-desmonta-mito-jesulin_1_13281864.html\" data-mrf-recirculation=\"saber-mas-abajo\" data-dl-event=\"saber-mas-abajo\" rel=\"nofollow noopener\" target=\"_blank\"><\/p>\n<p class=\"know-more__title\">&#8216;Tu cara me suena&#8217; hace ganador a su favorito, crea la Super Bowl de Merche y desmonta un mito de Jesul\u00edn con &#8216;Toda&#8217;<\/p>\n<p>            <img decoding=\"async\" class=\"lazy\" loading=\"lazy\" data-src=\"https:\/\/static.eldiario.es\/clip\/9fca7777-92f1-4b9d-8b90-5bbdb2e1cf82_16-9-aspect-ratio_default_0.jpg\" src=\"data:image\/svg+xml,%3Csvg xmlns=\" http:=\"\" viewbox=\"0 0 880 495\" alt=\"'Tu cara me suena' hace ganador a su favorito, crea la Super Bowl de Merche y desmonta un mito de Jesul\u00edn con 'Toda'\"\/><\/p>\n<p>                        <\/a><\/p>\n<p class=\"article-text\">\n        Ahora, tras dos d\u00e9cadas adquiriendo fama en el peque\u00f1o canal de Atresmedia \u2013en el que empez\u00f3 siendo su corresponsal pol\u00edtica m\u00e1s conocida\u2013, Cristina Pardo salta a Antena 3 <strong>para presentar su propio programa en horario de m\u00e1xima audiencia<\/strong>.\n    <\/p>\n","protected":false},"excerpt":{"rendered":"Cristina Pardo se despidi\u00f3 este viernes 12 de junio de sus compa\u00f1eros de laSexta \u2013la cadena para la&hellip;\n","protected":false},"author":2,"featured_media":604090,"comment_status":"","ping_status":"","sticky":false,"template":"","format":"standard","meta":{"footnotes":""},"categories":[91],"tags":[35832,204,146,147,25,24,5079,29622,113373,23],"class_list":["post-604089","post","type-post","status-publish","format-standard","has-post-thumbnail","category-entretenimiento","tag-cristina-pardo","tag-despedida","tag-entertainment","tag-entretenimiento","tag-es","tag-espana","tag-la-sexta","tag-mas-vale-tarde","tag-nuevo-programa-antena-3","tag-spain"],"share_on_mastodon":{"url":"https:\/\/pubeurope.com\/@es\/116742814882261762","error":""},"_links":{"self":[{"href":"https:\/\/www.europesays.com\/es\/wp-json\/wp\/v2\/posts\/604089","targetHints":{"allow":["GET"]}}],"collection":[{"href":"https:\/\/www.europesays.com\/es\/wp-json\/wp\/v2\/posts"}],"about":[{"href":"https:\/\/www.europesays.com\/es\/wp-json\/wp\/v2\/types\/post"}],"author":[{"embeddable":true,"href":"https:\/\/www.europesays.com\/es\/wp-json\/wp\/v2\/users\/2"}],"replies":[{"embeddable":true,"href":"https:\/\/www.europesays.com\/es\/wp-json\/wp\/v2\/comments?post=604089"}],"version-history":[{"count":0,"href":"https:\/\/www.europesays.com\/es\/wp-json\/wp\/v2\/posts\/604089\/revisions"}],"wp:featuredmedia":[{"embeddable":true,"href":"https:\/\/www.europesays.com\/es\/wp-json\/wp\/v2\/media\/604090"}],"wp:attachment":[{"href":"https:\/\/www.europesays.com\/es\/wp-json\/wp\/v2\/media?parent=604089"}],"wp:term":[{"taxonomy":"category","embeddable":true,"href":"https:\/\/www.europesays.com\/es\/wp-json\/wp\/v2\/categories?post=604089"},{"taxonomy":"post_tag","embeddable":true,"href":"https:\/\/www.europesays.com\/es\/wp-json\/wp\/v2\/tags?post=604089"}],"curies":[{"name":"wp","href":"https:\/\/api.w.org\/{rel}","templated":true}]}}