{"id":604178,"date":"2026-06-13T13:38:19","date_gmt":"2026-06-13T13:38:19","guid":{"rendered":"https:\/\/www.europesays.com\/es\/604178\/"},"modified":"2026-06-13T13:38:19","modified_gmt":"2026-06-13T13:38:19","slug":"por-que-surgieron-rumores-sobre-fernando-alonso-y-alpine-para-la-f1-2027","status":"publish","type":"post","link":"https:\/\/www.europesays.com\/es\/604178\/","title":{"rendered":"Por qu\u00e9 surgieron rumores sobre Fernando Alonso y Alpine para la F1 2027"},"content":{"rendered":"<p><a href=\"https:\/\/lat.motorsport.com\/driver\/fernando-alonso\/463645\/\" target=\"_blank\" rel=\"noopener nofollow\">Fernando Alonso<\/a> no ha decidido su futuro en la F\u00f3rmula 1 m\u00e1s all\u00e1 del final de esta temporada y han surgido rumores sobre un sensacional regreso a <a href=\"https:\/\/lat.motorsport.com\/team\/alpine\/37484\/\" target=\"_blank\" rel=\"noopener nofollow\">Alpine<\/a> para una cuarta etapa con el equipo con sede en Enstone.<\/p>\n<p>Alonso ya ha vivido despedidas en la F1. En el Gran Premio de Abu Dabi de 2018, se despidi\u00f3 de <a href=\"https:\/\/lat.motorsport.com\/team\/mclaren-f1\/25727\/\" target=\"_blank\" rel=\"noopener nofollow\">McLaren<\/a> y de la F\u00f3rmula 1, pero no fue un adi\u00f3s al automovilismo, ya que emprendi\u00f3 la b\u00fasqueda de la Triple Corona y una campa\u00f1a en el Campeonato Mundial de Resistencia; luego, m\u00e1s tarde, una participaci\u00f3n en el Rally Dakar.<\/p>\n<p>Ocho a\u00f1os despu\u00e9s, durante la previa para el GP de Barcelona, Alonso admiti\u00f3 que la carrera en el Circuit de Catalunya ser\u00e1 muy probablemente la \u00faltima suya como piloto de F1.<\/p>\n<p>\u00abVa a ser un fin de semana especial, probablemente mi \u00faltima carrera en Barcelona en la F\u00f3rmula 1. As\u00ed que quiero dar las gracias a todos\u00bb, dijo.<\/p>\n<p>M\u00e1s tarde a\u00f1adi\u00f3: \u00abDespu\u00e9s del verano tomar\u00e9 la decisi\u00f3n de continuar o no\u00bb.<\/p>\n<p>No es ning\u00fan secreto que Alonso puede optar por poner fin a su carrera en la F1 al concluir la temporada. Y esta vez, a los 45 a\u00f1os, podr\u00eda ser una despedida definitiva. Sin embargo, cuando se trata de Alonso, siempre hay que ser cautos, dada su feroz motivaci\u00f3n durante su larga racha sin \u00e9xito en la F1.<\/p>\n<p>Actualmente se barajan dos escenarios respecto a su futuro. El primero sigue involucrando a Aston Martin y, en particular, al coche que est\u00e1 previsto que debute en poco m\u00e1s de un mes durante el fin de semana del Gran Premio de B\u00e9lgica. Se trata esencialmente de un paquete &#8216;AMR26 B&#8217; en el que el equipo ha depositado sus \u00faltimas esperanzas de dar la vuelta a una temporada que ha estado muy por debajo de las expectativas.<\/p>\n<p>   <img decoding=\"async\" draggable=\"false\" src=\"https:\/\/www.europesays.com\/es\/wp-content\/uploads\/2026\/06\/f1-chinese-gp-2005-podium-champagne-for-fernando-alonso-and-flavio-briatore.jpg\" alt=\"Podium: champagne for Fernando Alonso and Flavio Briatore\" width=\"1200\" height=\"800\" loading=\"lazy\"\/> <\/p>\n<p class=\"title\">Podium: champagne for Fernando Alonso and Flavio Briatore<\/p>\n<p class=\"photographer\">Photo by: Motorsport Images<\/p>\n<p>Pero en el paddock de Barcelona, otra hip\u00f3tesis est\u00e1 cobrando fuerza. Existe una posibilidad real de que Alonso se conceda un \u00faltimo cap\u00edtulo con el equipo con el que gan\u00f3 sus dos t\u00edtulos mundiales.<\/p>\n<p>Alpine est\u00e1 ahora liderado por Flavio Briatore, que tambi\u00e9n es el representante de Alonso, y aunque ha subrayado repetidamente que el desarrollo t\u00e9cnico del equipo sigue siendo la prioridad, la idea de recibir a Alonso para lo que podr\u00eda ser su \u00faltima temporada en la F1 se considera realista.<\/p>\n<p>Ser\u00eda &#8216;Alonso IV&#8217; en la historia entre el piloto y la escuder\u00eda de Enstone. El equipo lo recibi\u00f3 por primera vez bajo el nombre de Renault de 2003 a 2006, el per\u00edodo m\u00e1s glorioso de su carrera, y luego de nuevo de 2008 a 2009 tras su separaci\u00f3n de McLaren. Fue la misma organizaci\u00f3n, ahora conocida como Alpine, la que lo devolvi\u00f3 a la F1 en 2021.<\/p>\n<p>Una \u00faltima etapa en el equipo que le dio los momentos m\u00e1s significativos de su carrera tendr\u00eda inevitablemente un fuerte valor simb\u00f3lico. Pero no ser\u00eda solo una cuesti\u00f3n sentimental.<\/p>\n<p>Lea tambi\u00e9n:<\/p>\n<p>Aston Martin sigue teniendo un enorme potencial sobre el papel, pero no hay garant\u00edas de que su asociaci\u00f3n con Honda produzca un paquete ganador para 2027. Alpine, gracias a su asociaci\u00f3n con <a href=\"https:\/\/lat.motorsport.com\/team\/mercedes-amg-f1\/25731\/\" target=\"_blank\" rel=\"noopener nofollow\">Mercedes<\/a>, actualmente parece ser un destino m\u00e1s tranquilizador para alguien que a\u00fan sue\u00f1a con subir al podio al menos una vez m\u00e1s.<\/p>\n<p>\u00bfY qu\u00e9 hay de la despedida de Alonso de Barcelona? El dos veces campe\u00f3n mundial de F1 es un comunicador h\u00e1bil en los medios y sus palabras del jueves no fueron elegidas por casualidad. El Circuit de Catalunya no formar\u00e1 parte del calendario de 2027, ya que entra en el sistema de rotaci\u00f3n de la F1 junto con Spa-Francorchamps, con un regreso previsto para 2028.<\/p>\n<p>Desde esa perspectiva, la despedida es real, aunque solo sea por el pr\u00f3ximo a\u00f1o. Sin embargo, la \u00fanica persona que quiz\u00e1 no est\u00e9 ausente del evento del pr\u00f3ximo a\u00f1o es el propio Alonso.<\/p>\n<p>Lea tambi\u00e9n:<\/p>\n<p>            Queremos tu opini\u00f3n<\/p>\n<p class=\"mt-auto\">\u00bfQu\u00e9 le gustar\u00eda ver en Motorsport.com?<\/p>\n<p>            <a href=\"#\" class=\"ms-link text-link font-bold\">Responda a nuestra encuesta de 5 minutos.<\/a><\/p>\n<p class=\"mt-1 text-body\">&#8211; El equipo de Motorsport.com<\/p>\n","protected":false},"excerpt":{"rendered":"Fernando Alonso no ha decidido su futuro en la F\u00f3rmula 1 m\u00e1s all\u00e1 del final de esta temporada&hellip;\n","protected":false},"author":2,"featured_media":604179,"comment_status":"","ping_status":"","sticky":false,"template":"","format":"standard","meta":{"footnotes":""},"categories":[93],"tags":[1331,2094,7684,168,25,24,2096,1230,113162,113386,23,167],"class_list":["post-604178","post","type-post","status-publish","format-standard","has-post-thumbnail","category-deportes","tag-alpine","tag-aston-martin-racing","tag-circuit-de-barcelona-catalunya","tag-deportes","tag-es","tag-espana","tag-fernando-alonso","tag-fu00f3rmula-1","tag-gp-de-barcelona-catalunya","tag-por-quu00e9-surgieron-rumores-sobre-fernando-alonso-y-alpine-para-la-f1-2027","tag-spain","tag-sports"],"share_on_mastodon":{"url":"https:\/\/pubeurope.com\/@es\/116743078498675519","error":""},"_links":{"self":[{"href":"https:\/\/www.europesays.com\/es\/wp-json\/wp\/v2\/posts\/604178","targetHints":{"allow":["GET"]}}],"collection":[{"href":"https:\/\/www.europesays.com\/es\/wp-json\/wp\/v2\/posts"}],"about":[{"href":"https:\/\/www.europesays.com\/es\/wp-json\/wp\/v2\/types\/post"}],"author":[{"embeddable":true,"href":"https:\/\/www.europesays.com\/es\/wp-json\/wp\/v2\/users\/2"}],"replies":[{"embeddable":true,"href":"https:\/\/www.europesays.com\/es\/wp-json\/wp\/v2\/comments?post=604178"}],"version-history":[{"count":0,"href":"https:\/\/www.europesays.com\/es\/wp-json\/wp\/v2\/posts\/604178\/revisions"}],"wp:featuredmedia":[{"embeddable":true,"href":"https:\/\/www.europesays.com\/es\/wp-json\/wp\/v2\/media\/604179"}],"wp:attachment":[{"href":"https:\/\/www.europesays.com\/es\/wp-json\/wp\/v2\/media?parent=604178"}],"wp:term":[{"taxonomy":"category","embeddable":true,"href":"https:\/\/www.europesays.com\/es\/wp-json\/wp\/v2\/categories?post=604178"},{"taxonomy":"post_tag","embeddable":true,"href":"https:\/\/www.europesays.com\/es\/wp-json\/wp\/v2\/tags?post=604178"}],"curies":[{"name":"wp","href":"https:\/\/api.w.org\/{rel}","templated":true}]}}