{"id":604180,"date":"2026-06-13T13:39:09","date_gmt":"2026-06-13T13:39:09","guid":{"rendered":"https:\/\/www.europesays.com\/es\/604180\/"},"modified":"2026-06-13T13:39:09","modified_gmt":"2026-06-13T13:39:09","slug":"la-regla-del-abcde-el-metodo-para-saber-si-un-lunar-es-peligroso-y-diagnosticar-a-tiempo-el-cancer-de-piel-mas-agresivo","status":"publish","type":"post","link":"https:\/\/www.europesays.com\/es\/604180\/","title":{"rendered":"La regla del ABCDE: el m\u00e9todo para saber si un lunar es peligroso y diagnosticar a tiempo el c\u00e1ncer de piel m\u00e1s agresivo"},"content":{"rendered":"<p style=\"\">El Hospital San Juan de Dios de Le\u00f3n se suma este s\u00e1bado a la conmemoraci\u00f3n del D\u00eda Europeo y Mundial de la Prevenci\u00f3n del C\u00e1ncer  &#8230; de Piel y puso el foco en la vigilancia activa de la piel y en la dermatoscopia digital o mapa de lunares como \u00abherramienta clave\u00bb para el diagn\u00f3stico precoz del melanoma, su tipolog\u00eda m\u00e1s agresiva.<\/p>\n<p class=\"v-d-p\" style=\"\">En un comunicado recogido por Ical, desde la entidad se\u00f1alaron que los lunares, tambi\u00e9n llamados nevus melanoc\u00edticos, son peque\u00f1as acumulaciones de c\u00e9lulas pigmentadas en la piel y forman parte habitual del organismo: la mayor\u00eda de las personas tiene entre 10 y 40, con gran variedad de formas y tama\u00f1os, pudiendo ser cong\u00e9nitos o adquiridos. \u00abSu control constituye uno de los m\u00e9todos m\u00e1s eficaces para prevenir o diagnosticar de forma precoz un melanoma\u00bb, a\u00f1adieron.<\/p>\n<p class=\"v-d-p\" style=\"\">En este sentido, la dermatoscopia digital o mapa de lunares consiste en una exploraci\u00f3n corporal completa con registro fotogr\u00e1fico sistem\u00e1tico, tanto de im\u00e1genes cl\u00ednicas como dermatosc\u00f3picas, que permite documentar todos los lunares del paciente y analizar con mayor precisi\u00f3n aquellos que presentan caracter\u00edsticas sospechosas.<\/p>\n<p class=\"v-d-p\" style=\"\">\u00abCuando hablamos de hacer un mapa de lunares, nos referimos a realizar una exploraci\u00f3n corporal total y tomar fotograf\u00edas. Esto nos permite ver los lunares a simple vista, contarlos y detectar la aparici\u00f3n de nuevos, adem\u00e1s de estudiar con mayor detalle aquellos que pueden resultar m\u00e1s sospechosos\u00bb, explica la doctora Fern\u00e1ndez Parrado.<\/p>\n<p class=\"v-d-p\" style=\"\">A diferencia de una revisi\u00f3n convencional, la dermatoscopia digital permite comparar im\u00e1genes a lo largo del tiempo. \u00abCuando el paciente vuelve a consulta, disponemos de una imagen previa. Para diagnosticar precozmente el melanoma es fundamental fijarnos en los lunares que cambian ya sea de color, de tama\u00f1o o de forma, o en los nuevos que aparecen\u00bb, explic\u00f3.<\/p>\n<p>\nLa regla del ABCDE\n<\/p>\n<p class=\"v-d-p\" style=\"\">Como complemento a estas revisiones m\u00e9dicas, los especialistas recomiendan la autoexploraci\u00f3n peri\u00f3dica de la piel mediante la conocida regla ABCDE, un m\u00e9todo sencillo que ayuda a identificar signos de alarma en los lunares: la asimetr\u00eda, los bordes irregulares, los cambios de color, el aumento de di\u00e1metro (especialmente por encima de los seis mil\u00edmetros) y la evoluci\u00f3n.<\/p>\n<p class=\"v-d-p\" style=\"\">\u00abSi detectamos que un lunar <a href=\"https:\/\/www.leonoticias.com\/leon\/cancer-piel-asimetria-borde-color-diametro-evolucion-20240523081407-nt.html\" data-voc-vtm-id=\"in-text-traffic\" title=\"es asim\u00e9trico, presenta cambios en los bordes, se oscurece, aumenta de tama\u00f1o \" data-mrf-link=\"www.leonoticias.com\" rel=\"nofollow noopener\" target=\"_blank\">es asim\u00e9trico, presenta cambios en los bordes, se oscurece, aumenta de tama\u00f1o <\/a>o simplemente evoluciona, debemos acudir a un experto lo antes posible\u00bb, aconsej\u00f3 Fern\u00e1ndez Parrado.<\/p>\n<p class=\"v-d-p\" style=\"\">La dermatoscopia digital refuerza esta vigilancia al permitir un seguimiento preciso y objetivo de la piel. Tal y como destac\u00f3 el propio centro, esta t\u00e9cnica facilita la detecci\u00f3n de melanomas en fases muy iniciales, en las que las posibilidades de curaci\u00f3n son muy elevadas, mientras que en estadios m\u00e1s avanzados el pron\u00f3stico empeora.<\/p>\n<p class=\"v-d-p\" style=\"\">Aunque cualquier persona puede beneficiarse de este tipo de revisi\u00f3n, resulta especialmente recomendable en pacientes con mayor riesgo, como aquellos con numerosos lunares, antecedentes personales o familiares de melanoma, piel clara o tendencia a sufrir quemaduras solares, especialmente durante la infancia o adolescencia.<\/p>\n","protected":false},"excerpt":{"rendered":"El Hospital San Juan de Dios de Le\u00f3n se suma este s\u00e1bado a la conmemoraci\u00f3n del D\u00eda Europeo&hellip;\n","protected":false},"author":2,"featured_media":604181,"comment_status":"","ping_status":"","sticky":false,"template":"","format":"standard","meta":{"footnotes":""},"categories":[92],"tags":[113387,26698,1066,9810,25,24,165,9789,12715,3379,10003,16500,10005,166,23,159],"class_list":["post-604180","post","type-post","status-publish","format-standard","has-post-thumbnail","category-salud","tag-abcde","tag-agresivo","tag-cancer","tag-diagnosticar","tag-es","tag-espana","tag-health","tag-lunar","tag-metodo","tag-peligroso","tag-piel","tag-regla","tag-saber","tag-salud","tag-spain","tag-tiempo"],"share_on_mastodon":{"url":"https:\/\/pubeurope.com\/@es\/116743082378615091","error":""},"_links":{"self":[{"href":"https:\/\/www.europesays.com\/es\/wp-json\/wp\/v2\/posts\/604180","targetHints":{"allow":["GET"]}}],"collection":[{"href":"https:\/\/www.europesays.com\/es\/wp-json\/wp\/v2\/posts"}],"about":[{"href":"https:\/\/www.europesays.com\/es\/wp-json\/wp\/v2\/types\/post"}],"author":[{"embeddable":true,"href":"https:\/\/www.europesays.com\/es\/wp-json\/wp\/v2\/users\/2"}],"replies":[{"embeddable":true,"href":"https:\/\/www.europesays.com\/es\/wp-json\/wp\/v2\/comments?post=604180"}],"version-history":[{"count":0,"href":"https:\/\/www.europesays.com\/es\/wp-json\/wp\/v2\/posts\/604180\/revisions"}],"wp:featuredmedia":[{"embeddable":true,"href":"https:\/\/www.europesays.com\/es\/wp-json\/wp\/v2\/media\/604181"}],"wp:attachment":[{"href":"https:\/\/www.europesays.com\/es\/wp-json\/wp\/v2\/media?parent=604180"}],"wp:term":[{"taxonomy":"category","embeddable":true,"href":"https:\/\/www.europesays.com\/es\/wp-json\/wp\/v2\/categories?post=604180"},{"taxonomy":"post_tag","embeddable":true,"href":"https:\/\/www.europesays.com\/es\/wp-json\/wp\/v2\/tags?post=604180"}],"curies":[{"name":"wp","href":"https:\/\/api.w.org\/{rel}","templated":true}]}}