{"id":60420,"date":"2025-08-20T15:24:08","date_gmt":"2025-08-20T15:24:08","guid":{"rendered":"https:\/\/www.europesays.com\/es\/60420\/"},"modified":"2025-08-20T15:24:08","modified_gmt":"2025-08-20T15:24:08","slug":"como-encaja-la-agarralo-como-puedas-de-liam-neeson-en-la-linea-cronologica-de-la-mitica-saga-de-leslie-nielsen","status":"publish","type":"post","link":"https:\/\/www.europesays.com\/es\/60420\/","title":{"rendered":"\u00bfC\u00f3mo encaja la &#8216;Ag\u00e1rralo como puedas&#8217; de Liam Neeson en la l\u00ednea cronol\u00f3gica de la m\u00edtica saga de Leslie Nielsen?"},"content":{"rendered":"<p class=\"c-paragraph\">La producci\u00f3n de <b>Ag\u00e1rralo como puedas <\/b>comenz\u00f3 de la forma m\u00e1s propicia: con una broma. Era esta: <b>Liam Neeson hab\u00eda sido contratado porque su nombre recordaba al de Leslie Nielsen<\/b>. El actor de prestigio reconvertido en <a href=\"https:\/\/www.20minutos.es\/cinemania\/noticias\/liam-neeson-72-anos-deja-rodar-peliculas-accion-5647037\/\" rel=\"nofollow noopener\" target=\"_blank\">icono de la acci\u00f3n <\/a>pasaba a la comedia m\u00e1s absurda, as\u00ed, con un chiste bajo el brazo. La sorpresa vino despu\u00e9s:<b> Ag\u00e1rralo como puedas<\/b>, en cartelera de Espa\u00f1a desde el 22 de agosto, era buena. Pero buena de verdad.\u00a0<\/p>\n<p class=\"c-paragraph\">No hab\u00eda muchos que confiasen en que la secuela de la legendaria franquicia de Leslie Nielsen funcionase. Sobre todo, sin Leslie Nielsen, coraz\u00f3n de esta y otras muchas pel\u00edculas cuyo t\u00edtulo, en nuestro pa\u00eds, vinieron a rematar indefectiblemente \u201ccomo puedas\u201d. Nadie dudaba del talento de <b>Liam Neeson<\/b>, que ha trabajado para <a href=\"https:\/\/www.20minutos.es\/cinemania\/noticias\/pelicula-woody-allen-balas-sobre-broadway-nominada-oscar-joyas-carrera-5632996\/\" rel=\"nofollow noopener\" target=\"_blank\">Woody Allen <\/a>o Ricky Gervais. Pero, \u00bfen qu\u00e9 se parec\u00eda a <b>Leslie Nielsen<\/b>? Pues en que ambos han protagonizado<a href=\"https:\/\/www.20minutos.es\/cinemania\/noticias\/pamela-anderson-liam-neeson-comedia-mejor-valorada-decada-puntuacion-perfecta_6232948_0.html\" rel=\"nofollow noopener\" target=\"_blank\"> buenas entregas de la saga Ag\u00e1rralo como puedas<\/a>. Te contamos c\u00f3mo encaja esta nueva pel\u00edcula en la l\u00ednea cronol\u00f3gica de la franquicia.<\/p>\n<p>\u00bfUn remake? \u00bfUna secuela? \u00bfUn reinicio?<\/p>\n<p class=\"c-paragraph\">Las preguntas saltaron a la palestra al mismo tiempo que se confirm\u00f3 lo que parec\u00eda una noticia del D\u00eda de los Inocentes. <b>\u00bfQu\u00e9 ser\u00eda exactamente esta Ag\u00e1rralo como puedas? <\/b>Al comienzo, se pens\u00f3 que la saga, sin m\u00e1s, se reiniciaba con Liam Neeson como protagonista, o que a lo sumo se planeaba un remake en el que se eliminase, de paso, la huella inc\u00f3moda de <a href=\"https:\/\/www.20minutos.es\/cinemania\/noticias\/j-simpson-agarralo-como-puedas-motivo-detras-su-incorporacion-saga-5235410\/\" rel=\"nofollow noopener\" target=\"_blank\">O.J. Simpson<\/a>. Ninguna de estas opciones era la correcta.<\/p>\n<p class=\"c-paragraph\"><b>Liam Neeson interpreta en esta entrega al hijo de Frank Drebin<\/b>, el inspector de polic\u00eda al que daba vida (y con el que daba verg\u00fcenza ajena) Leslie Nielsen. Por su parte, Paul Walter Hauser se mete en la piel del v\u00e1stago del compa\u00f1ero de unidad de Leslie Nielsen al que encarnaba George Kennedy. Por tanto, si quieres verlas todas en orden, no hay m\u00e1s que seguir su (conflictiva) numeraci\u00f3n: <b>Ag\u00e1rralo como puedas, Ag\u00e1rralo como puedas 2 \u00bd, Ag\u00e1rralo como puedas 33 1\/3<\/b> : el insulto final; y la presente entrega.<\/p>\n<p class=\"c-paragraph\">Desafortunadamente, es imposible encontrar en actualidad la serie que origin\u00f3 esta magn\u00edfica saga de humor absurdo, <b>Police Squad!<\/b>, protagonizada por Leslie Nielsen y a cargo de los ZAZ. Sus seis episodios no se encuentran en el cat\u00e1logo de ninguna plataforma de Espa\u00f1a, con lo que habr\u00e1 que esperar a que los inicios de Frank Drebin lleguen a alguno de los numerosos servicios de streaming. \u00a0\u00a0\u00a0<\/p>\n<p class=\"c-paragraph\"><b><b>\u00bfQuieres estar a la \u00faltima de todas las novedades de cine y series?<\/b><\/b>\u00a0<a href=\"https:\/\/www.20minutos.es\/estaticos\/newsletter-de-cinemania\/\" target=\"_blank\" rel=\"nofollow noopener\">Ap\u00fantate a nuestra newsletter.\u00a0<\/a><\/p>\n","protected":false},"excerpt":{"rendered":"La producci\u00f3n de Ag\u00e1rralo como puedas comenz\u00f3 de la forma m\u00e1s propicia: con una broma. Era esta: Liam&hellip;\n","protected":false},"author":2,"featured_media":60421,"comment_status":"","ping_status":"","sticky":false,"template":"","format":"standard","meta":{"footnotes":""},"categories":[169],"tags":[25290,177,2170,24441,146,147,25,24,176,7229,175,267,25291,23],"class_list":{"0":"post-60420","1":"post","2":"type-post","3":"status-publish","4":"format-standard","5":"has-post-thumbnail","7":"category-cine","8":"tag-agarralo","9":"tag-cine","10":"tag-como","11":"tag-encaja","12":"tag-entertainment","13":"tag-entretenimiento","14":"tag-es","15":"tag-espana","16":"tag-film","17":"tag-liam","18":"tag-movies","19":"tag-planseo","20":"tag-puedas","21":"tag-spain"},"share_on_mastodon":{"url":"","error":""},"_links":{"self":[{"href":"https:\/\/www.europesays.com\/es\/wp-json\/wp\/v2\/posts\/60420","targetHints":{"allow":["GET"]}}],"collection":[{"href":"https:\/\/www.europesays.com\/es\/wp-json\/wp\/v2\/posts"}],"about":[{"href":"https:\/\/www.europesays.com\/es\/wp-json\/wp\/v2\/types\/post"}],"author":[{"embeddable":true,"href":"https:\/\/www.europesays.com\/es\/wp-json\/wp\/v2\/users\/2"}],"replies":[{"embeddable":true,"href":"https:\/\/www.europesays.com\/es\/wp-json\/wp\/v2\/comments?post=60420"}],"version-history":[{"count":0,"href":"https:\/\/www.europesays.com\/es\/wp-json\/wp\/v2\/posts\/60420\/revisions"}],"wp:featuredmedia":[{"embeddable":true,"href":"https:\/\/www.europesays.com\/es\/wp-json\/wp\/v2\/media\/60421"}],"wp:attachment":[{"href":"https:\/\/www.europesays.com\/es\/wp-json\/wp\/v2\/media?parent=60420"}],"wp:term":[{"taxonomy":"category","embeddable":true,"href":"https:\/\/www.europesays.com\/es\/wp-json\/wp\/v2\/categories?post=60420"},{"taxonomy":"post_tag","embeddable":true,"href":"https:\/\/www.europesays.com\/es\/wp-json\/wp\/v2\/tags?post=60420"}],"curies":[{"name":"wp","href":"https:\/\/api.w.org\/{rel}","templated":true}]}}