{"id":604241,"date":"2026-06-13T14:25:15","date_gmt":"2026-06-13T14:25:15","guid":{"rendered":"https:\/\/www.europesays.com\/es\/604241\/"},"modified":"2026-06-13T14:25:15","modified_gmt":"2026-06-13T14:25:15","slug":"las-senales-de-alerta-de-un-posible-tumor-cerebral-que-los-medicos-piden-no-ignorar","status":"publish","type":"post","link":"https:\/\/www.europesays.com\/es\/604241\/","title":{"rendered":"Las se\u00f1ales de alerta de un posible tumor cerebral que los m\u00e9dicos piden no ignorar"},"content":{"rendered":"<p><img alt=\"Hombre con expresi\u00f3n de molestia toc\u00e1ndose la cabeza. Sobre su cabeza se superpone una imagen m\u00e9dica del cerebro con destellos y vasos sangu\u00edneos.\" class=\"global-image\" decoding=\"async\" fetchpriority=\"high\" height=\"1536\" loading=\"eager\" src=\"https:\/\/www.europesays.com\/es\/wp-content\/uploads\/2026\/06\/NMHINPI2V5BG7C5PDXMB56JCHE.png\" width=\"2752\"\/>Los m\u00e9dicos indican consulta r\u00e1pida si el dolor de cabeza cambia de patr\u00f3n, progresa y se acompa\u00f1a de v\u00f3mitos, alteraciones visuales, debilidad o dificultad para hablar &#8211; (Imagen Ilustrativa Infobae)<\/p>\n<p class=\"paragraph\">Un <a href=\"https:\/\/www.infobae.com\/tag\/tumor-cerebral\/\" target=\"_blank\" rel=\"noreferrer nofollow noopener\" title=\"https:\/\/www.infobae.com\/tag\/tumor-cerebral\/\"><b>tumor cerebral<\/b><\/a> no tiene un \u00fanico s\u00edntoma \u201cexclusivo\u201d, pero los especialistas coinciden en una advertencia: <b>una convulsi\u00f3n (crisis epil\u00e9ptica) de inicio nuevo<\/b>, especialmente en un adulto sin antecedentes, debe evaluarse con urgencia. Tambi\u00e9n amerita consulta r\u00e1pida si se padecen los <b>dolores de cabeza<\/b> que cambian de patr\u00f3n y progresan, sobre todo si se acompa\u00f1an de <b>v\u00f3mitos<\/b>, <b>alteraciones visuales<\/b>, <b>debilidad<\/b> o <b>dificultad para hablar<\/b>. La clave cl\u00ednica es el conjunto: <b>s\u00edntomas persistentes, nuevos o que empeoran<\/b>.<\/p>\n<p class=\"paragraph\">En gu\u00edas y p\u00e1ginas m\u00e9dicas para pacientes, la recomendaci\u00f3n es <b>no auto-diagnosticarse<\/b>: muchas de estas se\u00f1ales pueden explicarse por causas frecuentes, como <b>migra\u00f1a<\/b>, <b>infecciones<\/b> o <b>trastornos vestibulares<\/b>. Aun as\u00ed, cuando los s\u00edntomas aparecen sin una causa clara, se <b>repiten<\/b>, <b>persisten<\/b> o <b>progresan<\/b>, los m\u00e9dicos recomiendan una evaluaci\u00f3n para descartar cuadros que requieren tratamiento, incluidos <b>tumores<\/b>, <b>sangrados<\/b>, <b>infecciones<\/b> del sistema nervioso o <b>trastornos vasculares<\/b>.<\/p>\n<p class=\"paragraph\">En esa l\u00ednea, <b>Mayo Clinic<\/b> remarca que los s\u00edntomas de un tumor cerebral pueden variar seg\u00fan tama\u00f1o y localizaci\u00f3n, y que suelen <b>empeorar con el tiempo<\/b>, por lo que aconseja consultar ante signos que no ceden o cambian respecto del patr\u00f3n habitual.<\/p>\n<p><img alt=\"M\u00e9dico en bata blanca se\u00f1ala un diagrama cerebral detallado en una pantalla grande a una paciente sentada en un consultorio moderno.\" class=\"global-image\" decoding=\"async\" fetchpriority=\"low\" height=\"768\" loading=\"lazy\" src=\"https:\/\/www.europesays.com\/es\/wp-content\/uploads\/2026\/06\/I5YGNU7OYVEMFBBPECVXFKRBUI.png\" width=\"1408\"\/>La convulsi\u00f3n de primera vez puede manifestarse con sacudidas, desconexi\u00f3n, mirada fija, confusi\u00f3n repentina o una crisis generalizada con ca\u00edda &#8211; (Imagen Ilustrativa Infobae)<\/p>\n<p class=\"paragraph\">Entre las se\u00f1ales m\u00e1s citadas como <b>bandera roja<\/b> est\u00e1 la <b>convulsi\u00f3n de primera vez<\/b>. Puede presentarse como sacudidas en una parte del cuerpo, episodios breves de desconexi\u00f3n, mirada fija, confusi\u00f3n repentina, sensaciones extra\u00f1as (olores o sabores \u201craros\u201d) o una crisis generalizada con ca\u00edda. Organizaciones m\u00e9dicas y centros oncol\u00f3gicos la enumeran como s\u00edntoma posible de tumores cerebrales, en especial cuando no hay historia previa de epilepsia.<\/p>\n<p class=\"paragraph\">Otra advertencia relevante es el <b>dolor de cabeza<\/b> que se vuelve m\u00e1s frecuente o m\u00e1s intenso y cambia respecto del patr\u00f3n habitual. Seg\u00fan centros cl\u00ednicos, el dolor puede empeorar al despertar, al toser o al hacer esfuerzo, y no responder como antes a analg\u00e9sicos de venta libre. En este punto, los m\u00e9dicos insisten en un matiz: el <b>dolor de cabeza aislado<\/b> rara vez alcanza para sospechar un tumor; lo que aumenta la preocupaci\u00f3n es que aparezca junto con otros <b>signos neurol\u00f3gicos<\/b>.<\/p>\n<p class=\"paragraph\">En esa l\u00f3gica de \u201cbanderas rojas\u201d, un dato cl\u00ednico recurrente en la literatura es que las <b>convulsiones de inicio nuevo<\/b> pueden ser un s\u00edntoma de presentaci\u00f3n en tumores cerebrales. Un <a href=\"https:\/\/pubmed.ncbi.nlm.nih.gov\/17601658\/\" target=\"_blank\" rel=\"noreferrer nofollow noopener\" title=\"https:\/\/pubmed.ncbi.nlm.nih.gov\/17601658\/\">trabajo retrospectivo<\/a> sobre pacientes con tumores cerebrales reci\u00e9n diagnosticados, publicado en Clinical Neurology and Neurosurgery, inform\u00f3 que las <b>convulsiones<\/b> fueron un s\u00edntoma inicial frecuente, con proporciones distintas seg\u00fan el tipo de tumor (m\u00e1s altas en algunos tumores primarios que en met\u00e1stasis), lo que refuerza la recomendaci\u00f3n de evaluar con rapidez una <b>crisis epil\u00e9ptica por primera vez<\/b>. <\/p>\n<p class=\"paragraph\">Tambi\u00e9n se consideran se\u00f1ales que requieren evaluaci\u00f3n: <b>alteraciones visuales<\/b> (visi\u00f3n borrosa, doble, p\u00e9rdida de campo visual), <b>debilidad o adormecimiento<\/b> en un lado del cuerpo, <b>problemas de equilibrio<\/b>, <b>cambios en el habla<\/b>, <b>confusi\u00f3n<\/b>, <b>cambios de personalidad o conducta<\/b> y <b>n\u00e1useas\/v\u00f3mitos<\/b> persistentes, especialmente cuando el cuadro progresa en d\u00edas o semanas.<\/p>\n<p>Cu\u00e1ndo consultar y cu\u00e1ndo ir a una guardia de inmediato<img alt=\"Ilustraci\u00f3n sobria de un cerebro humano en corte sagital con iconos circulares conectados por l\u00edneas que representan visi\u00f3n, equilibrio, habla, debilidad y convulsi\u00f3n. El t\u00edtulo superior es &quot;S\u00cdNTOMAS POSIBLES&quot;.\" class=\"global-image\" decoding=\"async\" fetchpriority=\"low\" height=\"1536\" loading=\"lazy\" src=\"https:\/\/www.europesays.com\/es\/wp-content\/uploads\/2026\/06\/TIEV4ZHYJVDB3CEKKZTB77TFIA.png\" width=\"2752\"\/>Los especialistas recomiendan no auto-diagnosticarse porque estos s\u00edntomas tambi\u00e9n pueden vincularse con migra\u00f1a, infecciones o trastornos vestibulares &#8211; Imagen Ilustrativo Infobae<\/p>\n<p class=\"paragraph\"><b>Consultar en el corto plazo<\/b> (con un m\u00e9dico cl\u00ednico, neur\u00f3logo o guardia seg\u00fan disponibilidad) cuando aparecen s\u00edntomas <b>nuevos<\/b>, <b>persistentes<\/b> o que <b>empeoran<\/b>, en especial si se combinan entre s\u00ed: <b>dolor de cabeza<\/b> que cambia de patr\u00f3n o aumenta en frecuencia, <b>n\u00e1useas<\/b> o <b>v\u00f3mitos<\/b> asociados, <b>alteraciones visuales<\/b> (visi\u00f3n borrosa, doble o p\u00e9rdida de campo visual), <b>debilidad<\/b> o <b>adormecimiento<\/b> en un lado del cuerpo, <b>dificultad para hablar<\/b>, <b>confusi\u00f3n<\/b> o cambios notorios en <b>conducta<\/b>. En listados de signos de alarma para tumores cerebrales, <b>Mayo Clinic<\/b> incluye cefalea, v\u00f3mitos, problemas de visi\u00f3n, alteraciones del equilibrio, debilidad y cambios cognitivos o conductuales como posibles manifestaciones, siempre dependientes del tama\u00f1o y la localizaci\u00f3n del tumor.<\/p>\n<p class=\"paragraph\"><b>Ir a una guardia de inmediato<\/b> ante se\u00f1ales de <b>emergencia neurol\u00f3gica<\/b>, sobre todo una <b>convulsi\u00f3n <\/b>(crisis epil\u00e9ptica)<b> por primera vez<\/b>, un episodio prolongado o repetido, o s\u00edntomas s\u00fabitos como <b>debilidad marcada<\/b>, <b>dificultad para hablar<\/b> o alteraciones graves de <b>conciencia<\/b>. El <b>NHS<\/b> recomienda buscar ayuda urgente ante s\u00edntomas como <b>convulsiones<\/b>, cambios visuales llamativos o empeoramiento r\u00e1pido, y detalla criterios de atenci\u00f3n inmediata en cuadros de cefalea intensa de inicio s\u00fabito o crisis convulsivas, porque pueden requerir evaluaci\u00f3n y estudios sin demora.<\/p>\n<p class=\"paragraph\"><b>Consulta m\u00e9dica en el corto plazo<\/b> si aparecen s\u00edntomas <b>nuevos<\/b>, <b>persistentes<\/b> o que <b>empeoran<\/b>, como:<\/p>\n<ul data-icon=\"\u2b24\" class=\"list\">\n<li data-icon=\"\u2b24\"><b>dolor de cabeza<\/b> repetido que no cede o cambia de tipo<\/li>\n<li data-icon=\"\u2b24\"><b>problemas de visi\u00f3n<\/b> que progresan<\/li>\n<li data-icon=\"\u2b24\"><b>v\u00f3mitos<\/b> o n\u00e1useas persistentes, sobre todo si se combinan con dolor de cabeza<\/li>\n<li data-icon=\"\u2b24\"><b>dificultad para pensar<\/b>, concentrarse o recordar<\/li>\n<li data-icon=\"\u2b24\"><b>debilidad<\/b>, torpeza o p\u00e9rdida de sensibilidad en una zona<\/li>\n<li data-icon=\"\u2b24\"><b>cambios de conducta<\/b> llamativos sin causa evidente<\/li>\n<li data-icon=\"\u2b24\"><b>Guardia\/urgencia (emergencia)<\/b> ante<b> convulsi\u00f3n por primera vez<\/b> o crisis prolongada.<\/li>\n<\/ul>\n","protected":false},"excerpt":{"rendered":"Los m\u00e9dicos indican consulta r\u00e1pida si el dolor de cabeza cambia de patr\u00f3n, progresa y se acompa\u00f1a de&hellip;\n","protected":false},"author":2,"featured_media":604242,"comment_status":"","ping_status":"","sticky":false,"template":"","format":"standard","meta":{"footnotes":""},"categories":[92],"tags":[2670,7752,113397,25,24,165,366,24461,12753,36766,11289,166,6625,23],"class_list":["post-604241","post","type-post","status-publish","format-standard","has-post-thumbnail","category-salud","tag-cerebro","tag-dolor","tag-dolor-de-cabeza","tag-es","tag-espana","tag-health","tag-hombre","tag-ilustracion","tag-medico","tag-migrana","tag-neurologia","tag-salud","tag-sintomas","tag-spain"],"share_on_mastodon":{"url":"https:\/\/pubeurope.com\/@es\/116743264050573720","error":""},"_links":{"self":[{"href":"https:\/\/www.europesays.com\/es\/wp-json\/wp\/v2\/posts\/604241","targetHints":{"allow":["GET"]}}],"collection":[{"href":"https:\/\/www.europesays.com\/es\/wp-json\/wp\/v2\/posts"}],"about":[{"href":"https:\/\/www.europesays.com\/es\/wp-json\/wp\/v2\/types\/post"}],"author":[{"embeddable":true,"href":"https:\/\/www.europesays.com\/es\/wp-json\/wp\/v2\/users\/2"}],"replies":[{"embeddable":true,"href":"https:\/\/www.europesays.com\/es\/wp-json\/wp\/v2\/comments?post=604241"}],"version-history":[{"count":0,"href":"https:\/\/www.europesays.com\/es\/wp-json\/wp\/v2\/posts\/604241\/revisions"}],"wp:featuredmedia":[{"embeddable":true,"href":"https:\/\/www.europesays.com\/es\/wp-json\/wp\/v2\/media\/604242"}],"wp:attachment":[{"href":"https:\/\/www.europesays.com\/es\/wp-json\/wp\/v2\/media?parent=604241"}],"wp:term":[{"taxonomy":"category","embeddable":true,"href":"https:\/\/www.europesays.com\/es\/wp-json\/wp\/v2\/categories?post=604241"},{"taxonomy":"post_tag","embeddable":true,"href":"https:\/\/www.europesays.com\/es\/wp-json\/wp\/v2\/tags?post=604241"}],"curies":[{"name":"wp","href":"https:\/\/api.w.org\/{rel}","templated":true}]}}