{"id":604350,"date":"2026-06-13T15:57:21","date_gmt":"2026-06-13T15:57:21","guid":{"rendered":"https:\/\/www.europesays.com\/es\/604350\/"},"modified":"2026-06-13T15:57:21","modified_gmt":"2026-06-13T15:57:21","slug":"nunca-me-habia-fijado-en-este-detalle-de-regreso-al-futuro-3-pero-es-el-homenaje-perfecto-al-elemento-mas-importante-de-la-pelicula-noticias-de-cine","status":"publish","type":"post","link":"https:\/\/www.europesays.com\/es\/604350\/","title":{"rendered":"Nunca me hab\u00eda fijado en este detalle de &#8216;Regreso al futuro 3&#8217;, pero es el homenaje perfecto al elemento m\u00e1s importante de la pel\u00edcula &#8211; Noticias de cine"},"content":{"rendered":"<p>\u00abSi vas a hacer una m\u00e1quina del tiempo mejor hazlo con estilo\u00bb, pero versi\u00f3n tren<\/p>\n<p class=\"bo-p\">Hay un detalle en la recta final de <a href=\"https:\/\/www.sensacine.com\/peliculas\/pelicula-29289\/\" class=\"bo-link\" rel=\"nofollow noopener\" target=\"_blank\">Regreso al futuro 3<\/a> que es extremadamente f\u00e1cil pasar por alto y no, no nos referimos al <a href=\"https:\/\/www.sensacine.com\/noticias\/cine\/noticia-1000146781\/\" class=\"bo-link\" rel=\"nofollow noopener\" target=\"_blank\">gesto que Verne, el hijo de Doc (Christopher Lloyd), hace directamente a la c\u00e1mara y acab\u00f3 en el montaje final porque pensaron que nadie se fijar\u00eda<\/a>. La famosa escena en la que el cient\u00edfico aparece ante Marty (<a href=\"https:\/\/www.sensacine.com\/actores\/actor-1458\/\" class=\"bo-link\" rel=\"nofollow noopener\" target=\"_blank\">Michael J. Fox<\/a>) y Jennifer (<a href=\"https:\/\/www.sensacine.com\/actores\/actor-4152\/\" class=\"bo-link\" rel=\"nofollow noopener\" target=\"_blank\">Elisabeth Shue<\/a>) a bordo de su nueva m\u00e1quina del tiempo junto a clara y sos dos hijos <b>incluye otro detalle escondido que puede haber pasado desapercibido para muchos durante todo este tiempo. <\/b><\/p>\n<p class=\"bo-p\">Al menos para m\u00ed, que tantos a\u00f1os despu\u00e9s sigo sorprendi\u00e9ndome con algunos de los aparentemente infinitos gui\u00f1os y &#8216;easter eggs&#8217; que <a href=\"https:\/\/www.sensacine.com\/actores\/actor-1457\/\" class=\"bo-link\" rel=\"nofollow noopener\" target=\"_blank\">Robert Zemeckis<\/a> y <a href=\"https:\/\/www.sensacine.com\/actores\/actor-41393\/\" class=\"bo-link\" rel=\"nofollow noopener\" target=\"_blank\">Bob Gale<\/a> fueron poniendo aqu\u00ed o all\u00e1 y que ahora que la trilog\u00eda acaba de cumplir 40 a\u00f1os nos encanta poder descubrir. <\/p>\n<p class=\"bo-p\">Si detienes la pel\u00edcula justo en <b>1<\/b> <b>hora, 51 minutos y 20 segundos<\/b>, podr\u00e1s verlo a un simple golpe de vista: <b>un homenaje al m\u00e1s ic\u00f3nico elemento de la trilog\u00eda, que en Espa\u00f1a conocemos como el \u00abcondensador de fluzo\u00bb. <\/b><\/p>\n<p>                                <img loading=\"lazy\" decoding=\"async\" class=\"article-figure-img\" src=\"https:\/\/www.europesays.com\/es\/wp-content\/uploads\/2026\/06\/26a838a021b7d5d0f48d17e9939684f4.jpg\" width=\"640\" height=\"320\" alt=\"\"\/><\/p>\n<p>                                    Universal<\/p>\n<p class=\"bo-p\">Si el estiloso Delorean ya era una maravilla, el nuevo veh\u00edculo elegido por el Doctor Emmet Brown (<a href=\"https:\/\/www.sensacine.com\/actores\/actor-1459\/\" class=\"bo-link\" rel=\"nofollow noopener\" target=\"_blank\">Christopher Lloyd<\/a>) para construir su nueva m\u00e1quina del tiempo no pod\u00eda tener m\u00e1s estilo: un imponente tren de vapor en el que poder viajar con los suyos. En la toma en la que vemos el tren de frente, <b>justo debajo de las chimeneas, podemos ver el condensador de fluzo en todo su esplendor, a diferencia que en el Delorean, que lo llevaba situado en la zona de los asientos. <\/b><\/p>\n<p class=\"bo-p\">Como recordar\u00e1s, el \u00abcondensador de fluzo\u00bb es uno de los conceptos m\u00e1s caracter\u00edsticos de la trilog\u00eda, puesto que era, seg\u00fan Doc, de \u00ablo que hace que los viajes en el tiempo sean posibles\u00bb. Sin m\u00e1s explicaciones sobre su funcionamiento a nivel t\u00e9cnico, el artilugio puro lore de la saga y cualquier fan reconocer\u00eda su caracter\u00edstica forma&#8230;. A excepci\u00f3n de cuando sus creadores lo escondieron sobre la caldera de un tren.<\/p>\n","protected":false},"excerpt":{"rendered":"\u00abSi vas a hacer una m\u00e1quina del tiempo mejor hazlo con estilo\u00bb, pero versi\u00f3n tren Hay un detalle&hellip;\n","protected":false},"author":2,"featured_media":604351,"comment_status":"","ping_status":"","sticky":false,"template":"","format":"standard","meta":{"footnotes":""},"categories":[169],"tags":[10961,177,8454,146,147,25,24,176,6552,175,1257,113414,23],"class_list":["post-604350","post","type-post","status-publish","format-standard","has-post-thumbnail","category-cine","tag-ciencia_ficcion","tag-cine","tag-delorean","tag-entertainment","tag-entretenimiento","tag-es","tag-espana","tag-film","tag-homenaje","tag-movies","tag-pelicula","tag-regreso_al_futuro_3","tag-spain"],"share_on_mastodon":{"url":"https:\/\/pubeurope.com\/@es\/116743625493946211","error":""},"_links":{"self":[{"href":"https:\/\/www.europesays.com\/es\/wp-json\/wp\/v2\/posts\/604350","targetHints":{"allow":["GET"]}}],"collection":[{"href":"https:\/\/www.europesays.com\/es\/wp-json\/wp\/v2\/posts"}],"about":[{"href":"https:\/\/www.europesays.com\/es\/wp-json\/wp\/v2\/types\/post"}],"author":[{"embeddable":true,"href":"https:\/\/www.europesays.com\/es\/wp-json\/wp\/v2\/users\/2"}],"replies":[{"embeddable":true,"href":"https:\/\/www.europesays.com\/es\/wp-json\/wp\/v2\/comments?post=604350"}],"version-history":[{"count":0,"href":"https:\/\/www.europesays.com\/es\/wp-json\/wp\/v2\/posts\/604350\/revisions"}],"wp:featuredmedia":[{"embeddable":true,"href":"https:\/\/www.europesays.com\/es\/wp-json\/wp\/v2\/media\/604351"}],"wp:attachment":[{"href":"https:\/\/www.europesays.com\/es\/wp-json\/wp\/v2\/media?parent=604350"}],"wp:term":[{"taxonomy":"category","embeddable":true,"href":"https:\/\/www.europesays.com\/es\/wp-json\/wp\/v2\/categories?post=604350"},{"taxonomy":"post_tag","embeddable":true,"href":"https:\/\/www.europesays.com\/es\/wp-json\/wp\/v2\/tags?post=604350"}],"curies":[{"name":"wp","href":"https:\/\/api.w.org\/{rel}","templated":true}]}}