{"id":604459,"date":"2026-06-13T17:21:15","date_gmt":"2026-06-13T17:21:15","guid":{"rendered":"https:\/\/www.europesays.com\/es\/604459\/"},"modified":"2026-06-13T17:21:15","modified_gmt":"2026-06-13T17:21:15","slug":"el-homenaje-de-dorleta-a-los-aventureros-de-la-bici","status":"publish","type":"post","link":"https:\/\/www.europesays.com\/es\/604459\/","title":{"rendered":"El homenaje de Dorleta a los aventureros de la bici"},"content":{"rendered":"<p style=\"\">El 28 de julio de 1960 comenzaba la \u00abbendita locura\u00bb que protagonizaron \u00c1ngel Serrano, de 25 a\u00f1os, su hermano Jos\u00e9 Luis, de 18, y el  &#8230; gasteiztarra Jos\u00e9 Luis S\u00e1enz de Olazagoitia, de 19. Partieron desde el Santuario de Dorleta con la misi\u00f3n de solicitar al Papa Juan XXIII la autorizaci\u00f3n para proclamar a la Virgen gatzagarra patrona de los ciclistas. Recorrieron 1.846 kil\u00f3metros en nueve d\u00edas, con varias etapas bien por encima de los 200 kil\u00f3metros y pedaleando sobre bicicletas que \u00aben vac\u00edo pesaban m\u00e1s de 20 kilos\u00bb. \u00c1ngel Serrano se re\u00eda al asegurar que, sumando las alforjas, \u00abpsicol\u00f3gicamente, tonelada y media\u00bb. <\/p>\n<p class=\"v-d-p\" style=\"\">Tras 65 a\u00f1os sin verse \u00abpor circunstancias de la vida\u00bb, ayer volv\u00edan a fundirse en un emocionado abrazo los tres protagonistas de esta proeza inolvidable que llev\u00f3 el nombre de Dorleta y de Leintz Gatzaga hasta Roma a golpe de pedal y fe. <\/p>\n<p class=\"v-d-p\" style=\"\">El reencuentro, c\u00f3mo no, tuvo lugar en el Santuario de Dorleta, punto de partida de aquella \u00abmilagrosa expedici\u00f3n\u00bb, en palabras de Emilio Quiles, exdirector del equipo La Brasile\u00f1a y cronista deportivo. <\/p>\n<p class=\"v-d-p\" style=\"\">Los hermanos Serrano y el vitoriano Olazagoitia, acompa\u00f1ados por una treintena de familiares, recibieron el homenaje conjunto que se les adeudaba desde hace 65 a\u00f1os. El club gatzagarra Dorletako Ama Txirrindulari Elkartea y el Ayuntamiento de Leintz Gatzaga tributaron un emotivo reconocimiento a estos tres veteranos ciclistas. <\/p>\n<p class=\"v-d-p\" style=\"\">\u00abEs un momento muy emotivo\u00bb, se sinceraba el alav\u00e9s Olazagoitia, el \u00fanico de los tres que \u00aba\u00fan sigo viniendo en bici por aqu\u00ed porque me pilla cerca, aunque ahora le he puesto &#8216;motor&#8217;; con 84 a\u00f1os no se puede pedir m\u00e1s\u00bb.<\/p>\n<p class=\"v-d-p\" style=\"\">\u00c1ngel Serrano, el mayor de los tres y mec\u00e1nico oficial de aquella expedici\u00f3n, cumpl\u00eda justamente ayer 91 a\u00f1os, y dec\u00eda que \u00abno imaginaba yo que a mis a\u00f1os iba a venir aqu\u00ed con este recibimiento\u00bb. <\/p>\n<p class=\"v-d-p\" style=\"\">Emociones, recuerdos y an\u00e9cdotas se atropellaban en la conversaci\u00f3n de los protagonistas de la haza\u00f1a ciclista que arribaba a Roma un 5 de agosto de 1960. Tres d\u00edas despu\u00e9s recibidos en audiencia especial en la residencia papal veraniega de Castelgandolfo, y con la bendici\u00f3n del Papa Juan XXIII, aficionado confeso al ciclismo, 28 del mismo la Virgen de Dorleta era proclamada de patrona de los ciclistas.<\/p>\n<p class=\"v-d-p\" style=\"\">Fue la culminaci\u00f3n de un viaje inolvidable en el que \u00abcada d\u00eda fue una aventura\u00bb. Era en pleno verano, \u00aby toda la Costa Azul estaba abarrotada de turistas parisinos. Dorm\u00edamos donde pod\u00edamos, en albergues, posadas y donde encontr\u00e1bamos sitio\u00bb, contaba \u00c1ngel, cronista oficial autor del diario que narra aquel viaje. \u00abMientras estos cenaban, yo escrib\u00eda el diario\u00bb<\/p>\n<p class=\"v-d-p\" style=\"\">\u00abNos ba\u00f1\u00e1bamos en la playa para quitarnos el barro del camino\u00bb a\u00f1ad\u00eda Olazagoitia. Una noche, contaba \u00c1ngel, \u00abtuvimos que dormir en el p\u00f3rtico de una iglesia en lo alto del puerto italiano de Gaborrano. El sacerdote al que pedimos un sitio para dormir nos respondi\u00f3 &#8216;de mangare s\u00ed, de dormir\u00e9 no&#8217;, y tuvimos que pernoctar en el p\u00f3rtico hasta que a las 5 amaneci\u00f3 y salimos pitando\u00bb. <\/p>\n<p>\nCamisa y corbata\n<\/p>\n<p class=\"v-d-p\" style=\"\">\u00abCuando llegamos a las puertas del palacio de Catelgandolfo y presentamos las credenciales, la Guardia Suiza nos dice: &#8216;ven ustedes al fondo de la plaza aquella tienda, pues vayan all\u00ed y c\u00f3mprense 3 corbatas porque sin ellas no entran&#8217;\u00bb. Olazagoitia record\u00f3 que las \u00abcamisas nos las dejaron las Siervas de Jes\u00fas, en cuyo convento nos alojamos, y que pertenec\u00edan a un m\u00e9dico que era amigo de las monjas. Obviamente, no llev\u00e1bamos camisas en las alforjas\u00bb.<\/p>\n<p class=\"v-d-p\" style=\"\">All\u00ed fueron recibidos en audiencia especial por Juan XXIII, algo muy poco com\u00fan durante la estancia vacacional del Papa. La &#8216;clave&#8217; para acceder hasta el pont\u00edfice la hab\u00edan obtenido por intermediaci\u00f3n de Monse\u00f1or Laboa. En la primera etapa de aquel viaje de Dorleta \u00abfuimos a Loiola, donde fuimos recibidos por el obispo, y de ah\u00ed hasta Pasajes de San Juan, a casa de Monse\u00f1or Laboa, que hab\u00eda sido secretario del Papa Roncali cuando era Arzobispo Primado de Francia. Eran \u00edntimos amigos. Nos recibi\u00f3 en la cama aquejado de gripe. Nos proporcion\u00f3 los tel\u00e9fonos y contactos claves\u00bb. <\/p>\n","protected":false},"excerpt":{"rendered":"El 28 de julio de 1960 comenzaba la \u00abbendita locura\u00bb que protagonizaron \u00c1ngel Serrano, de 25 a\u00f1os, su&hellip;\n","protected":false},"author":2,"featured_media":604460,"comment_status":"","ping_status":"","sticky":false,"template":"","format":"standard","meta":{"footnotes":""},"categories":[273],"tags":[113438,313,312,168,112484,25,24,6552,23,167],"class_list":["post-604459","post","type-post","status-publish","format-standard","has-post-thumbnail","category-ciclismo","tag-aventureros","tag-ciclismo","tag-cycling","tag-deportes","tag-dorleta","tag-es","tag-espana","tag-homenaje","tag-spain","tag-sports"],"share_on_mastodon":{"url":"https:\/\/pubeurope.com\/@es\/116743955280379642","error":""},"_links":{"self":[{"href":"https:\/\/www.europesays.com\/es\/wp-json\/wp\/v2\/posts\/604459","targetHints":{"allow":["GET"]}}],"collection":[{"href":"https:\/\/www.europesays.com\/es\/wp-json\/wp\/v2\/posts"}],"about":[{"href":"https:\/\/www.europesays.com\/es\/wp-json\/wp\/v2\/types\/post"}],"author":[{"embeddable":true,"href":"https:\/\/www.europesays.com\/es\/wp-json\/wp\/v2\/users\/2"}],"replies":[{"embeddable":true,"href":"https:\/\/www.europesays.com\/es\/wp-json\/wp\/v2\/comments?post=604459"}],"version-history":[{"count":0,"href":"https:\/\/www.europesays.com\/es\/wp-json\/wp\/v2\/posts\/604459\/revisions"}],"wp:featuredmedia":[{"embeddable":true,"href":"https:\/\/www.europesays.com\/es\/wp-json\/wp\/v2\/media\/604460"}],"wp:attachment":[{"href":"https:\/\/www.europesays.com\/es\/wp-json\/wp\/v2\/media?parent=604459"}],"wp:term":[{"taxonomy":"category","embeddable":true,"href":"https:\/\/www.europesays.com\/es\/wp-json\/wp\/v2\/categories?post=604459"},{"taxonomy":"post_tag","embeddable":true,"href":"https:\/\/www.europesays.com\/es\/wp-json\/wp\/v2\/tags?post=604459"}],"curies":[{"name":"wp","href":"https:\/\/api.w.org\/{rel}","templated":true}]}}