{"id":604561,"date":"2026-06-13T18:41:14","date_gmt":"2026-06-13T18:41:14","guid":{"rendered":"https:\/\/www.europesays.com\/es\/604561\/"},"modified":"2026-06-13T18:41:14","modified_gmt":"2026-06-13T18:41:14","slug":"carcel-por-contagiarle-en-gijon-el-sida-a-su-novia-de-14-anos-a-quien-le-oculto-la-enfermedad","status":"publish","type":"post","link":"https:\/\/www.europesays.com\/es\/604561\/","title":{"rendered":"C\u00e1rcel por contagiarle en Gij\u00f3n el sida a su novia de 14 a\u00f1os, a quien le ocult\u00f3 la enfermedad"},"content":{"rendered":"<p style=\"\">Condenado a dos a\u00f1os y medio de c\u00e1rcel por transmitir el sida a su novia menor de edad, a quien ocult\u00f3 que padec\u00eda VIH. La  &#8230; v\u00edctima, residente en <a href=\"https:\/\/www.elcomercio.es\/gijon\/\" target=\"_self\" data-voc-vtm-id=\"in-text-traffic\" title=\"Gij\u00f3n\" data-mrf-link=\"www.elcomercio.es\" rel=\"nofollow noopener\">Gij\u00f3n<\/a>, ten\u00eda entonces 14 a\u00f1os y el acusado, 23. \u00abMantuvo con ella reiteradas relaciones sexuales sin utilizar preservativo y sin haberla informado en ning\u00fan momento de que padec\u00eda la citada enfermedad\u00bb, recoge la sentencia de la Secci\u00f3n Tercera de Audiencia Provincial de Asturias.<\/p>\n<p class=\"v-d-p\" style=\"\">Los hechos fueron denunciados en Gij\u00f3n en 2022 por la madre de la joven, quien meses despu\u00e9s de haber iniciado la relaci\u00f3n con el procesado se enter\u00f3 de que era portador del virus. Como consecuencia de las relaciones sexuales sin protecci\u00f3n, \u00abla menor result\u00f3 contagiada por el procesado, padeciendo en la actualidad infecci\u00f3n por el virus de inmunodeficiencia humana en fase A2 (paciente en fase precoz de infecci\u00f3n)\u00bb. <\/p>\n<p class=\"v-d-p\" style=\"\">Fue a ra\u00edz de tener conocimiento de que su novio ten\u00eda sida cuando se hizo las pruebas, que resultaron positivas. Desde entonces, est\u00e1 sometida a tratamiento farmacol\u00f3gico cr\u00f3nico y a controles m\u00e9dicos regulares.<\/p>\n<p class=\"v-d-p\" style=\"\">El acusado estaba diagnosticado de la infecci\u00f3n del virus VIH por transmisi\u00f3n vertical desde su nacimiento en 1999 y sometido a tratamiento m\u00e9dico por ello. \u00abEra conocedor de que pod\u00eda transmitirlo a trav\u00e9s de relaciones sexuales sin protecci\u00f3n\u00bb, abunda el fallo judicial. A\u00f1ade que \u00abel procesado realizaba un seguimiento irregular del tratamiento m\u00e9dico pautado, con mala adherencia al mismo y m\u00faltiples abandonos de este\u00bb. Durante los meses que tuvo relaciones \u00edntimas con la menor no tomaba la medicaci\u00f3n pautada.<\/p>\n<p class=\"v-d-p\" style=\"\">Una vez denunciados los hechos, el juzgado de la Violencia contra la Mujer de Gij\u00f3n dict\u00f3 medidas cautelares hacia la menor: se le impuso la prohibici\u00f3n de acercarse a menos de 300 metros de la v\u00edctima y de su domicilio, as\u00ed como comunicarse con ella por cualquier v\u00eda.<\/p>\n<p>\n25.000 euros de indemnizaci\u00f3n\n<\/p>\n<p class=\"v-d-p\" style=\"\">El procesado fue juzgado y el tribunal consider\u00f3 que exist\u00edan pruebas suficientes para determinar que era autor de un delito de lesiones. Deber\u00e1 cumplir dos a\u00f1os y medio de c\u00e1rcel. En concepto de responsabilidad civil, tendr\u00e1 que indemnizar a la denunciante con 25.000 euros.<\/p>\n<p class=\"v-d-p\" style=\"\">En la sentencia se le aplicaron las circunstancias atenuantes de reparaci\u00f3n del da\u00f1o (consign\u00f3 5.000 euros antes del juicio) y tambi\u00e9n la de alteraci\u00f3n ps\u00edquica, ya que \u00abten\u00eda disminuidas sus capacidades intelictivas y volitivas a causa del consumo de coca\u00edna, cannabis, alucin\u00f3genos y alcohol, adem\u00e1s de presentar un trastorno disocial.<\/p>\n","protected":false},"excerpt":{"rendered":"Condenado a dos a\u00f1os y medio de c\u00e1rcel por transmitir el sida a su novia menor de edad,&hellip;\n","protected":false},"author":2,"featured_media":604562,"comment_status":"","ping_status":"","sticky":false,"template":"","format":"standard","meta":{"footnotes":""},"categories":[92],"tags":[988,4280,113445,2996,25,24,6023,165,6270,36375,166,30402,23],"class_list":["post-604561","post","type-post","status-publish","format-standard","has-post-thumbnail","category-salud","tag-anos","tag-carcel","tag-contagiarle","tag-enfermedad","tag-es","tag-espana","tag-gijon","tag-health","tag-novia","tag-oculto","tag-salud","tag-sida","tag-spain"],"share_on_mastodon":{"url":"https:\/\/pubeurope.com\/@es\/116744269909596768","error":""},"_links":{"self":[{"href":"https:\/\/www.europesays.com\/es\/wp-json\/wp\/v2\/posts\/604561","targetHints":{"allow":["GET"]}}],"collection":[{"href":"https:\/\/www.europesays.com\/es\/wp-json\/wp\/v2\/posts"}],"about":[{"href":"https:\/\/www.europesays.com\/es\/wp-json\/wp\/v2\/types\/post"}],"author":[{"embeddable":true,"href":"https:\/\/www.europesays.com\/es\/wp-json\/wp\/v2\/users\/2"}],"replies":[{"embeddable":true,"href":"https:\/\/www.europesays.com\/es\/wp-json\/wp\/v2\/comments?post=604561"}],"version-history":[{"count":0,"href":"https:\/\/www.europesays.com\/es\/wp-json\/wp\/v2\/posts\/604561\/revisions"}],"wp:featuredmedia":[{"embeddable":true,"href":"https:\/\/www.europesays.com\/es\/wp-json\/wp\/v2\/media\/604562"}],"wp:attachment":[{"href":"https:\/\/www.europesays.com\/es\/wp-json\/wp\/v2\/media?parent=604561"}],"wp:term":[{"taxonomy":"category","embeddable":true,"href":"https:\/\/www.europesays.com\/es\/wp-json\/wp\/v2\/categories?post=604561"},{"taxonomy":"post_tag","embeddable":true,"href":"https:\/\/www.europesays.com\/es\/wp-json\/wp\/v2\/tags?post=604561"}],"curies":[{"name":"wp","href":"https:\/\/api.w.org\/{rel}","templated":true}]}}