{"id":60457,"date":"2025-08-20T15:48:08","date_gmt":"2025-08-20T15:48:08","guid":{"rendered":"https:\/\/www.europesays.com\/es\/60457\/"},"modified":"2025-08-20T15:48:08","modified_gmt":"2025-08-20T15:48:08","slug":"zubizarreta-deja-de-ser-el-director-deportivo-del-oporto-futbol-deportes","status":"publish","type":"post","link":"https:\/\/www.europesays.com\/es\/60457\/","title":{"rendered":"Zubizarreta deja de ser el director deportivo del Oporto | F\u00fatbol | Deportes"},"content":{"rendered":"<p class=\"\">El espa\u00f1ol Andoni Zubizarreta ha dejado su puesto como director deportivo del Oporto, cargo que ocupaba desde abril de 2024, ha anunciado este mi\u00e9rcoles el equipo portugu\u00e9s en comunicado. <a href=\"https:\/\/elpais.com\/deportes\/futbol\/2024-04-28\/villas-boas-aparca-su-carrera-de-entrenador-para-destronar-a-pinto-da-costa-en-la-presidencia-del-oporto.html\" target=\"_self\" rel=\"nofollow noopener\" title=\"https:\/\/elpais.com\/deportes\/futbol\/2024-04-28\/villas-boas-aparca-su-carrera-de-entrenador-para-destronar-a-pinto-da-costa-en-la-presidencia-del-oporto.html\">\u201cLa amplia experiencia de Andoni Zubizarreta <\/a>ha permitido al Oporto sentar las bases de un proyecto deportivo s\u00f3lido que podr\u00e1 desarrollarse y consolidarse en el futuro\u201d, escribi\u00f3 el club en la nota. Sin embargo, \u201cuna vez definidas las prioridades de ambas partes para las pr\u00f3ximas temporadas, se ha considerado que este ser\u00eda el momento m\u00e1s adecuado para finalizar la relaci\u00f3n entre ambos\u201d. <\/p>\n<p class=\"\">Zubizarreta form\u00f3 parte de la candidatura de Andr\u00e9 Villas-Boas a la presidencia del Oporto, tomando las riendas del equipo tras la victoria del que fue entrenador <a href=\"https:\/\/elpais.com\/deportes\/2015\/04\/22\/actualidad\/1429724070_292566.html\" target=\"_self\" rel=\"nofollow noopener\" title=\"https:\/\/elpais.com\/deportes\/2015\/04\/22\/actualidad\/1429724070_292566.html\">del Chelsea y del Marsella<\/a>, club en el que trabajaron juntos por primera vez. La andadura de ambos empez\u00f3 con la conquista de la Supercopa portuguesa, que acab\u00f3 por ser lo m\u00e1s destacado de una campa\u00f1a irregular en la que el conjunto termin\u00f3 tercero en la Liga. <\/p>\n<p>M\u00e1s informaci\u00f3n<\/p>\n<p class=\"\">Entre los fichajes de Zubi para el Oporto se encuentran el actual goleador del conjunto, el delantero melillense Samuel Aghehowa, contratado al Atl\u00e9tico de Madrid, <a href=\"https:\/\/elpais.com\/deportes\/futbol\/2023-08-26\/gabri-veiga-ya-luce-en-arabia.html\" target=\"_self\" rel=\"nofollow noopener\" title=\"https:\/\/elpais.com\/deportes\/futbol\/2023-08-26\/gabri-veiga-ya-luce-en-arabia.html\">y el centrocampista gallego Gabri Veiga<\/a>, procedente del Al Ahli Jeddah saud\u00ed. Su mayor traspaso fue el del tambi\u00e9n gallego Nico Gonz\u00e1lez, que se march\u00f3 al Manchester City de Pep Guardiola por unos 60 millones de euros. <\/p>\n<p class=\"\">El Oporto es el club m\u00e1s reciente en la carrera directiva de Andoni Zubizarreta, de 63 a\u00f1os, que tambi\u00e9n fue responsable de f\u00fatbol del FC Barcelona, donde realiz\u00f3 algunos de los fichajes m\u00e1s sonados de los azulgranas, <a href=\"https:\/\/elpais.com\/deportes\/2014\/07\/31\/actualidad\/1406834526_088737.html\" target=\"_self\" rel=\"nofollow noopener\" title=\"https:\/\/elpais.com\/deportes\/2014\/07\/31\/actualidad\/1406834526_088737.html\">como Neymar o Luis Su\u00e1rez<\/a>. Adem\u00e1s, tuvo una larga y exitosa trayectoria en los terrenos de juego como portero de equipos como el Athletic Club, el Bar\u00e7a, el Valencia y la selecci\u00f3n espa\u00f1ola.<\/p>\n","protected":false},"excerpt":{"rendered":"El espa\u00f1ol Andoni Zubizarreta ha dejado su puesto como director deportivo del Oporto, cargo que ocupaba desde abril&hellip;\n","protected":false},"author":2,"featured_media":60458,"comment_status":"","ping_status":"","sticky":false,"template":"","format":"standard","meta":{"footnotes":""},"categories":[93],"tags":[25298,25299,1540,168,1539,25,24,881,282,1538,7628,3414,15660,23,167],"class_list":{"0":"post-60457","1":"post","2":"type-post","3":"status-publish","4":"format-standard","5":"has-post-thumbnail","7":"category-deportes","8":"tag-andoni-zubizarreta","9":"tag-andre-villas-boas","10":"tag-competiciones","11":"tag-deportes","12":"tag-entrenadores","13":"tag-es","14":"tag-espana","15":"tag-fc-barcelona","16":"tag-futbol","17":"tag-futbolistas","18":"tag-gabri-veiga","19":"tag-luis-suarez","20":"tag-oporto-fc","21":"tag-spain","22":"tag-sports"},"share_on_mastodon":{"url":"","error":""},"_links":{"self":[{"href":"https:\/\/www.europesays.com\/es\/wp-json\/wp\/v2\/posts\/60457","targetHints":{"allow":["GET"]}}],"collection":[{"href":"https:\/\/www.europesays.com\/es\/wp-json\/wp\/v2\/posts"}],"about":[{"href":"https:\/\/www.europesays.com\/es\/wp-json\/wp\/v2\/types\/post"}],"author":[{"embeddable":true,"href":"https:\/\/www.europesays.com\/es\/wp-json\/wp\/v2\/users\/2"}],"replies":[{"embeddable":true,"href":"https:\/\/www.europesays.com\/es\/wp-json\/wp\/v2\/comments?post=60457"}],"version-history":[{"count":0,"href":"https:\/\/www.europesays.com\/es\/wp-json\/wp\/v2\/posts\/60457\/revisions"}],"wp:featuredmedia":[{"embeddable":true,"href":"https:\/\/www.europesays.com\/es\/wp-json\/wp\/v2\/media\/60458"}],"wp:attachment":[{"href":"https:\/\/www.europesays.com\/es\/wp-json\/wp\/v2\/media?parent=60457"}],"wp:term":[{"taxonomy":"category","embeddable":true,"href":"https:\/\/www.europesays.com\/es\/wp-json\/wp\/v2\/categories?post=60457"},{"taxonomy":"post_tag","embeddable":true,"href":"https:\/\/www.europesays.com\/es\/wp-json\/wp\/v2\/tags?post=60457"}],"curies":[{"name":"wp","href":"https:\/\/api.w.org\/{rel}","templated":true}]}}