{"id":604577,"date":"2026-06-13T18:55:20","date_gmt":"2026-06-13T18:55:20","guid":{"rendered":"https:\/\/www.europesays.com\/es\/604577\/"},"modified":"2026-06-13T18:55:20","modified_gmt":"2026-06-13T18:55:20","slug":"bojan-dubljevic-se-retira-del-baloncesto-con-una-hostoria-de-leyenda-en-el-valencia-basket","status":"publish","type":"post","link":"https:\/\/www.europesays.com\/es\/604577\/","title":{"rendered":"Bojan Dubljevic se retira del baloncesto con una hostoria de leyenda en el Valencia Basket"},"content":{"rendered":"<p class=\"ft-text\"><strong>Bojan Dubljevic deja el baloncesto<\/strong>. El montenegrino sab\u00eda ya que no iba a continuar en el Casademont Zaragoza, pero el anuncio de su retirada ha llegado este domingo y lo ha hecho con un mensaje de su representante, Misko Raznatovic. <strong>Con \u00e9l se va una aut\u00e9ntica leyenda del Valencia Basket, que <\/strong><a class=\"ft-link ft-link--decoration\" href=\"https:\/\/www.superdeporte.es\/valencia-basket\/2025\/07\/05\/quinteto-leyenda-dorsal-alto-pabellon-camiseta-valencia-basket-119381384.html\" rel=\"nofollow noopener\" target=\"_blank\">retirar\u00e1 su camiseta con el m\u00ednito &#8217;14&#8217; para que luzca junto a las de V\u00edctor Luengo, Nacho Rodilla, Rafa Mart\u00ednez o Sam Van Rossom<\/a> en lo alto del Roig Arena.<\/p>\n<p>El anuncio de Raznatovic<\/p>\n<p class=\"ft-text\">\u00abHan pasado 31 a\u00f1os desde que entr\u00e9 en esta profesi\u00f3n, y cada vez me encuentro m\u00e1s a menudo con situaciones en las que jugadores a los que represent\u00e9 cuando eran muy j\u00f3venes se retiran. En esos momentos, mis sentimientos son siempre contradictorios: orgullo por el camino que hemos compartido y los \u00e9xitos que tuve el privilegio de presenciar, junto con la <strong>tristeza de haber llegado al final de lo que a menudo fue una trayectoria verdaderamente extraordinaria<\/strong>.<\/p>\n<p class=\"ft-text\">Hoy, sin embargo, esa melancol\u00eda es a\u00fan m\u00e1s intensa, porque <strong>Bojan Dubljevi\u0107, que ahora finaliza su carrera como jugador, fue uno de mis favoritos<\/strong>. Todo comenz\u00f3 en 2012 con su inesperado fichaje por el Valencia, donde gan\u00f3 la EuroCup dos veces y la Liga espa\u00f1ola una vez. Son logros que ser\u00e1n recordados para siempre, pero m\u00e1s all\u00e1 de ellos, lo que personalmente m\u00e1s atesorar\u00e9 es la aut\u00e9ntica relaci\u00f3n familiar que constru\u00ed con Bojan y sus seres queridos\u00bb.<\/p>\n<p>Etapa de \u00e9xitos en el Valencia Basket<\/p>\n<p class=\"ft-text\">Dubljevic fue pieza indispensable en cuatro t\u00edtulos del primer equipo masculino, siendo el <a class=\"ft-link ft-link--decoration\" href=\"https:\/\/www.superdeporte.es\/baloncesto\/2017\/06\/16\/campeones-liga-53408199.html\" rel=\"nofollow noopener\" target=\"_blank\">MVP del Playoff Final de la Liga Endesa ganada en 2017<\/a>, adem\u00e1s de levantar los trofeos de la Eurocup en 2014 y 2019 y la Supercopa Endesa en 2017. Despu\u00e9s de ser uno de los grandes responsables del crecimiento de la entidad en la \u00faltima d\u00e9cada, Dubljevic dej\u00f3 el Valencia Basket como el segundo jugador con m\u00e1s partidos disputados en el primer equipo masculino (629), el jugador extranjero con m\u00e1s partidos y m\u00e1s temporadas (11) y el m\u00e1ximo anotador y reboteador de la historia de la entidad. Y su tarjeta de carrera como taronja fue impresionante: 11,7 puntos con un 38,5% en triples, 5,5 rebotes y 1,5 asistencias para 14,02 de valoraci\u00f3n.<\/p>\n<p><img decoding=\"async\" src=\"https:\/\/www.europesays.com\/es\/wp-content\/uploads\/2026\/06\/63914ea9-457d-4395-93ba-7552f3c7958e_alta-libre-aspect-ratio_default_0_x1082y487.jpg\" width=\"1200\" height=\"811\" alt=\"Bojan Dubljevic y Juan Roig se saludan en la \u00faltima visita del montegrino como visitante.\" class=\"ft-helper-img-rd\" loading=\"lazy\" fetchpriority=\"auto\"\/><\/p>\n<p class=\"ft-helper-fontColor-quaternary ft-helper-fontSize-body-S ft-helper-spacer-t-xxs\">Bojan Dubljevic y Juan Roig se saludan en la \u00faltima visita del montegrino como visitante.  \/ F. Calabuig<\/p>\n<p>L\u00edder en puntos, rebotes y valoraci\u00f3n<\/p>\n<p class=\"ft-text\">Adem\u00e1s de su legado, <strong>el p\u00edvot montenegrino dej\u00f3 su nombre inscrito en lo m\u00e1s alto de muchas de las clasificaciones estad\u00edsticas hist\u00f3ricas<\/strong>, con unos guarismos que dif\u00edcilmente ser\u00e1n superados. Dubljevic es el m\u00e1ximo anotador de la historia del Valencia Basket (7.349 puntos), siendo el m\u00e1ximo encestador de la entidad en la Liga Endesa (4.356), en competiciones europeas (2.775) y en la Copa del Rey (182). Es tambi\u00e9n el m\u00e1ximo reboteador tanto en cifras generales (3.474) como en todas las competiciones que ha disputado como taronja (acb, Euroliga, EuroCup, Copa del Rey y Supercopa Endesa). Y sus 8.823 cr\u00e9ditos le convierten tambi\u00e9n en el jugador m\u00e1s valorado de la historia de la entidad. Tambi\u00e9n es el que m\u00e1s partidos ha disputado en competiciones europeas (233) y en la Copa del Rey (17, empatado con Luengo). En la Liga Endesa es el l\u00edder hist\u00f3rico del Valencia Basket en valoraci\u00f3n, puntos, rebotes, tiros libres anotados, rebotes defensivos, rebotes ofensivos, faltas recibidas y p\u00e9rdidas.<\/p>\n<p class=\"ft-text\"><strong>Una carrera que dej\u00f3 huella en Val\u00e8ncia, <\/strong><a class=\"ft-link ft-link--decoration\" href=\"https:\/\/www.superdeporte.es\/valencia-basket\/2024\/11\/15\/fonteta-rinde-nuevo-dubi-111736004.html\" rel=\"nofollow noopener\" target=\"_blank\">donde recibi\u00f3 un c\u00e1lido homenaje en su \u00faltima visita como visitante<\/a>, con la camiseta del Casademont Zaragoza.<\/p>\n","protected":false},"excerpt":{"rendered":"Bojan Dubljevic deja el baloncesto. El montenegrino sab\u00eda ya que no iba a continuar en el Casademont Zaragoza,&hellip;\n","protected":false},"author":2,"featured_media":604578,"comment_status":"","ping_status":"","sticky":false,"template":"","format":"standard","meta":{"footnotes":""},"categories":[269],"tags":[299,1918,298,36347,36349,5369,168,36348,25,24,832,15896,1367,23,167,235,2916,491],"class_list":["post-604577","post","type-post","status-publish","format-standard","has-post-thumbnail","category-baloncesto","tag-baloncesto","tag-basket","tag-basketball","tag-bojan","tag-bojan-dubljevic","tag-casademont-zaragoza","tag-deportes","tag-dubljevic","tag-es","tag-espana","tag-eurocup","tag-retira","tag-retirada","tag-spain","tag-sports","tag-valencia","tag-valencia-basket","tag-zaragoza"],"share_on_mastodon":{"url":"https:\/\/pubeurope.com\/@es\/116744325618236234","error":""},"_links":{"self":[{"href":"https:\/\/www.europesays.com\/es\/wp-json\/wp\/v2\/posts\/604577","targetHints":{"allow":["GET"]}}],"collection":[{"href":"https:\/\/www.europesays.com\/es\/wp-json\/wp\/v2\/posts"}],"about":[{"href":"https:\/\/www.europesays.com\/es\/wp-json\/wp\/v2\/types\/post"}],"author":[{"embeddable":true,"href":"https:\/\/www.europesays.com\/es\/wp-json\/wp\/v2\/users\/2"}],"replies":[{"embeddable":true,"href":"https:\/\/www.europesays.com\/es\/wp-json\/wp\/v2\/comments?post=604577"}],"version-history":[{"count":0,"href":"https:\/\/www.europesays.com\/es\/wp-json\/wp\/v2\/posts\/604577\/revisions"}],"wp:featuredmedia":[{"embeddable":true,"href":"https:\/\/www.europesays.com\/es\/wp-json\/wp\/v2\/media\/604578"}],"wp:attachment":[{"href":"https:\/\/www.europesays.com\/es\/wp-json\/wp\/v2\/media?parent=604577"}],"wp:term":[{"taxonomy":"category","embeddable":true,"href":"https:\/\/www.europesays.com\/es\/wp-json\/wp\/v2\/categories?post=604577"},{"taxonomy":"post_tag","embeddable":true,"href":"https:\/\/www.europesays.com\/es\/wp-json\/wp\/v2\/tags?post=604577"}],"curies":[{"name":"wp","href":"https:\/\/api.w.org\/{rel}","templated":true}]}}