{"id":604836,"date":"2026-06-13T22:24:09","date_gmt":"2026-06-13T22:24:09","guid":{"rendered":"https:\/\/www.europesays.com\/es\/604836\/"},"modified":"2026-06-13T22:24:09","modified_gmt":"2026-06-13T22:24:09","slug":"willy-todos-tenemos-que-aportar-y-dejarnos-la-piel","status":"publish","type":"post","link":"https:\/\/www.europesays.com\/es\/604836\/","title":{"rendered":"Willy: \u00abTodos tenemos que aportar y dejarnos la piel\u00bb"},"content":{"rendered":"<p class=\"ft-text\">Willy Hernang\u00f3mez, jugador internacional del Bar\u00e7a, <a class=\"ft-link ft-link--decoration\" href=\"https:\/\/www.sport.es\/es\/noticias\/barca\/baloncesto\/barca-final-liga-endesa-imponerse-131375327\" rel=\"nofollow noopener\" target=\"_blank\">se mostr\u00f3 este s\u00e1bado muy satisfecho por la clasificaci\u00f3n del conjunto azulgrana para la final de la Liga Endesa<\/a> y destac\u00f3 la importancia del trabajo en equipo para poder seguir cumpliendo los objetivos<\/p>\n<p class=\"ft-text\"><strong>\u00abCreo que estamos en un momento en el que todos tenemos que aportar y dejarnos la piel.<\/strong> Cada uno tendr\u00e1 su momento pero lo importante es que el equipo salga para adelante, que trabajemos conjuntamente atr\u00e1s y adelante\u00bb dijo a Dazn tras eliminar a La Laguna Tenerife en semifinales.<\/p>\n<p class=\"ft-text\"><strong>Se mostr\u00f3 \u00abmuy, muy feliz\u00bb por haber sacado adelante un partido \u00abmuy dif\u00edcil\u00bb ante un rival,<\/strong> La Laguna Tenerife, que \u00abcomo siempre\u00bb le ha puesto las cosas muy complicadas.<\/p>\n<p>Deporte de equipo<\/p>\n<p class=\"ft-text\">El p\u00edvot <strong>reconoci\u00f3 estar satisfecho por su actuaci\u00f3n en un d\u00eda en el que disfrut\u00f3 \u00abmucho\u00bb en la pista <\/strong>y abog\u00f3 por \u00abseguir trabajando y aprovechar cada d\u00eda\u00bb las oportunidades de que disponga.<\/p>\n<p class=\"ft-text\"><strong>\u00abEste es un deporte de equipo y hay que estar preparado porque en cualquier momento te llega una oportunidad y tienes que agarrarte a ella<\/strong> y hay que trabajar mucho todos los d\u00edas en los entrenamientos sabiendo que, siendo paciente, Xavi (Pascual) dir\u00e1 mi nombre y podr\u00e9 ayudar a mis compa\u00f1eros\u00bb, a\u00f1adi\u00f3.  <\/p>\n","protected":false},"excerpt":{"rendered":"Willy Hernang\u00f3mez, jugador internacional del Bar\u00e7a, se mostr\u00f3 este s\u00e1bado muy satisfecho por la clasificaci\u00f3n del conjunto azulgrana&hellip;\n","protected":false},"author":2,"featured_media":604837,"comment_status":"","ping_status":"","sticky":false,"template":"","format":"standard","meta":{"footnotes":""},"categories":[269],"tags":[299,298,168,25,24,113478,113476,23,167,67016,10301,67275,113477],"class_list":["post-604836","post","type-post","status-publish","format-standard","has-post-thumbnail","category-baloncesto","tag-baloncesto","tag-basketball","tag-deportes","tag-es","tag-espana","tag-la-piel","tag-que-aportar","tag-spain","tag-sports","tag-tenemos","tag-todos","tag-willy","tag-y-dejarnos"],"share_on_mastodon":{"url":"https:\/\/pubeurope.com\/@es\/116745146736983508","error":""},"_links":{"self":[{"href":"https:\/\/www.europesays.com\/es\/wp-json\/wp\/v2\/posts\/604836","targetHints":{"allow":["GET"]}}],"collection":[{"href":"https:\/\/www.europesays.com\/es\/wp-json\/wp\/v2\/posts"}],"about":[{"href":"https:\/\/www.europesays.com\/es\/wp-json\/wp\/v2\/types\/post"}],"author":[{"embeddable":true,"href":"https:\/\/www.europesays.com\/es\/wp-json\/wp\/v2\/users\/2"}],"replies":[{"embeddable":true,"href":"https:\/\/www.europesays.com\/es\/wp-json\/wp\/v2\/comments?post=604836"}],"version-history":[{"count":0,"href":"https:\/\/www.europesays.com\/es\/wp-json\/wp\/v2\/posts\/604836\/revisions"}],"wp:featuredmedia":[{"embeddable":true,"href":"https:\/\/www.europesays.com\/es\/wp-json\/wp\/v2\/media\/604837"}],"wp:attachment":[{"href":"https:\/\/www.europesays.com\/es\/wp-json\/wp\/v2\/media?parent=604836"}],"wp:term":[{"taxonomy":"category","embeddable":true,"href":"https:\/\/www.europesays.com\/es\/wp-json\/wp\/v2\/categories?post=604836"},{"taxonomy":"post_tag","embeddable":true,"href":"https:\/\/www.europesays.com\/es\/wp-json\/wp\/v2\/tags?post=604836"}],"curies":[{"name":"wp","href":"https:\/\/api.w.org\/{rel}","templated":true}]}}