{"id":605094,"date":"2026-06-14T02:10:22","date_gmt":"2026-06-14T02:10:22","guid":{"rendered":"https:\/\/www.europesays.com\/es\/605094\/"},"modified":"2026-06-14T02:10:22","modified_gmt":"2026-06-14T02:10:22","slug":"el-incendio-de-padron-en-a-coruna-se-reactiva-tras-arrasar-250-hectareas-y-activa-la-situacion-2-por-su-cercania-a-viviendas","status":"publish","type":"post","link":"https:\/\/www.europesays.com\/es\/605094\/","title":{"rendered":"El incendio de Padr\u00f3n, en A Coru\u00f1a, se reactiva tras arrasar 250 hect\u00e1reas y activa la situaci\u00f3n 2 por su cercan\u00eda a viviendas"},"content":{"rendered":"<p class=\"article-text\">\n        El incendio de Padr\u00f3n (en el sur de la provincia de A Coru\u00f1a), que ya ha arrasado 250 hect\u00e1reas, ha obligado a la Conseller\u00eda do Medio Rural a activar la Situaci\u00f3n 2 como medida de emergencia preventiva por su proximidad a dos n\u00facleos de poblaci\u00f3n de la parroquia de Carcac\u00eda, Sobrerribas y Cruxeiras de Abaixo.\n    <\/p>\n<p>    <a href=\"https:\/\/www.eldiario.es\/galicia\/ley-gallega-incendios-limbo-norma-apostaba-prevenir-apagar-cumple-anos-cajon_1_12551060.html\" data-mrf-recirculation=\"saber-mas\" data-dl-event=\"saber-mas\" rel=\"nofollow noopener\" target=\"_blank\"><\/p>\n<p class=\"know-more__title\">La ley gallega de incendios, en el limbo: la norma que apostaba por prevenir antes que apagar cumple dos a\u00f1os en un caj\u00f3n<\/p>\n<p>            <img decoding=\"async\" class=\"lazy\" loading=\"lazy\" data-src=\"https:\/\/static.eldiario.es\/clip\/1dbde507-3979-4db1-b898-68b99f9243e2_16-9-aspect-ratio_default_0.jpg\" src=\"data:image\/svg+xml,%3Csvg xmlns=\" http:=\"\" viewbox=\"0 0 880 495\" alt=\"La ley gallega de incendios, en el limbo: la norma que apostaba por prevenir antes que apagar cumple dos a\u00f1os en un caj\u00f3n\"\/><\/p>\n<p>                        <\/a><\/p>\n<p class=\"article-text\">\n        Este segundo n\u00facleo ha tenido que ser desalojado al completo, con 10 viviendas en esta situaci\u00f3n, seg\u00fan confirma a Europa Press el alcalde de Padr\u00f3n, Anxo Rei Arca, que ha apuntado que el fuego ha excedido los l\u00edmites municipales y ya ha entrado en Teo, avanzando hacia Vilar do Bispo.\n    <\/p>\n<p class=\"article-text\">\n        En este sentido, el departamento auton\u00f3mico ha confirmado que uno de los flancos del incendio se ha reactivado a lo largo de esta jornada. El fuego, declarado a las 16.01 horas del viernes en la parroquia padronesa de\u00a0Herb\u00f3n, ya ha calcinado 250 hect\u00e1reas, seg\u00fan las \u00faltimas estimaciones.\n    <\/p>\n<blockquote class=\"twitter-tweet\" data-lang=\"es\"><p><a href=\"https:\/\/twitter.com\/X\/status\/2065837995945590818?ref_src=twsrc%5Etfw\" rel=\"nofollow noopener\" target=\"_blank\"><\/p><\/blockquote>\n<p class=\"article-text\">\n        Aunque esta ma\u00f1ana parec\u00eda que avanzaba hacia su estabilizaci\u00f3n, las altas temperaturas en la comunidad gallega con temperaturas de m\u00e1s de 30 grados y el aire han complicado la situaci\u00f3n. \u201cHay bastante aire, cosa que no pas\u00f3 el vierno\u201d, ha explicado el regidor. Con todo, no se han producido da\u00f1os personales o a casas. \u201cEl m\u00e1ximo riesgo est\u00e1 en Cruxeiras de Abaixo. All\u00ed est\u00e1 el personal trabajando para que las viviendas no se vean afectadas, pero est\u00e1 cerca\u201d, detalla.\n    <\/p>\n<p class=\"article-text\">\n        Rei Arca permanece con el personal de Medio Rural de la Xunta mientras se habilita el Puesto de Mando Avanzado. Al mismo tiempo, las brigadas en el terreno se encargan de intentar canalizar el fuego para impedir su avance o, en todo caso, \u201cconducirlo por los lugares medios da\u00f1inos\u201d.\n    <\/p>\n<p>    <a href=\"https:\/\/www.eldiario.es\/galicia\/arde-quemado-grandes-incendios-forestales-memoria_1_13124732.html\" data-mrf-recirculation=\"saber-mas-abajo\" data-dl-event=\"saber-mas-abajo\" rel=\"nofollow noopener\" target=\"_blank\"><\/p>\n<p class=\"know-more__title\">Arde sobre quemado: los grandes incendios forestales tienen memoria\n<\/p>\n<p>            <img decoding=\"async\" class=\"lazy\" loading=\"lazy\" data-src=\"https:\/\/static.eldiario.es\/clip\/ada727cd-8d19-412b-b36b-a05cf2971a0d_16-9-aspect-ratio_default_0.jpg\" src=\"data:image\/svg+xml,%3Csvg xmlns=\" http:=\"\" viewbox=\"0 0 880 495\" alt=\"Arde sobre quemado: los grandes incendios forestales tienen memoria\"\/><\/p>\n<p>                        <\/a><\/p>\n<blockquote class=\"twitter-tweet\" data-lang=\"es\"><p><a href=\"https:\/\/twitter.com\/X\/status\/2065770424697262473?ref_src=twsrc%5Etfw\" rel=\"nofollow noopener\" target=\"_blank\"><\/p><\/blockquote>\n<p class=\"article-text\">\n        Hasta ahora, la Conseller\u00eda do Medio Rural ha movilizado de forma acumulada a cuatro t\u00e9cnicos, 36 agentes, 47 brigadas, 33 motobombas, tres palas, siete unidades t\u00e9cnicas de apoyo, ocho helic\u00f3pteros y siete aviones. Adem\u00e1s, el Ministerio para la Transici\u00f3n Ecol\u00f3gica (Miteco) apoya el operativo con dos aviones anfibios y un helic\u00f3ptero, que trabajan de forma coordinada con el dispositivo de la Xunta para apoyar las tareas de control y extinci\u00f3n.\n    <\/p>\n<p>                                        <script async src=\"https:\/\/platform.twitter.com\/widgets.js\" charset=\"utf-8\"><\/script><\/p>\n","protected":false},"excerpt":{"rendered":"El incendio de Padr\u00f3n (en el sur de la provincia de A Coru\u00f1a), que ya ha arrasado 250&hellip;\n","protected":false},"author":2,"featured_media":605095,"comment_status":"","ping_status":"","sticky":false,"template":"","format":"standard","meta":{"footnotes":""},"categories":[8],"tags":[517,1705,17,18,25,24,13,14,816,11,7386,19,20,7318,9,10,15,16,1925,7387,1146,23,12,21,22],"class_list":["post-605094","post","type-post","status-publish","format-standard","has-post-thumbnail","category-espana","tag-actualidad","tag-analisis","tag-breaking-news","tag-breakingnews","tag-es","tag-espana","tag-featured-news","tag-featurednews","tag-galicia","tag-headlines","tag-la-coruna","tag-latest-news","tag-latestnews","tag-lugo","tag-news","tag-noticias","tag-noticias-destacadas","tag-noticiasdestacadas","tag-opinion","tag-orense","tag-pontevedra","tag-spain","tag-titulares","tag-ultimas-noticias","tag-ultimasnoticias"],"share_on_mastodon":{"url":"https:\/\/pubeurope.com\/@es\/116746035349339258","error":""},"_links":{"self":[{"href":"https:\/\/www.europesays.com\/es\/wp-json\/wp\/v2\/posts\/605094","targetHints":{"allow":["GET"]}}],"collection":[{"href":"https:\/\/www.europesays.com\/es\/wp-json\/wp\/v2\/posts"}],"about":[{"href":"https:\/\/www.europesays.com\/es\/wp-json\/wp\/v2\/types\/post"}],"author":[{"embeddable":true,"href":"https:\/\/www.europesays.com\/es\/wp-json\/wp\/v2\/users\/2"}],"replies":[{"embeddable":true,"href":"https:\/\/www.europesays.com\/es\/wp-json\/wp\/v2\/comments?post=605094"}],"version-history":[{"count":0,"href":"https:\/\/www.europesays.com\/es\/wp-json\/wp\/v2\/posts\/605094\/revisions"}],"wp:featuredmedia":[{"embeddable":true,"href":"https:\/\/www.europesays.com\/es\/wp-json\/wp\/v2\/media\/605095"}],"wp:attachment":[{"href":"https:\/\/www.europesays.com\/es\/wp-json\/wp\/v2\/media?parent=605094"}],"wp:term":[{"taxonomy":"category","embeddable":true,"href":"https:\/\/www.europesays.com\/es\/wp-json\/wp\/v2\/categories?post=605094"},{"taxonomy":"post_tag","embeddable":true,"href":"https:\/\/www.europesays.com\/es\/wp-json\/wp\/v2\/tags?post=605094"}],"curies":[{"name":"wp","href":"https:\/\/api.w.org\/{rel}","templated":true}]}}