{"id":605118,"date":"2026-06-14T02:33:16","date_gmt":"2026-06-14T02:33:16","guid":{"rendered":"https:\/\/www.europesays.com\/es\/605118\/"},"modified":"2026-06-14T02:33:16","modified_gmt":"2026-06-14T02:33:16","slug":"polemica-con-la-pau-en-bizkaia-un-examen-completo-no-puede-ser-un-cero","status":"publish","type":"post","link":"https:\/\/www.europesays.com\/es\/605118\/","title":{"rendered":"Pol\u00e9mica con la PAU en Bizkaia: \u00abUn examen completo no puede ser un cero\u00bb"},"content":{"rendered":"<p>\n        <strong>La pol\u00e9mica por las calificaciones del examen de euskera de la Prueba de Acceso a la Universidad (PAU)<\/strong> en <a href=\"https:\/\/www.deia.eus\/bizkaia\/\" title=\"Bizkaia\" class=\"link copy\" rel=\"nofollow noopener\" target=\"_blank\">Bizkaia <\/a>se mantiene abierta desde el pasado jueves, cuando comenzaron a conocerse los primeros casos de estudiantes que hab\u00edan obtenido un cero en la prueba pese a haber realizado el examen completo y, <strong>en algunos casos, contar con acreditaciones de nivel B2.<\/strong>\n<\/p>\n<p class=\"article-body__text \">\n        L<strong>a preocupaci\u00f3n se concentr\u00f3 especialmente en torno a un tribunal concreto, el n\u00famero 11, ubicado en Sarriko, donde varios alumnos cuyos apellidos comenzaban entre la I y la S aparecieron con calificaciones que distintos centros educativos consideran an\u00f3malas<\/strong> para el nivel que consideran que tienen los j\u00f3venes y que as\u00ed lo han ido demostrando con el paso de los cursos escolares. Docentes consultados por este peri\u00f3dico apuntan a que la magnitud de algunos resultados llam\u00f3 la atenci\u00f3n desde el primer momento.\n<\/p>\n<p class=\"article-body__text \">\n        <strong>\u00abUna persona que ha completado un examen entero no puede ser un cero salvo que le hayan pillado copiando o se haya dejado en blanco\u00bb<\/strong>, se\u00f1ala una de las fuentes docentes consultadas por este peri\u00f3dico. En esta l\u00ednea, se considera que en una prueba de estas caracter\u00edsticas puede haber diferencias entre correctores y convocatorias, pero <strong>consideran que los cambios suelen situarse dentro de unos m\u00e1rgenes razonables. \u00abUn punto arriba, un punto abajo a lo habitual es lo normal\u00bb, explican<\/strong>. La aparici\u00f3n de ceros entre estudiantes con preparaci\u00f3n previa en euskera increment\u00f3 las dudas en algunos centros. \u00abHay gente con B2 con ceros\u00bb, se\u00f1alan fuentes docentes conocedoras de varios casos.\n<\/p>\n<p>  Convocatoria este lunes<\/p>\n<p class=\"article-body__text \">\n        En un primer momento, se apunt\u00f3 a que la situaci\u00f3n pod\u00eda deberse a un fallo t\u00e9cnico en el proceso de incorporaci\u00f3n de las calificaciones, algo confirmado por la Euskal Herriko Unibertsitatea (EHU) respecto a la gesti\u00f3n de algunas calificaciones. Posteriormente,<strong> la EHU inform\u00f3 de que hab\u00eda subsanado el error y ya hab\u00eda incluido las notas de la PAU tras detectar que varios estudiantes que s\u00ed hab\u00edan realizado la prueba figuraban como no presentados y, por tanto, aparec\u00edan con una calificaci\u00f3n de cero.<\/strong> En concreto, la universidad detect\u00f3 que 8 estudiantes constaban como no presentados pese a haber hecho el examen.\n<\/p>\n<p class=\"article-body__text \">\n        El problema gener\u00f3 preocupaci\u00f3n entre los afectados ante la posibilidad de que un error administrativo pudiera influir en la nota final de acceso a la universidad y en la elecci\u00f3n de grado. Es por ello que e<strong>l alumnado afectado y personas de su entorno convocaron una concentraci\u00f3n de cara a este lunes, a las 10.00 horas, en San Mam\u00e9s, para reclamar explicaciones a la EHU.<\/strong>\n<\/p>\n<p class=\"article-body__text \">\n        Mientras la pol\u00e9mica contin\u00faa creciendo con el paso de los d\u00edas, el procedimiento de la EHU para la revisi\u00f3n de ex\u00e1menes sigue su curso. Este lunes concluyen los tres d\u00edas h\u00e1biles para realizar la solicitud de revisi\u00f3n de los ex\u00e1menes. En este caso, se verifica que las preguntas hayan sido corregidas al mismo tiempo que se comprueba la posible existencia de errores. Seg\u00fan las fuentes consultadas por este peri\u00f3dico, cabe la posibilidad de realizar una segunda correcci\u00f3n de la prueba. En caso de que la diferencia entre uno y otro examen sea de menos de dos puntos, la nota final ser\u00e1 la media.<strong> Si es de dos o m\u00e1s, se realizar\u00e1 una correcci\u00f3n adicional de oficio.<\/strong><\/p>\n","protected":false},"excerpt":{"rendered":"La pol\u00e9mica por las calificaciones del examen de euskera de la Prueba de Acceso a la Universidad (PAU)&hellip;\n","protected":false},"author":2,"featured_media":605119,"comment_status":"","ping_status":"","sticky":false,"template":"","format":"standard","meta":{"footnotes":""},"categories":[8],"tags":[4144,17,18,3145,4399,25,24,7109,13,14,11,19,20,9,10,15,16,4968,1526,23,12,21,22],"class_list":["post-605118","post","type-post","status-publish","format-standard","has-post-thumbnail","category-espana","tag-bizkaia","tag-breaking-news","tag-breakingnews","tag-cero","tag-completo","tag-es","tag-espana","tag-examen","tag-featured-news","tag-featurednews","tag-headlines","tag-latest-news","tag-latestnews","tag-news","tag-noticias","tag-noticias-destacadas","tag-noticiasdestacadas","tag-pau","tag-polemica","tag-spain","tag-titulares","tag-ultimas-noticias","tag-ultimasnoticias"],"share_on_mastodon":{"url":"https:\/\/pubeurope.com\/@es\/116746125799325159","error":""},"_links":{"self":[{"href":"https:\/\/www.europesays.com\/es\/wp-json\/wp\/v2\/posts\/605118","targetHints":{"allow":["GET"]}}],"collection":[{"href":"https:\/\/www.europesays.com\/es\/wp-json\/wp\/v2\/posts"}],"about":[{"href":"https:\/\/www.europesays.com\/es\/wp-json\/wp\/v2\/types\/post"}],"author":[{"embeddable":true,"href":"https:\/\/www.europesays.com\/es\/wp-json\/wp\/v2\/users\/2"}],"replies":[{"embeddable":true,"href":"https:\/\/www.europesays.com\/es\/wp-json\/wp\/v2\/comments?post=605118"}],"version-history":[{"count":0,"href":"https:\/\/www.europesays.com\/es\/wp-json\/wp\/v2\/posts\/605118\/revisions"}],"wp:featuredmedia":[{"embeddable":true,"href":"https:\/\/www.europesays.com\/es\/wp-json\/wp\/v2\/media\/605119"}],"wp:attachment":[{"href":"https:\/\/www.europesays.com\/es\/wp-json\/wp\/v2\/media?parent=605118"}],"wp:term":[{"taxonomy":"category","embeddable":true,"href":"https:\/\/www.europesays.com\/es\/wp-json\/wp\/v2\/categories?post=605118"},{"taxonomy":"post_tag","embeddable":true,"href":"https:\/\/www.europesays.com\/es\/wp-json\/wp\/v2\/tags?post=605118"}],"curies":[{"name":"wp","href":"https:\/\/api.w.org\/{rel}","templated":true}]}}