{"id":60530,"date":"2025-08-20T16:33:04","date_gmt":"2025-08-20T16:33:04","guid":{"rendered":"https:\/\/www.europesays.com\/es\/60530\/"},"modified":"2025-08-20T16:33:04","modified_gmt":"2025-08-20T16:33:04","slug":"es-un-paraiso-muy-parecido-a-donde-creci","status":"publish","type":"post","link":"https:\/\/www.europesays.com\/es\/60530\/","title":{"rendered":"\u00abEs un para\u00edso; muy parecido a donde crec\u00ed\u00bb"},"content":{"rendered":"<p>Conocer a <strong><a href=\"https:\/\/theobjective.com\/gente\/2024-09-17\/lrichard-gere-millonaria-casa-madrid-alejandra\/\" rel=\"nofollow noopener\" target=\"_blank\">Alejandra Silva<\/a><\/strong> marc\u00f3 un antes y un despu\u00e9s en la vida de <strong><a href=\"https:\/\/theobjective.com\/etiqueta\/richard-gere\/\" rel=\"nofollow noopener\" target=\"_blank\">Richard Gere<\/a><\/strong>. El actor y la activista dejaron atr\u00e1s su vida en <strong>Estados Unidos<\/strong> y, hace algo m\u00e1s de dos a\u00f1os, decidieron mudarse \u2014junto a sus tres hijos\u2014 hasta <strong>Madrid<\/strong>. En ese momento, el propio Gere afirm\u00f3 que hab\u00eda tomado la decisi\u00f3n por \u00ab<strong>amor<\/strong>\u00bb y sobre todo pensando en su pareja, quien hab\u00eda dejado su vida en Espa\u00f1a para mudarse junto a \u00e9l a su rancho de Estados Unidos. Ahora, hacen una vida totalmente normal en la capital; van a eventos, se dejan ver disfrutando de sus peque\u00f1os y, tambi\u00e9n, se deshacen en halagos. Es m\u00e1s, gracias a Alejandra, el actor ha descubierto un para\u00edso; <strong>Galicia<\/strong>, la tierra natal de ella. <\/p>\n<p>Alejandra tiene <strong>una relaci\u00f3n muy estrecha <\/strong>con el norte de nuestro pa\u00eds, tanto personal como profesional. Aunque naci\u00f3 en La Coru\u00f1a \u2014en 1983\u2014, pas\u00f3 buena parte de su infancia y juventud en\u00a0<strong>Oleiros<\/strong>, un municipio muy cercano a la ciudad. All\u00ed la familia Silva posee una finca junto a<strong> la playa de Bastiagueiro<\/strong>. Su padre, Ignacio Silva Botas, es un conocido empresario gallego vinculado al mundo de la hosteler\u00eda y la construcci\u00f3n. Alejandra ha descrito Galicia como su \u00ab<strong>para\u00edso<\/strong>\u00bb y el lugar al que siempre vuelve para desconectar. Es por eso que, cuando los peque\u00f1os tienen vacaciones en el colegio y ahora que est\u00e1n m\u00e1s cerca, aprovechan para escaparse hasta la tierra de ella, a la que ha definido Richard como \u00ab<strong>el para\u00edso de los para\u00edsos<\/strong>\u00bb. <\/p>\n<p>Richard Gere y su pasi\u00f3n por Galicia <\/p>\n<blockquote class=\"instagram-media\" data-instgrm-permalink=\"https:\/\/www.instagram.com\/p\/DJEtYGXi3MG\/?utm_source=ig_embed&amp;utm_campaign=loading\" data-instgrm-version=\"14\" style=\" background:#FFF; border:0; border-radius:3px; box-shadow:0 0 1px 0 rgba(0,0,0,0.5),0 1px 10px 0 rgba(0,0,0,0.15); margin: 1px; max-width:540px; min-width:326px; padding:0; width:99.375%; width:-webkit-calc(100% - 2px); width:calc(100% - 2px);\"\/>\n<p>Es m\u00e1s, en alguna que otra ocasi\u00f3n ha confesado que le \u00ab<strong>encanta<\/strong>\u00bb porque \u00ab<strong>es muy parecida al lugar en el que crec\u00ed, porque hay muchos \u00e1rboles y es muy verde<\/strong>\u00bb. M\u00e1s concretamente, el actor se refiere a Oleiros, donde poseen una finca familiar y suelen veranear con sus hijos. Su playa preferida es\u00a0<strong>Bastiagueiro<\/strong>, un arenal rodeado de zona verde que les brinda tranquilidad y privacidad. De esta manera, la relaci\u00f3n de Richard Gere con Galicia est\u00e1 profundamente marcada por su v\u00ednculo con Alejandra Silva.\u00a0Desde su encuentro en 2015 en Positano, Italia, donde ella trabajaba en un hotel de lujo, su conexi\u00f3n se ha fortalecido tanto en lo personal como en lo profesional. <\/p>\n<p>La pareja, que contrajo matrimonio en 2018, ha establecido su residencia en Madrid desde mediados de 2024, pero mantiene una fuerte conexi\u00f3n con Galicia.\u00a0Richard Gere ha elogiado p\u00fablicamente Galicia en varias ocasiones.\u00a0En una entrevista con Ana Pastor en El Objetivo, describi\u00f3 la regi\u00f3n como \u00abmuy especial\u00bb y comparable a su lugar de origen en <strong>Filadelfia<\/strong> debido a su paisaje verde y arbolado.\u00a0Adem\u00e1s, al recibir el <strong>Premio Goya Internacional en 2025<\/strong>, coment\u00f3 que \u00abtodo lo bueno parece que viene de all\u00ed\u00bb, refiri\u00e9ndose a Galicia. <\/p>\n<p>Oleiros, un para\u00edso en Galicia <\/p>\n<blockquote class=\"instagram-media\" data-instgrm-permalink=\"https:\/\/www.instagram.com\/reel\/DNTUcD6CndR\/?utm_source=ig_embed&amp;utm_campaign=loading\" data-instgrm-version=\"14\" style=\" background:#FFF; border:0; border-radius:3px; box-shadow:0 0 1px 0 rgba(0,0,0,0.5),0 1px 10px 0 rgba(0,0,0,0.15); margin: 1px; max-width:540px; min-width:326px; padding:0; width:99.375%; width:-webkit-calc(100% - 2px); width:calc(100% - 2px);\"\/>\n<p>La pareja tambi\u00e9n ha estado involucrada en causas sociales en Espa\u00f1a, como la lucha contra el sinhogarismo a trav\u00e9s de su proyecto \u00abHogar S\u00ed\u00bb.\u00a0Adem\u00e1s, han visitado la sede de Inditex en Arteixo, consolidando su presencia en la regi\u00f3n. Oleiros es un municipio costero situado en la provincia de Coru\u00f1a, Galicia, que destaca por su belleza natural, su rica historia y su alta calidad de vida.\u00a0Ubicado en el \u00e1rea metropolitana de La Coru\u00f1a, Oleiros se encuentra <strong>entre la r\u00eda de Betanzos y la r\u00eda del Burgo<\/strong>. Cuenta con varias playas destacadas, como <strong>Santa Cristina, Bastiagueiro y Mera<\/strong>, que ofrecen aguas tranquilas y paisajes impresionantes.\u00a0La costa de Dexo-Serantes es un \u00e1rea natural protegida que combina acantilados, bosques y miradores panor\u00e1micos.\u00a0El municipio tambi\u00e9n es ideal para el <strong>senderismo<\/strong>, con rutas como la del Seixo Branco, que ofrece vistas al Atl\u00e1ntico y formaciones geol\u00f3gicas \u00fanicas. <\/p>\n<p><img fetchpriority=\"high\" decoding=\"async\" width=\"1024\" height=\"503\" src=\"https:\/\/www.europesays.com\/es\/wp-content\/uploads\/2025\/08\/oleiros-dos.jpeg\" alt=\"\" class=\"wp-image-3681331\"  \/>La localidad gallega de Oleiros. | Qu\u00e9 ver en Galicia<\/p>\n<p>Uno de los principales atractivos de Oleiros es el <strong>Castillo de Santa Cruz,<\/strong> una fortaleza del siglo XVI situada en una isla de la r\u00eda del Burgo.\u00a0Adem\u00e1s, el municipio alberga el <strong>Museo de la Oler\u00eda<\/strong>, que conserva m\u00e1s de 4.500 piezas de cer\u00e1mica tradicional, y organiza la feria \u00ab<strong>Alfaroleiros<\/strong>\u00bb, una de las m\u00e1s importantes de Galicia en su categor\u00eda. Oleiros es reconocido por su planificaci\u00f3n urbana y su infraestructura p\u00fablica, que lo convierten en uno de los municipios <strong>con mayor calidad de vida de Galicia<\/strong>.\u00a0Es el municipio m\u00e1s rico de Galicia y se sit\u00faa entre los 50 m\u00e1s ricos de Espa\u00f1a, con una renta media anual de <strong>43.433 euros<\/strong>. Entre las festividades m\u00e1s destacadas se encuentran el Carnaval \u2014Entroido\u2014, las Fiestas Patronales de Santa Mar\u00eda en agosto, la muestra artesanal \u00abAlfaroleiros\u00bb en agosto, la \u00abBandeira de Tra\u00ed\u00f1as\u00bb en agosto y la \u00abFeira do Mel\u00bb en noviembre. <\/p>\n<p>Adem\u00e1s, esta localidad costera se encuentra a pocos kil\u00f3metros de La Coru\u00f1a, lo que <strong>facilita el acceso desde la ciudad<\/strong>.\u00a0El municipio dispone de una oficina de informaci\u00f3n tur\u00edstica ubicada en la Avenida das Am\u00e9ricas, en Santa Cristina. En resumen, Oleiros es un destino ideal para quienes buscan <strong>combinar naturaleza, historia, cultura y calidad de vida en un entorno costero gallego<\/strong>.<\/p>\n<p>                                                    <script async src=\"\/\/www.instagram.com\/embed.js\"><\/script><\/p>\n","protected":false},"excerpt":{"rendered":"Conocer a Alejandra Silva marc\u00f3 un antes y un despu\u00e9s en la vida de Richard Gere. El actor&hellip;\n","protected":false},"author":2,"featured_media":60531,"comment_status":"","ping_status":"","sticky":false,"template":"","format":"standard","meta":{"footnotes":""},"categories":[169],"tags":[255,177,146,147,25,24,176,816,175,20279,23],"class_list":{"0":"post-60530","1":"post","2":"type-post","3":"status-publish","4":"format-standard","5":"has-post-thumbnail","7":"category-cine","8":"tag-celebrities","9":"tag-cine","10":"tag-entertainment","11":"tag-entretenimiento","12":"tag-es","13":"tag-espana","14":"tag-film","15":"tag-galicia","16":"tag-movies","17":"tag-richard-gere","18":"tag-spain"},"share_on_mastodon":{"url":"","error":""},"_links":{"self":[{"href":"https:\/\/www.europesays.com\/es\/wp-json\/wp\/v2\/posts\/60530","targetHints":{"allow":["GET"]}}],"collection":[{"href":"https:\/\/www.europesays.com\/es\/wp-json\/wp\/v2\/posts"}],"about":[{"href":"https:\/\/www.europesays.com\/es\/wp-json\/wp\/v2\/types\/post"}],"author":[{"embeddable":true,"href":"https:\/\/www.europesays.com\/es\/wp-json\/wp\/v2\/users\/2"}],"replies":[{"embeddable":true,"href":"https:\/\/www.europesays.com\/es\/wp-json\/wp\/v2\/comments?post=60530"}],"version-history":[{"count":0,"href":"https:\/\/www.europesays.com\/es\/wp-json\/wp\/v2\/posts\/60530\/revisions"}],"wp:featuredmedia":[{"embeddable":true,"href":"https:\/\/www.europesays.com\/es\/wp-json\/wp\/v2\/media\/60531"}],"wp:attachment":[{"href":"https:\/\/www.europesays.com\/es\/wp-json\/wp\/v2\/media?parent=60530"}],"wp:term":[{"taxonomy":"category","embeddable":true,"href":"https:\/\/www.europesays.com\/es\/wp-json\/wp\/v2\/categories?post=60530"},{"taxonomy":"post_tag","embeddable":true,"href":"https:\/\/www.europesays.com\/es\/wp-json\/wp\/v2\/tags?post=60530"}],"curies":[{"name":"wp","href":"https:\/\/api.w.org\/{rel}","templated":true}]}}