{"id":605312,"date":"2026-06-14T05:28:54","date_gmt":"2026-06-14T05:28:54","guid":{"rendered":"https:\/\/www.europesays.com\/es\/605312\/"},"modified":"2026-06-14T05:28:54","modified_gmt":"2026-06-14T05:28:54","slug":"la-luz-y-los-tonos-suaves-transforman-una-planta-industrial-en-la-casa-blanca-y-serena-del-disenador-fran-aniorte-queriamos-un-entorno-neutro-que-acogiera-mis-piezas-que-son-muy-potentes-de","status":"publish","type":"post","link":"https:\/\/www.europesays.com\/es\/605312\/","title":{"rendered":"La luz y los tonos suaves transforman una planta industrial en la casa blanca y serena del dise\u00f1ador Fran Aniorte: \u201cQuer\u00edamos un entorno neutro que acogiera mis piezas, que son muy potentes de por s\u00ed\u201d"},"content":{"rendered":"<p><strong>Nuevo destino: Poblenou<\/strong><\/p>\n<p>\u201cHasta ahora viv\u00eda en el centro y ten\u00eda la vista de la ciudad un poco nublada. <strong>Este <a href=\"https:\/\/www.revistaad.es\/articulos\/los-barrios-de-espana-que-nadie-visitaba-antes\" rel=\"nofollow noopener\" target=\"_blank\">barrio<\/a> es m\u00e1s tranquilo, m\u00e1s fresco, con una energ\u00eda internacional estupenda. Hay mucha gente haciendo proyectos interesantes en el \u00e1mbito creativo y me ha dado esperanza.<\/strong> Ve\u00eda que Barcelona hab\u00eda ca\u00eddo en un bache del que no sal\u00eda, pero ahora est\u00e1 mucho mejor. Hay un cambio para bien\u201d, comenta optimista.<\/p>\n<p>Situada a cinco minutos andando de su estudio, la vivienda que comparte con su pareja, el escritor y psic\u00f3logo Sergio Lara Costa, es tambi\u00e9n, en parte, un showroom viviente de sus piezas de cer\u00e1mica. La pregunta es inevitable: \u00bfno se siente uno expuesto al compartir su hogar con ciertos clientes? \u201cPara nada\u201d, asegura. <strong>\u201cSiempre son situaciones muy en petit comit\u00e9 y con personas con las que tengo una relaci\u00f3n previa. No es nada inc\u00f3modo, al contrario, me siento muy orgulloso del espacio que hemos creado\u201d, apostilla.<\/strong><\/p>\n<p><img decoding=\"async\" alt=\"Sal\u00f3n blanco con butacas metlicas\" loading=\"lazy\" class=\"ResponsiveImageContainer-dkeESL cQPiWi responsive-image__image\"   src=\"https:\/\/www.europesays.com\/es\/wp-content\/uploads\/2026\/06\/_66A7755.jpg\"\/><\/p>\n<p>En el sal\u00f3n, sillones de madera de roble y cuero de los a\u00f1os 70, de Joaquim Belsa, y l\u00e1mpara Landmark, de Fran Aniorte para la galer\u00eda Sc\u00e8ne Ouverte. Al fondo, de izquierda a derecha, cuadros de Christophe Desplats, Albert Madaula, Baldomero Ressendi y una fotograf\u00eda de Jes\u00fas Isnard.\u00a9 Javier M\u00e1rquez<\/p>\n<p><strong>La casa-galer\u00eda perfecta<\/strong><\/p>\n<p>Esta casa, blanca y luminosa, genera un efecto sorpresa a quien la visita: enmarcada en un edificio industrial de los a\u00f1os 80, las zonas comunes, grandes y oscuras, est\u00e1n en las ant\u00edpodas est\u00e9ticas del apartamento de la pareja. Francisco Mouzo, del despacho Francisco Mouzo &amp; Frederic Villagrasa, es el arquitecto que ha hecho posible el cambio de esta antigua planta industrial. <strong>\u201cQuer\u00edamos crear un entorno neutro que acogiera mis piezas, que son muy potentes de por s\u00ed. Los tres coincidimos en proyectar un espacio <a href=\"https:\/\/www.revistaad.es\/articulos\/arte-contemporaneo-casa-madrid-sierra-de-la-higuera-interiorismo\" rel=\"nofollow noopener\" target=\"_blank\">sereno<\/a> que nos permitiera jugar con el mobiliario y nuestra colecci\u00f3n de arte\u201d<\/strong>, explica Aniorte.<\/p>\n<p><img decoding=\"async\" alt=\"Casa de Fran Aniorte con platos en pared\" loading=\"lazy\" class=\"ResponsiveImageContainer-dkeESL cQPiWi responsive-image__image\"   src=\"https:\/\/www.europesays.com\/es\/wp-content\/uploads\/2026\/06\/_66A7717.jpg\"\/><\/p>\n<p>Sobre estas l\u00edneas, en la pared, platos de la serie Magic Realism, realizada por Aniorte para la galer\u00eda Sc\u00e8ne Ouverte de Par\u00eds, silla partera de los a\u00f1os 50 y, sobre la mesa, cer\u00e1micas de la colecci\u00f3n Mediterr\u00e1neo.<\/p>\n<p>\u00a9 Javier M\u00e1rquez<\/p>\n","protected":false},"excerpt":{"rendered":"Nuevo destino: Poblenou \u201cHasta ahora viv\u00eda en el centro y ten\u00eda la vista de la ciudad un poco&hellip;\n","protected":false},"author":2,"featured_media":605313,"comment_status":"","ping_status":"","sticky":false,"template":"","format":"standard","meta":{"footnotes":""},"categories":[173],"tags":[113532,229,233,231,230,1530,8372,232,234,146,147,25,24,12444,23,12443],"class_list":["post-605312","post","type-post","status-publish","format-standard","has-post-thumbnail","category-arte-y-diseno","tag-_barcelona217","tag-arte","tag-arte-y-diseno","tag-arts","tag-arts-and-design","tag-casas-ad","tag-decoracion","tag-design","tag-diseno","tag-entertainment","tag-entretenimiento","tag-es","tag-espana","tag-magazine","tag-spain","tag-splitscreenimageleftfullbleed"],"share_on_mastodon":{"url":"https:\/\/pubeurope.com\/@es\/116746818388846004","error":""},"_links":{"self":[{"href":"https:\/\/www.europesays.com\/es\/wp-json\/wp\/v2\/posts\/605312","targetHints":{"allow":["GET"]}}],"collection":[{"href":"https:\/\/www.europesays.com\/es\/wp-json\/wp\/v2\/posts"}],"about":[{"href":"https:\/\/www.europesays.com\/es\/wp-json\/wp\/v2\/types\/post"}],"author":[{"embeddable":true,"href":"https:\/\/www.europesays.com\/es\/wp-json\/wp\/v2\/users\/2"}],"replies":[{"embeddable":true,"href":"https:\/\/www.europesays.com\/es\/wp-json\/wp\/v2\/comments?post=605312"}],"version-history":[{"count":0,"href":"https:\/\/www.europesays.com\/es\/wp-json\/wp\/v2\/posts\/605312\/revisions"}],"wp:featuredmedia":[{"embeddable":true,"href":"https:\/\/www.europesays.com\/es\/wp-json\/wp\/v2\/media\/605313"}],"wp:attachment":[{"href":"https:\/\/www.europesays.com\/es\/wp-json\/wp\/v2\/media?parent=605312"}],"wp:term":[{"taxonomy":"category","embeddable":true,"href":"https:\/\/www.europesays.com\/es\/wp-json\/wp\/v2\/categories?post=605312"},{"taxonomy":"post_tag","embeddable":true,"href":"https:\/\/www.europesays.com\/es\/wp-json\/wp\/v2\/tags?post=605312"}],"curies":[{"name":"wp","href":"https:\/\/api.w.org\/{rel}","templated":true}]}}