{"id":60542,"date":"2025-08-20T16:39:09","date_gmt":"2025-08-20T16:39:09","guid":{"rendered":"https:\/\/www.europesays.com\/es\/60542\/"},"modified":"2025-08-20T16:39:09","modified_gmt":"2025-08-20T16:39:09","slug":"euronews-hoy-las-noticias-del-miercoles-20-de-agosto-trump-descarta-el-envio-de-tropas-a-ucrania","status":"publish","type":"post","link":"https:\/\/www.europesays.com\/es\/60542\/","title":{"rendered":"EURONEWS HOY | Las noticias del mi\u00e9rcoles 20 de agosto: Trump descarta el env\u00edo de tropas a Ucrania"},"content":{"rendered":"<p>          <img decoding=\"async\" class=\"c-ad__placeholder__logo\" src=\"https:\/\/static.euronews.com\/website\/images\/logos\/logo-euronews-stacked-outlined-72x72-grey-9.svg\" width=\"72\" height=\"72\" alt=\"\" loading=\"lazy\"\/><br \/>\n          PUBLICIDAD<\/p>\n<p>&#8216;Euronews&#8217; le ofrece un resumen de la actualidad en nuestro informativo expr\u00e9s Euronews Hoy. Estos son los principales titulares del d\u00eda:<\/p>\n<p>El presidente estadounidense <strong>Donald Trump<\/strong> ha descartado el env\u00edo de soldados a Ucrania, limitando el papel de Washington a <strong>apoyo a\u00e9reo, tecnol\u00f3gico y de inteligencia<\/strong>. La declaraci\u00f3n se produce en el contexto de las recientes negociaciones de seguridad con Kiev. Trump ha reiterado que la <a href=\"https:\/\/es.euronews.com\/my-europe\/2025\/08\/19\/la-ue-y-sus-aliados-deben-acelerar-los-trabajos-sobre-las-garantias-de-seguridad-de-ucrani\" rel=\"nofollow noopener\" target=\"_blank\">entrada de Ucrania en la OTAN<\/a> es, por ahora, imposible, una posici\u00f3n que ya hab\u00eda expresado anteriormente y que ha generado preocupaci\u00f3n en la Alianza Atl\u00e1ntica y en los l\u00edderes europeos. <\/p>\n<p>Este anuncio se alinea con sus declaraciones previas sobre la necesidad de que Europa \u00abasuma el liderazgo\u00bb de su propia defensa. Por su parte, los mandos militares de la <strong>OTAN<\/strong> est\u00e1n evaluando c\u00f3mo podr\u00eda funcionar una fuerza de seguridad que no incluya tropas estadounidenses sobre el terreno.<\/p>\n<p>El Congreso de Estados Unidos ha expresado una gran preocupaci\u00f3n por el contrato que el <strong>Gobierno espa\u00f1ol<\/strong> ha adjudicado a la <a href=\"https:\/\/es.euronews.com\/next\/2025\/08\/11\/eeuu-exige-a-espana-cancelar-su-contrato-con-huawei-ante-el-riesgo-para-la-seguridad\" rel=\"nofollow noopener\" target=\"_blank\">empresa china <strong>Huawei<\/strong> <\/a>para almacenar escuchas judiciales. Dos presidentes de subcomisiones han solicitado una investigaci\u00f3n formal, alertando de que esta alianza podr\u00eda suponer un riesgo para la seguridad y la confianza entre pa\u00edses aliados. <\/p>\n<p>A pesar de las advertencias previas de Washington y de la Comisi\u00f3n Europea sobre los riesgos de seguridad que implican los sistemas tecnol\u00f3gicos de Huawei, el <strong>Gobierno<\/strong> espa\u00f1ol ha <strong>defendido p\u00fablicamente<\/strong> que el sistema es seguro y que cumple con todos los est\u00e1ndares nacionales. De prosperar la investigaci\u00f3n, Espa\u00f1a podr\u00eda enfrentar posibles sanciones tecnol\u00f3gicas o restricciones comerciales por parte de Estados Unidos.<\/p>\n<p>Israel ha dado luz verde a un pol\u00e9mico plan de construcci\u00f3n de un macroproyecto de colonias en la zona E1 de Cisjordania. La iniciativa prev\u00e9 la construcci\u00f3n de m\u00e1s de <strong>3400 residencias<\/strong> y ha sido calificada por la comunidad internacional como un plan que \u00abdestruye la viabilidad\u00bb de <a href=\"https:\/\/es.euronews.com\/my-europe\/2025\/07\/24\/varsen-shahin-en-el-futuro-estado-palestino-habra-lugar-para-la-mujer-y-el-respeto-de-la-l\" rel=\"nofollow noopener\" target=\"_blank\">un futuro Estado palestino<\/a>, ya que fragmentar\u00eda Cisjordania. <\/p>\n<p>La medida ha sido defendida por el <strong>Gobierno israel\u00ed<\/strong> de Benjam\u00edn Netanyahu, que ha acelerado su aprobaci\u00f3n a pesar de la presi\u00f3n internacional. Paralelamente, las <strong>Fuerzas de Defensa de Israel<\/strong> han emitido cerca de <strong>60.000 \u00f3rdenes de reclutamiento<\/strong> para soldados en la reserva, en el marco de los planes militares para tomar la ciudad de Gaza.<\/p>\n<p>Al menos <strong>76 personas<\/strong> han muerto en el oeste de Afganist\u00e1n al incendiarse un autob\u00fas que transportaba a <a href=\"https:\/\/es.euronews.com\/2025\/07\/03\/iran-acusa-de-espionaje-y-deporta-a-cientos-de-miles-de-afganos-tras-la-guerra-con-israel\" rel=\"nofollow noopener\" target=\"_blank\">afganos deportados desde Ir\u00e1n<\/a>. El accidente ocurri\u00f3 en la noche del martes, cuando el veh\u00edculo colision\u00f3 con un cami\u00f3n y una motocicleta en la carretera de circunvalaci\u00f3n de Herat. Seg\u00fan las autoridades locales, <strong>el exceso de velocidad<\/strong> y la negligencia del conductor fueron la causa de la colisi\u00f3n. <\/p>\n<p>El suceso se enmarca en la creciente oleada de deportaciones masivas de afganos que son obligados a abandonar pa\u00edses vecinos como Ir\u00e1n y Pakist\u00e1n. La <strong>ONU<\/strong> y diversas organizaciones humanitarias han advertido sobre el riesgo que corren los afganos al regresar a un pa\u00eds bajo el r\u00e9gimen del <strong>Gobierno talib\u00e1n<\/strong>, donde se enfrentan a una grave crisis humanitaria y a la falta de empleo.<\/p>\n<p>En el <strong>&#8216;NO COMMENT&#8217;<\/strong> del d\u00eda les mostramos la limpieza de la estatua submarina del Cristo del Abismo, un hito de la costa de Liguria en Italia. <\/p>\n<p>Tambi\u00e9n pueden instalar la aplicaci\u00f3n de <strong>&#8216;Euronews&#8217;<\/strong> en sus dispositivos <strong>Android<\/strong> y en <strong>iPhone<\/strong> para estar siempre conectados a lo que sucede en Europa y el mundo, y seguirnos en <strong>X e Instagram<\/strong>.<\/p>\n<p>Editor de v\u00eddeo<strong> \u2022 David Artiles Garcia<\/strong><\/p>\n","protected":false},"excerpt":{"rendered":"PUBLICIDAD &#8216;Euronews&#8217; le ofrece un resumen de la actualidad en nuestro informativo expr\u00e9s Euronews Hoy. Estos son los&hellip;\n","protected":false},"author":2,"featured_media":60543,"comment_status":"","ping_status":"","sticky":false,"template":"","format":"standard","meta":{"footnotes":""},"categories":[42],"tags":[17,18,10813,352,24,8836,13,14,11,1658,61,62,63,64,19,20,9,10,15,16,7354,12,21,22,65,66,67],"class_list":{"0":"post-60542","1":"post","2":"type-post","3":"status-publish","4":"format-standard","5":"has-post-thumbnail","7":"category-internacional","8":"tag-breaking-news","9":"tag-breakingnews","10":"tag-conflicto-palestino-israeli","11":"tag-donald-trump","12":"tag-espana","13":"tag-euronews-hoy","14":"tag-featured-news","15":"tag-featurednews","16":"tag-headlines","17":"tag-huawei","18":"tag-internacional","19":"tag-international","20":"tag-international-news","21":"tag-internationalnews","22":"tag-latest-news","23":"tag-latestnews","24":"tag-news","25":"tag-noticias","26":"tag-noticias-destacadas","27":"tag-noticiasdestacadas","28":"tag-rusia-ucrania-invasion","29":"tag-titulares","30":"tag-ultimas-noticias","31":"tag-ultimasnoticias","32":"tag-world","33":"tag-world-news","34":"tag-worldnews"},"share_on_mastodon":{"url":"","error":""},"_links":{"self":[{"href":"https:\/\/www.europesays.com\/es\/wp-json\/wp\/v2\/posts\/60542","targetHints":{"allow":["GET"]}}],"collection":[{"href":"https:\/\/www.europesays.com\/es\/wp-json\/wp\/v2\/posts"}],"about":[{"href":"https:\/\/www.europesays.com\/es\/wp-json\/wp\/v2\/types\/post"}],"author":[{"embeddable":true,"href":"https:\/\/www.europesays.com\/es\/wp-json\/wp\/v2\/users\/2"}],"replies":[{"embeddable":true,"href":"https:\/\/www.europesays.com\/es\/wp-json\/wp\/v2\/comments?post=60542"}],"version-history":[{"count":0,"href":"https:\/\/www.europesays.com\/es\/wp-json\/wp\/v2\/posts\/60542\/revisions"}],"wp:featuredmedia":[{"embeddable":true,"href":"https:\/\/www.europesays.com\/es\/wp-json\/wp\/v2\/media\/60543"}],"wp:attachment":[{"href":"https:\/\/www.europesays.com\/es\/wp-json\/wp\/v2\/media?parent=60542"}],"wp:term":[{"taxonomy":"category","embeddable":true,"href":"https:\/\/www.europesays.com\/es\/wp-json\/wp\/v2\/categories?post=60542"},{"taxonomy":"post_tag","embeddable":true,"href":"https:\/\/www.europesays.com\/es\/wp-json\/wp\/v2\/tags?post=60542"}],"curies":[{"name":"wp","href":"https:\/\/api.w.org\/{rel}","templated":true}]}}