{"id":60572,"date":"2025-08-20T16:56:07","date_gmt":"2025-08-20T16:56:07","guid":{"rendered":"https:\/\/www.europesays.com\/es\/60572\/"},"modified":"2025-08-20T16:56:07","modified_gmt":"2025-08-20T16:56:07","slug":"la-nueva-pelicula-de-amenabar-grabada-en-sevilla-ya-tiene-fecha-de-estreno","status":"publish","type":"post","link":"https:\/\/www.europesays.com\/es\/60572\/","title":{"rendered":"la nueva pel\u00edcula de Amen\u00e1bar grabada en Sevilla ya tiene fecha de estreno"},"content":{"rendered":"<p>20\/08\/2025<br \/>\n<br \/><strong><br \/>\nActualizado a las 11:53h.<br \/>\n<\/strong><\/p>\n<p class=\"voc-p\" style=\"\">La nueva pel\u00edcula de Alejandro Amen\u00e1bar, <strong>&#8216;El Cautivo&#8217;,<\/strong> y que est\u00e1 ambientada en Sevilla ya tiene fecha de estreno. Llegar\u00e1 a los cines de toda Espa\u00f1a <strong>el pr\u00f3ximo 12 de septiembre <\/strong>rodeada de una gran expectaci\u00f3n. La cinta, una coproducci\u00f3n hispano-italiana, distribuida por Buena Vista International (The Walt Disney Company), narra la historia de Miguel de Cervantes durante su cautiverio en Argel. <\/p>\n<p class=\"voc-p\" style=\"\">El filme cuenta con la participaci\u00f3n de <strong>Julio Pe\u00f1a (&#8216;Berlin&#8217;, &#8216;A trav\u00e9s de mi ventana&#8217;) y Alessandro Borghi <\/strong>(&#8216;Las Ocho Montanas&#8217;) en los roles principales, y fue rodada en parte en los <strong>Reales Alc\u00e1zares<\/strong> de Sevilla. El reparto se completa con Miguel Rell\u00e1n, Fernando Tejero, Luis Callejo, Jos\u00e9 Manuel Poga, Roberto \u00c1lamo, Albert Salazar, Juanma Muniagurria, C\u00e9sar Sarachu, Jorge As\u00edn, Mohamed Said, Walid Charaf y la debutante Luna Berroa.<\/p>\n<p class=\"voc-p\" style=\"\">Adem\u00e1s de Sevilla, el rodaje tambi\u00e9n se llev\u00f3 a cabo en la <strong>Comunidad Valenciana<\/strong>, incluyendo localizaciones como el Castillo de Santa B\u00e1rbara de Alicante, Santa Pola y los estudios Ciudad de la Luz, as\u00ed como en el barrio medieval de Bocairent y el palacio de los Condes de Cervell\u00f3n de Anna. <\/p>\n<p>\nSinopsis\n<\/p>\n<p class=\"voc-p\" style=\"\">En el a\u00f1o 1575, el joven soldado Miguel de Cervantes es <strong>capturado en alta mar por corsarios \u00e1rabes <\/strong>y llevado a Argel como reh\u00e9n. Consciente de que all\u00ed le espera una cruel muerte si su familia no paga pronto su rescate, Miguel encontrar\u00e1 refugio en<strong> su pasi\u00f3n por contar historias<\/strong>. <\/p>\n<p class=\"voc-p\" style=\"\">Sus fascinantes relatos devuelven la esperanza a sus compa\u00f1eros de prisi\u00f3n y acaban por llamar la atenci\u00f3n de Has\u00e1n, el misterioso y temido <strong>Baj\u00e1 de Argel<\/strong>, con el que comienza a desarrollar afinidad. Miguel, llevado por su inquebrantable optimismo, comenzar\u00e1 a idear un arriesgado plan de fuga. <\/p>\n<p class=\"voc-p\" style=\"\">En palabras del propio director: \u00abEn 1575 se cerraron las puertas de la libertad para Miguel de Cervantes, pero a cambio<strong> se abrieron las de su imaginaci\u00f3n y su humanidad<\/strong>. Mientras ideaba arriesgados planes para fugarse de una desoladora prisi\u00f3n \u00e1rabe, aquel joven soldado <strong>se vio empujado a conocer el mundo de sus captores<\/strong> y a interactuar con ellos en suelo enemigo. Y all\u00ed, entre sus compa\u00f1eros de cautiverio, encontr\u00f3 su verdadera vocaci\u00f3n como <strong>inigualable contador de historias<\/strong>. Entrar en la cabeza y el coraz\u00f3n de uno de los mayores talentos de la literatura ha acabado convirti\u00e9ndose en la tarea m\u00e1s intensa y personal de mi carrera\u00bb.<\/p>\n<p>Reportar un error<\/p>\n","protected":false},"excerpt":{"rendered":"20\/08\/2025 Actualizado a las 11:53h. La nueva pel\u00edcula de Alejandro Amen\u00e1bar, &#8216;El Cautivo&#8217;, y que est\u00e1 ambientada en&hellip;\n","protected":false},"author":2,"featured_media":60573,"comment_status":"","ping_status":"","sticky":false,"template":"","format":"standard","meta":{"footnotes":""},"categories":[169],"tags":[15992,25326,177,146,147,25,24,1055,1151,176,25327,175,795,1257,1171,23],"class_list":{"0":"post-60572","1":"post","2":"type-post","3":"status-publish","4":"format-standard","5":"has-post-thumbnail","7":"category-cine","8":"tag-amenabar","9":"tag-cautivo","10":"tag-cine","11":"tag-entertainment","12":"tag-entretenimiento","13":"tag-es","14":"tag-espana","15":"tag-estreno","16":"tag-fecha","17":"tag-film","18":"tag-grabada","19":"tag-movies","20":"tag-nueva","21":"tag-pelicula","22":"tag-sevilla","23":"tag-spain"},"share_on_mastodon":{"url":"","error":""},"_links":{"self":[{"href":"https:\/\/www.europesays.com\/es\/wp-json\/wp\/v2\/posts\/60572","targetHints":{"allow":["GET"]}}],"collection":[{"href":"https:\/\/www.europesays.com\/es\/wp-json\/wp\/v2\/posts"}],"about":[{"href":"https:\/\/www.europesays.com\/es\/wp-json\/wp\/v2\/types\/post"}],"author":[{"embeddable":true,"href":"https:\/\/www.europesays.com\/es\/wp-json\/wp\/v2\/users\/2"}],"replies":[{"embeddable":true,"href":"https:\/\/www.europesays.com\/es\/wp-json\/wp\/v2\/comments?post=60572"}],"version-history":[{"count":0,"href":"https:\/\/www.europesays.com\/es\/wp-json\/wp\/v2\/posts\/60572\/revisions"}],"wp:featuredmedia":[{"embeddable":true,"href":"https:\/\/www.europesays.com\/es\/wp-json\/wp\/v2\/media\/60573"}],"wp:attachment":[{"href":"https:\/\/www.europesays.com\/es\/wp-json\/wp\/v2\/media?parent=60572"}],"wp:term":[{"taxonomy":"category","embeddable":true,"href":"https:\/\/www.europesays.com\/es\/wp-json\/wp\/v2\/categories?post=60572"},{"taxonomy":"post_tag","embeddable":true,"href":"https:\/\/www.europesays.com\/es\/wp-json\/wp\/v2\/tags?post=60572"}],"curies":[{"name":"wp","href":"https:\/\/api.w.org\/{rel}","templated":true}]}}