{"id":605746,"date":"2026-06-14T11:41:14","date_gmt":"2026-06-14T11:41:14","guid":{"rendered":"https:\/\/www.europesays.com\/es\/605746\/"},"modified":"2026-06-14T11:41:14","modified_gmt":"2026-06-14T11:41:14","slug":"los-coaches-de-la-voz-kids-cierran-sus-equipos-tras-seis-semanas-de-audiciones-a-ciegas","status":"publish","type":"post","link":"https:\/\/www.europesays.com\/es\/605746\/","title":{"rendered":"Los coaches de &#8216;La Voz Kids&#8217; cierran sus equipos tras seis semanas de audiciones a ciegas"},"content":{"rendered":"<p class=\"article-text\">\n        Tras seis semanas de <strong>Audiciones a ciegas<\/strong>, los coaches de <strong>La Voz Kids<\/strong> (Antena 3) completaron este s\u00e1bado sus respectivos equipos.\n    <\/p>\n<p>    <a href=\"https:\/\/www.eldiario.es\/vertele\/analisis\/cinco-lecciones-dejan-the-boys-euphoria-series-futuro-problematicas-temporadas-finales_1_13297046.html\" data-mrf-recirculation=\"saber-mas\" data-dl-event=\"saber-mas\" rel=\"nofollow noopener\" target=\"_blank\"><\/p>\n<p class=\"know-more__title\">Cinco lecciones que dejan &#8216;The Boys&#8217; y &#8216;Euphoria&#8217; a las series del futuro tras sus problem\u00e1ticas temporadas finales<\/p>\n<p>            <img decoding=\"async\" class=\"lazy\" loading=\"lazy\" data-src=\"https:\/\/static.eldiario.es\/clip\/b7d4302f-13c8-4d5a-a400-7addc1aa2948_16-9-aspect-ratio_default_0.jpg\" src=\"data:image\/svg+xml,%3Csvg xmlns=\" http:=\"\" viewbox=\"0 0 880 495\" alt=\"Cinco lecciones que dejan 'The Boys' y 'Euphoria' a las series del futuro tras sus problem\u00e1ticas temporadas finales\"\/><\/p>\n<p>                        <\/a><\/p>\n<p class=\"article-text\">\n        En total son 14 los concursantes que forman cada grupo. <strong>Antonio Orozco<\/strong> hizo los \u00faltimos fichajes la semana pasada, as\u00ed que anoche era el turno de <strong>Ana Mena<\/strong>, <strong>Edurne <\/strong>y <strong>Luis Fonsi<\/strong>.\n    <\/p>\n<p class=\"article-text\">\n        Les quedaban pocas plazas disponibles y eso les oblig\u00f3 a ser m\u00e1s exigentes de lo habitual. Tuvieron que agudizar el o\u00eddo para quedarse con los mejores talentos que participaron en la gala de ayer.\n    <\/p>\n<p class=\"article-text\">\n        De ahora en adelante, los concursantes seleccionados perfeccionar\u00e1n la t\u00e9cnica y competir\u00e1n entre ellos por mantenerse a salvo.\n    <\/p>\n<ul>\n<li><strong>Los concursantes del equipo de Antonio Orozco<\/strong><\/li>\n<\/ul>\n<p class=\"article-text\">\n        Celia Le\u00f3n Isabel Castilla Elsa Gal\u00e1n Eduardo S\u00e1nchez Tom\u00e1s Mar\u00edn Luc\u00eda Arias Leire Cornejo Dar\u00edo Gil Mar Asuar Luis Francisco Diego G\u00f3mez \u00c1ngela Exp\u00f3sito Ainhoa Baeza Mariam Zubashvili\n    <\/p>\n<ul>\n<li><strong>Los concursantes del equipo de Edurne<\/strong><\/li>\n<\/ul>\n<p class=\"article-text\">\n        Luc\u00eda Salazar, Mia Arias, Skabum, Aitor Iba\u00f1ez, Martina P\u00e9rez, Miranda Andrea, Valentina Valc\u00e1rcel, Hugo Marrero, Judith Corbella, Marcos Zorrilla, Valeria Gonz\u00e1lez, Sara Segura, Sophia Isabella y Hattie Rose.\n    <\/p>\n<ul>\n<li><strong>Los concursantes del equipo de Luis Fonsi<\/strong><\/li>\n<\/ul>\n<p class=\"article-text\">\n        Lourdes Evolett, Valeria Palomares, Victoria Fortes, Enzo Rodr\u00edguez, Lola L\u00f3pez, Sergio Rodr\u00edguez, Sof\u00eda Hern\u00e1ndez, Candela Cama\u00f1o, Dani Escrig, Martina Castells, Mila Lo Coco, Claudia Moreno, Roc\u00edo Querencio y Erick Sucilla.\n    <\/p>\n<p>    <a href=\"https:\/\/www.eldiario.es\/vertele\/noticias\/tu-cara-me-suena-ganador-gala-9-antena-3-favorito-crea-super-bowl-merche-desmonta-mito-jesulin_1_13281864.html\" data-mrf-recirculation=\"saber-mas-abajo\" data-dl-event=\"saber-mas-abajo\" rel=\"nofollow noopener\" target=\"_blank\"><\/p>\n<p class=\"know-more__title\">&#8216;Tu cara me suena&#8217; hace ganador a su favorito, crea la Super Bowl de Merche y desmonta un mito de Jesul\u00edn con &#8216;Toda&#8217;<\/p>\n<p>            <img decoding=\"async\" class=\"lazy\" loading=\"lazy\" data-src=\"https:\/\/static.eldiario.es\/clip\/9fca7777-92f1-4b9d-8b90-5bbdb2e1cf82_16-9-aspect-ratio_default_0.jpg\" src=\"data:image\/svg+xml,%3Csvg xmlns=\" http:=\"\" viewbox=\"0 0 880 495\" alt=\"'Tu cara me suena' hace ganador a su favorito, crea la Super Bowl de Merche y desmonta un mito de Jesul\u00edn con 'Toda'\"\/><\/p>\n<p>                        <\/a><\/p>\n<ul>\n<li><strong>Los concursantes del equipo de Ana Mena<\/strong><\/li>\n<\/ul>\n<p class=\"article-text\">\n        Triana Castillejo, Leo Ainstein, Oriol Aldab\u00f3, Carmen Prado, Jimena Franco, Lola P\u00e9rez, Juliette Livia, Marta Thomas, Marco Lahoz, L\u00faa L\u00f3pez, Sol, Leyre Blasco, Deyerid D\u00edaz y Antonella Cantero.\n    <\/p>\n","protected":false},"excerpt":{"rendered":"Tras seis semanas de Audiciones a ciegas, los coaches de La Voz Kids (Antena 3) completaron este s\u00e1bado&hellip;\n","protected":false},"author":2,"featured_media":605747,"comment_status":"","ping_status":"","sticky":false,"template":"","format":"standard","meta":{"footnotes":""},"categories":[171],"tags":[42246,53058,25663,41308,146,147,6440,25,24,203,1139,6756,23,214,1447],"class_list":["post-605746","post","type-post","status-publish","format-standard","has-post-thumbnail","category-tv","tag-audiciones","tag-ciegas","tag-cierran","tag-coaches","tag-entertainment","tag-entretenimiento","tag-equipos","tag-es","tag-espana","tag-kids","tag-seis","tag-semanas","tag-spain","tag-tv","tag-voz"],"share_on_mastodon":{"url":"https:\/\/pubeurope.com\/@es\/116748280652235982","error":""},"_links":{"self":[{"href":"https:\/\/www.europesays.com\/es\/wp-json\/wp\/v2\/posts\/605746","targetHints":{"allow":["GET"]}}],"collection":[{"href":"https:\/\/www.europesays.com\/es\/wp-json\/wp\/v2\/posts"}],"about":[{"href":"https:\/\/www.europesays.com\/es\/wp-json\/wp\/v2\/types\/post"}],"author":[{"embeddable":true,"href":"https:\/\/www.europesays.com\/es\/wp-json\/wp\/v2\/users\/2"}],"replies":[{"embeddable":true,"href":"https:\/\/www.europesays.com\/es\/wp-json\/wp\/v2\/comments?post=605746"}],"version-history":[{"count":0,"href":"https:\/\/www.europesays.com\/es\/wp-json\/wp\/v2\/posts\/605746\/revisions"}],"wp:featuredmedia":[{"embeddable":true,"href":"https:\/\/www.europesays.com\/es\/wp-json\/wp\/v2\/media\/605747"}],"wp:attachment":[{"href":"https:\/\/www.europesays.com\/es\/wp-json\/wp\/v2\/media?parent=605746"}],"wp:term":[{"taxonomy":"category","embeddable":true,"href":"https:\/\/www.europesays.com\/es\/wp-json\/wp\/v2\/categories?post=605746"},{"taxonomy":"post_tag","embeddable":true,"href":"https:\/\/www.europesays.com\/es\/wp-json\/wp\/v2\/tags?post=605746"}],"curies":[{"name":"wp","href":"https:\/\/api.w.org\/{rel}","templated":true}]}}