{"id":606321,"date":"2026-06-14T18:45:21","date_gmt":"2026-06-14T18:45:21","guid":{"rendered":"https:\/\/www.europesays.com\/es\/606321\/"},"modified":"2026-06-14T18:45:21","modified_gmt":"2026-06-14T18:45:21","slug":"hoy-en-tve-maraton-de-una-de-las-sagas-de-peliculas-de-dibujos-animados-mas-populares-de-la-historia-ganadora-de-cinco-premios-oscar","status":"publish","type":"post","link":"https:\/\/www.europesays.com\/es\/606321\/","title":{"rendered":"Hoy en TVE: marat\u00f3n de una de las sagas de pel\u00edculas de dibujos animados m\u00e1s populares de la historia, ganadora de cinco Premios Oscar"},"content":{"rendered":"<p class=\"v-d-p\" style=\"\">Las sagas tienen un privilegio frente a las pel\u00edculas individuales. Como sus historias se alargan durante a\u00f1os o, incluso, d\u00e9cadas, su base de seguidores es m\u00e1s grande e incluye a espectadores de diferentes edades.<\/p>\n<p class=\"v-d-p\" style=\"\">As\u00ed, los universos creativos de &#8216;Star Wars&#8217;, &#8216;Harry Potter&#8217; o &#8216;Los juegos del hambre&#8217; re\u00fanen a varias generaciones en una misma sala de cine y consiguen que todos, mayores y peque\u00f1os, se emocionen al ver a sus personajes preferidos.<\/p>\n<p class=\"v-d-p\" style=\"\">Este s\u00e1bado ocurre un fen\u00f3meno similar en las casas espa\u00f1olas. Y es que<strong> La 1<\/strong> emite en abierto y de forma continuada todas las pel\u00edculas de una de las sagas m\u00e1s largas de la industria audiovisual. Este marat\u00f3n promete una dosis de nostalgia para los adultos combinada con esa ilusi\u00f3n de ver en familia las nuevas aventuras de un dibujo querido desde hace d\u00e9cadas.<\/p>\n<ul class=\"v-cmp-rld__u\">\n<li class=\"v-cmp-rld__l\">\n<p><a class=\"v-a-lnk\" href=\"http:\/\/www.abc.es\/familia\/psicologos-coinciden-serie-dibujos-ensena-resiliencia-hijo-20260509160705-nt.html#vtm_modulosEngag=noticiasrelacionadas-cmp-uno:play:noticia:1\" title=\"Los psic\u00f3logos coinciden: la serie de dibujos que ense\u00f1a resiliencia a tu hijo mejor que muchos m\u00e9todos tradicionales\" data-voc-vtm-id=\"in-text-traffic\" rel=\"nofollow noopener\" target=\"_blank\"><br \/>\n<img decoding=\"async\" loading=\"lazy\" src=\"https:\/\/www.europesays.com\/es\/wp-content\/uploads\/2026\/06\/image-U57404003130MAI-366x256@diario_abc.png\" class=\"v-a-img\" width=\"258\" height=\"180\" alt=\"Los psic\u00f3logos coinciden: la serie de dibujos que ense\u00f1a resiliencia a tu hijo mejor que muchos m\u00e9todos tradicionales\"\/><br \/>\n<\/a><\/p>\n<\/li>\n<\/ul>\n<p class=\"v-d-p\" style=\"\">Hoy, despu\u00e9s de comer, los ni\u00f1os y no tan ni\u00f1os tienen una cita con el televisor para ver todas las pel\u00edculas de <strong>&#8216;Toy Story&#8217;<\/strong>. La historia de los juguetes del ni\u00f1o Andy comenz\u00f3 en 1995 y, despu\u00e9s de revolucionar la animaci\u00f3n y recibir cinco premios Oscar, sigue escribiendo nuevos cap\u00edtulos en la actualidad. <\/p>\n<p class=\"v-d-p\" style=\"\">Hasta el momento se han estrenado cuatro pel\u00edculas con el Sheriff Woody y Buzz Lightyear de protagonistas. La quinta entrega llega a los cines el pr\u00f3ximo 19 de junio. Por eso, La 1 busca refrescar en la memoria de las familias el recorrido de los personajes hasta la nueva pel\u00edcula, que descubrir\u00e1 al astronauta y al vaquero que los ni\u00f1os ahora juegan con tabletas inteligentes.<\/p>\n<p class=\"v-d-p\" style=\"\">El canal principal de RTVE se une a la emoci\u00f3n por le inminente estreno de &#8216;Toy Story 5&#8217; y hoy emite todas las pel\u00edculas anteriores seguidas. Lo han anunciado en sus canales y en las redes sociales con una referencia al grito \u00abhasta el infinito y m\u00e1s all\u00e1\u00bb de Buzz: \u00ab\u00a1Hasta La 1&#8230; y m\u00e1s all\u00e1!\u00bb.<\/p>\n<p class=\"v-d-p\" style=\"\">Este marat\u00f3n de nostalgia, juguetes y emociones se emite el s\u00e1bado 13 a partir del mediod\u00eda. \u00abYa tenemos horarios de la marat\u00f3n la saga de &#8216;Toy Story&#8217; en @La1_tve el pr\u00f3ximo sabado 13 de junio\u00bb, confirma la cadena. <\/p>\n<p>\nProgramaci\u00f3n del marat\u00f3n de &#8216;Toy Sory&#8217; en La 1\n<\/p>\n<ul class=\"v-u v-u--t2\">\n<li class=\"v-u__l\">\n<p class=\"v-d-p\">\n&#8216;Toy Story&#8217; a las 15:50\n<\/p>\n<\/li>\n<li class=\"v-u__l\">\n<p class=\"v-d-p\">\n&#8216;Toy Story 2&#8217; a las 17:15\n<\/p>\n<\/li>\n<li class=\"v-u__l\">\n<p class=\"v-d-p\">\n&#8216;Toy Story 3&#8217; a las 18:45\n<\/p>\n<\/li>\n<li class=\"v-u__l\">\n<p class=\"v-d-p\">\n&#8216;Toy Story 4&#8217; a las 22:00\n<\/p>\n<\/li>\n<p> ul&gt;\n<\/ul>\n<p class=\"v-d-p\" style=\"\">&#8216;Toy Story&#8217; es la primera pel\u00edcula de la saga y la que comienza este marat\u00f3n. Se emite a las 15:50 horas, durando menos de 1 hora y 20 minutos. Ah\u00ed, recordaremos c\u00f3mo se conocieron los protagonistas en 1995 y sus primeras aventuras como los juguetes favoritos del ni\u00f1o Andy. <\/p>\n<p class=\"v-d-p\" style=\"\">La segunda parte de la historia, &#8216;Toy Story 2&#8217;, se emite a las 17:15 horas. Dura 1 hora y 30 minutos y nos presentar\u00e1 a Jessie, el mundo del coleccionismo y la gran oferta de juguetes que los ni\u00f1os de 1999 ten\u00edan a su disposici\u00f3n. <\/p>\n<blockquote class=\"twitter-tweet\">\n<p lang=\"es\" dir=\"ltr\">Ya tenemos horarios de la marat\u00f3n la saga de &#8216;Toy Story&#8217; en <a href=\"https:\/\/x.com\/La1_tve?ref_src=twsrc%5Etfw\" rel=\"nofollow\">@La1_tve<\/a> el pr\u00f3ximo sabado 13 de junio <\/p>\n<p>\ud83d\udd38A las 15:50 horas: &#8216;Toy Story&#8217;<br \/>\ud83d\udd38A las 17:15 horas: &#8216;Toy Story 2&#8217;<br \/>\ud83d\udd38A las 18:45 horas: &#8216;Toy Story 3&#8217;<br \/>\ud83d\udd38A las 22:00 horas: ESTRENO de &#8216;Toy Story 4&#8217;<\/p>\n<p>\ud83d\udcab\u00a1Hasta La 1&#8230; y m\u00e1s all\u00e1! <a href=\"https:\/\/t.co\/zW4a88blZq\" rel=\"nofollow\">pic.twitter.com\/zW4a88blZq<\/a><\/p>\n<p>\u2014 RTVE Comunicaci\u00f3n y Participaci\u00f3n (@RTVE_Com) <a href=\"https:\/\/x.com\/RTVE_Com\/status\/2063593112606240877?ref_src=twsrc%5Etfw\" rel=\"nofollow\">June 7, 2026<\/a><\/p><\/blockquote>\n<p class=\"v-d-p\" style=\"\">A las 18:45 horas es el turno de &#8216;Toy Story 3&#8217;, la tercera parte de la saga que se estren\u00f3 en 2010 y que dura 1 hora y 40 minutos. Andy se hace mayor y sus juguetes pasan a manos de una guarder\u00eda donde, con la ayuda de Barbie y Ken, superan la dura prueba de la primera infancia. <\/p>\n<p class=\"v-d-p\" style=\"\">La cuarta pel\u00edcula de los juguetes, &#8216;Toy Story 4&#8217;, se estrena en La 1 a las 22:00. Es la primera vez que la cadena emite esta historia de reencuentros e identidad. Sali\u00f3 a la l\u00faz en 2019 y, en ella, Buzz y Woody encaran la responsabilidad de su funci\u00f3n para con Bonnie y ense\u00f1an a Forky la importancia que su presencia tiene para la ni\u00f1a.<\/p>\n<p>\nD\u00f3nde ver las cuatro pel\u00edculas de &#8216;Toy Story&#8217;\n<\/p>\n<p class=\"v-d-p\" style=\"\">Esta es una oportunidad \u00fanica de ver la saga de &#8216;Toy Story&#8217; en familia y de forma seguida. Tambi\u00e9n ser\u00e1, para muchos espectadores adultos, la primera vez que vean la cuarta entrega de estas pel\u00edculas. Quien no pueda conectarse al televisor esta tarde, todav\u00eda podr\u00e1 ver en diferido las cuatro pel\u00edculas en RTVE Play y en Disney+.<\/p>\n<p><script async src=\"https:\/\/platform.twitter.com\/widgets.js\" charset=\"utf-8\"><\/script><\/p>\n","protected":false},"excerpt":{"rendered":"Las sagas tienen un privilegio frente a las pel\u00edculas individuales. Como sus historias se alargan durante a\u00f1os o,&hellip;\n","protected":false},"author":2,"featured_media":606322,"comment_status":"","ping_status":"","sticky":false,"template":"","format":"standard","meta":{"footnotes":""},"categories":[169],"tags":[79134,177,44527,146,147,25,24,176,5241,448,315,23906,175,2789,753,13541,532,12858,23,603],"class_list":["post-606321","post","type-post","status-publish","format-standard","has-post-thumbnail","category-cine","tag-animados","tag-cine","tag-dibujos","tag-entertainment","tag-entretenimiento","tag-es","tag-espana","tag-film","tag-ganadora","tag-historia","tag-hoy","tag-maraton","tag-movies","tag-oscar","tag-peliculas","tag-populares","tag-premios","tag-sagas","tag-spain","tag-tres"],"share_on_mastodon":{"url":"https:\/\/pubeurope.com\/@es\/116749948589003065","error":""},"_links":{"self":[{"href":"https:\/\/www.europesays.com\/es\/wp-json\/wp\/v2\/posts\/606321","targetHints":{"allow":["GET"]}}],"collection":[{"href":"https:\/\/www.europesays.com\/es\/wp-json\/wp\/v2\/posts"}],"about":[{"href":"https:\/\/www.europesays.com\/es\/wp-json\/wp\/v2\/types\/post"}],"author":[{"embeddable":true,"href":"https:\/\/www.europesays.com\/es\/wp-json\/wp\/v2\/users\/2"}],"replies":[{"embeddable":true,"href":"https:\/\/www.europesays.com\/es\/wp-json\/wp\/v2\/comments?post=606321"}],"version-history":[{"count":0,"href":"https:\/\/www.europesays.com\/es\/wp-json\/wp\/v2\/posts\/606321\/revisions"}],"wp:featuredmedia":[{"embeddable":true,"href":"https:\/\/www.europesays.com\/es\/wp-json\/wp\/v2\/media\/606322"}],"wp:attachment":[{"href":"https:\/\/www.europesays.com\/es\/wp-json\/wp\/v2\/media?parent=606321"}],"wp:term":[{"taxonomy":"category","embeddable":true,"href":"https:\/\/www.europesays.com\/es\/wp-json\/wp\/v2\/categories?post=606321"},{"taxonomy":"post_tag","embeddable":true,"href":"https:\/\/www.europesays.com\/es\/wp-json\/wp\/v2\/tags?post=606321"}],"curies":[{"name":"wp","href":"https:\/\/api.w.org\/{rel}","templated":true}]}}