{"id":606369,"date":"2026-06-14T19:15:15","date_gmt":"2026-06-14T19:15:15","guid":{"rendered":"https:\/\/www.europesays.com\/es\/606369\/"},"modified":"2026-06-14T19:15:15","modified_gmt":"2026-06-14T19:15:15","slug":"un-banco-de-medusas-deja-decenas-de-afectados-en-el-campeonato-autonomico-de-triatlon-sprint-de-tavernes-de-la-valldigna","status":"publish","type":"post","link":"https:\/\/www.europesays.com\/es\/606369\/","title":{"rendered":"Un banco de medusas deja decenas de afectados en el Campeonato Auton\u00f3mico de Triatl\u00f3n Sprint de Tavernes de la Valldigna"},"content":{"rendered":"<p class=\"ft-text ft-helper-closenews\">\u00abLa gente sal\u00eda del mar con las manos y la cara rojas. Lloraban de dolor y muchos tuvieron que retirarse. Nunca hab\u00eda visto tantas intervenciones m\u00e9dicas\u00bb. Son las palabras de <strong>Silvia Borr\u00e0s<\/strong>, presidenta del <strong>CA La Valldigna <\/strong>tras el incidente registrado esta ma\u00f1ana en la prueba de triatl\u00f3n ante la presencia de un banco de medusas.<\/p>\n<p class=\"ft-text\">El club llevaba semanas volcado en la preparaci\u00f3n del <strong>Campeonato Auton\u00f3mico de Triatl\u00f3n Sprint<\/strong>, celebrado esta ma\u00f1ana en la <strong>playa de Tavernes de la Valldigna<\/strong>. Sin embargo, la presencia de un <strong>gran banco de medusas<\/strong> convirti\u00f3 la prueba en \u00abun horror\u00bb.<\/p>\n<p class=\"ft-text\">Gran parte de los <strong>250 participantes<\/strong> tuvo que ser atendida tras la <strong>prueba de nataci\u00f3n en aguas abiertas<\/strong> al sufrir numerosas <strong>picaduras de medusa<\/strong>. Muchos competidores llevaban <strong>neopreno<\/strong>, ya que la <strong>Federaci\u00f3n de Triatl\u00f3n<\/strong> hab\u00eda advertido antes de la salida sobre la presencia de medusas. \u00abMuchos no han podido terminar la prueba\u00bb, explica. <\/p>\n<p class=\"ft-text\">Desde el <strong>CA La Valldigna<\/strong> lamentan que no se modificara el recorrido pese a los avisos previos. \u00abYa avisamos a la federaci\u00f3n porque ayer detectamos el banco de medusas. En estas fechas no suele haber, pero llevamos muchos d\u00edas de calor\u00bb, explica Borr\u00e0s, que permaneci\u00f3 atendiendo a los participantes durante toda la jornada.<\/p>\n<p class=\"ft-text\">Tras el primer avistamiento del s\u00e1bado, voluntarios del club recorrieron este domingo algunas de las zonas del circuito junto a miembros de la federaci\u00f3n. Seg\u00fan la presidenta del club vallero, \u00abuno de los miembros ya hab\u00eda visto el banco, pero finalmente la federaci\u00f3n dio el visto bueno para la salida. Al ser una prueba de la federaci\u00f3n nosotros no pod\u00edamos suspender nada. Si fuese un evento nuestro, hubi\u00e9semos tomado otras medidas\u00bb.<\/p>\n<p class=\"ft-text\">Minutos despu\u00e9s, las escenas eran, seg\u00fan describe, \u00abde aut\u00e9ntico terror\u00bb: \u00abLa gente sal\u00eda con la cara desencajada; ten\u00edan las manos y el rostro muy afectados\u00bb.<\/p>\n<p class=\"ft-text\">Borr\u00e0s explica que en esta ocasi\u00f3n era el propio <strong>Ayuntamiento de Tavernes de la Valldigna<\/strong> quien hab\u00eda facilitado el dispositivo sanitario. Sin embargo, ante el aumento de <strong>atenciones m\u00e9dicas<\/strong>, la presidenta llam\u00f3 inmediatamente al <strong>112<\/strong> para alertar de la situaci\u00f3n.<\/p>\n<p class=\"ft-text\">Hasta la zona se desplazaron <strong>siete ambulancias<\/strong> procedentes de municipios cercanos. Adem\u00e1s, miembros del club acudieron a una farmacia pr\u00f3xima para adquirir productos que ayudaran a aliviar el picor. Algunos participantes tuvieron que ser trasladados al <strong>centro de salud<\/strong> o al <strong>hospital Francesc de Borja de Gandia<\/strong>.<\/p>\n<p class=\"ft-text\">Tras este primer incidente, la federaci\u00f3n decidi\u00f3 modificar el recorrido de la <strong>prueba femenina<\/strong> para evitar el banco de medusas, una decisi\u00f3n que el club considera que tambi\u00e9n podr\u00eda haberse aplicado antes. \u00abEso mismo se podr\u00eda haber hecho en la otra categor\u00eda; en diez minutos nos habr\u00edamos evitado esta situaci\u00f3n\u00bb, lamenta Borr\u00e0s.<\/p>\n<p class=\"ft-text\">El club estudia ahora presentar una <strong>queja formal a la federaci\u00f3n<\/strong>, ya que considera que \u00abtodo el tiempo y los recursos invertidos se han visto empa\u00f1ados por esto\u00bb.<\/p>\n<p>Comunicado del ayuntamiento<\/p>\n<p class=\"ft-text\">Tras el incidente, el <strong>Ayuntamiento de Tavernes<\/strong> ha instalado la <strong>bandera de aviso por presencia de medusas<\/strong> en la <strong>playa de la Goleta<\/strong>.<\/p>\n<p class=\"ft-text\">En un comunicado, el consistorio ha se\u00f1alado que \u00abesta <strong>concentraci\u00f3n de medusas<\/strong> no hab\u00eda sido detectada por parte de la organizaci\u00f3n de la competici\u00f3n, lo que ha afectado a varios participantes\u00bb, un hecho que desmiente el propio club. Asimismo, ha estudiado la presencia de medusas en otros tramos de la <strong>costa vallera<\/strong>.<\/p>\n<p class=\"ft-text\">Por su parte, la alcaldesa <strong>Lara Romero<\/strong> ha recalcado a trav\u00e9s de sus redes sociales que, tras detectar el <strong>banco de medusas<\/strong>, se ha activado el <strong>protocolo de seguridad y emergencia<\/strong> en coordinaci\u00f3n con los servicios de <strong>salvamento y socorrismo<\/strong>, <strong>Polic\u00eda Local<\/strong>, <strong>Guardia Civil<\/strong> y la organizaci\u00f3n de la prueba.<\/p>\n<p class=\"ft-text\">Adem\u00e1s, ha pedido a los asistentes que evitaran tocar las medusas y que, en caso de picadura, acudieran directamente al puesto sanitario.<\/p>\n<p data-close=\"closedContent\" class=\"subscribeHideForDisplay\">Suscr\u00edbete para seguir leyendo<\/p>\n","protected":false},"excerpt":{"rendered":"\u00abLa gente sal\u00eda del mar con las manos y la cara rojas. Lloraban de dolor y muchos tuvieron&hellip;\n","protected":false},"author":2,"featured_media":606370,"comment_status":"","ping_status":"","sticky":false,"template":"","format":"standard","meta":{"footnotes":""},"categories":[8],"tags":[4179,1456,17,18,19878,51,25,24,13,14,2500,11,2418,19,20,13280,9,10,15,16,14619,776,23,33675,12,21,22],"class_list":["post-606369","post","type-post","status-publish","format-standard","has-post-thumbnail","category-espana","tag-afectados","tag-banco","tag-breaking-news","tag-breakingnews","tag-decenas","tag-deja","tag-es","tag-espana","tag-featured-news","tag-featurednews","tag-federacion","tag-headlines","tag-la-safor","tag-latest-news","tag-latestnews","tag-medusas","tag-news","tag-noticias","tag-noticias-destacadas","tag-noticiasdestacadas","tag-picaduras","tag-playa","tag-spain","tag-tavernes-de-la-valldigna","tag-titulares","tag-ultimas-noticias","tag-ultimasnoticias"],"share_on_mastodon":{"url":"https:\/\/pubeurope.com\/@es\/116750065936492568","error":""},"_links":{"self":[{"href":"https:\/\/www.europesays.com\/es\/wp-json\/wp\/v2\/posts\/606369","targetHints":{"allow":["GET"]}}],"collection":[{"href":"https:\/\/www.europesays.com\/es\/wp-json\/wp\/v2\/posts"}],"about":[{"href":"https:\/\/www.europesays.com\/es\/wp-json\/wp\/v2\/types\/post"}],"author":[{"embeddable":true,"href":"https:\/\/www.europesays.com\/es\/wp-json\/wp\/v2\/users\/2"}],"replies":[{"embeddable":true,"href":"https:\/\/www.europesays.com\/es\/wp-json\/wp\/v2\/comments?post=606369"}],"version-history":[{"count":0,"href":"https:\/\/www.europesays.com\/es\/wp-json\/wp\/v2\/posts\/606369\/revisions"}],"wp:featuredmedia":[{"embeddable":true,"href":"https:\/\/www.europesays.com\/es\/wp-json\/wp\/v2\/media\/606370"}],"wp:attachment":[{"href":"https:\/\/www.europesays.com\/es\/wp-json\/wp\/v2\/media?parent=606369"}],"wp:term":[{"taxonomy":"category","embeddable":true,"href":"https:\/\/www.europesays.com\/es\/wp-json\/wp\/v2\/categories?post=606369"},{"taxonomy":"post_tag","embeddable":true,"href":"https:\/\/www.europesays.com\/es\/wp-json\/wp\/v2\/tags?post=606369"}],"curies":[{"name":"wp","href":"https:\/\/api.w.org\/{rel}","templated":true}]}}