{"id":606377,"date":"2026-06-14T19:22:13","date_gmt":"2026-06-14T19:22:13","guid":{"rendered":"https:\/\/www.europesays.com\/es\/606377\/"},"modified":"2026-06-14T19:22:13","modified_gmt":"2026-06-14T19:22:13","slug":"oscar-fuentes-gana-la-vuelta-extremadura-maksym-bilyi-se-lleva-la-ultima-jornada-esciclismo","status":"publish","type":"post","link":"https:\/\/www.europesays.com\/es\/606377\/","title":{"rendered":"\u00d3scar Fuentes gana la Vuelta Extremadura, Maksym Bilyi se lleva la \u00faltima jornada &#8211; Esciclismo"},"content":{"rendered":"<ol>\n<li><a href=\"https:\/\/news.google.com\/rss\/articles\/CBMiakFVX3lxTE1NVjV2QkoxZElxWjR0OE50UHpCM3MwS2VEa0hjN0ZMblA5ZFJlOVBPM2xRVUYwVU9yd2s2OTBSTnVLSVpqRTh1MnNsMG9wQXBPNjNoY3BJR3dNbUdWUUdOSmVDMU5XSzJsLUE?oc=5\" target=\"_blank\" rel=\"nofollow noopener\">\u00d3scar Fuentes gana la Vuelta Extremadura, Maksym Bilyi se lleva la \u00faltima jornada<\/a>&nbsp;&nbsp;Esciclismo<\/li>\n<li><a href=\"https:\/\/news.google.com\/rss\/articles\/CBMisgFBVV95cUxNVkgxemo5REw3ZDVvUzB0Y1gwQUFRN3hzZ2MwMWI5Y042QzFWVVUyazdrTlh2aVBQaVgzU0JnZ2hoa2ZPRDhwSW5zVGRRUUp4X0p2dmI4TC1YVlBqVlpOSFdrTFhXU3VrbXZqai03Z3ZNTFNRS3FqNG96WGRGUG5WX0VJNlNPM3RkZWtyT1BvRk9wdFh6OXk5QXhQdUFENjhVLVZiX0tTQktPZ1U3dDdUSVp30gGyAUFVX3lxTE9DRlN5UjRSVGlwQmxxUjI2VDZDOWVLSFJOVzlxVWNweFl0N0hCYjM2b0I2aGFxSk91TDR3OWJCYlN4clM5S2dBZENuQmxGSTB4V3BRYVFoZ3VyNFRmZ2R0SDhtSFZhOU1HWndBVmRoWmZvYVNwZmoydWFkMHhQNV9ueFdFLUhoa1BoaWRxYTF4WmVaQWFyWHRGaWU5MHpZamRnTVFUSGoxZHFDTUxESTZad2c?oc=5\" target=\"_blank\" rel=\"nofollow noopener\">\u00d3scar Fuentes se corona en la Vuelta a Extremadura en otra exhibici\u00f3n del equipo Cortizo<\/a>&nbsp;&nbsp;MARCA<\/li>\n<li><a href=\"https:\/\/news.google.com\/rss\/articles\/CBMiZ0FVX3lxTE9fVjVPdHZWd2FxNTNGUFJWSlEwSHItcjIwYW9pbFM3REdZM3l3WUpMUWZjS1dTZ0ludkpIcDNIZm9JYUUzOUs2djR1SlRiNmlHSmJGbWpiOUNkM3hhT1V6OVd0ZVNFNDg?oc=5\" target=\"_blank\" rel=\"nofollow noopener\">El director general de Deportes asiste en Azuaga a la salida oficial de la Vuelta Ciclista a Extremadura \u00c9lite y Sub-23 2026<\/a>&nbsp;&nbsp;Junta de Extremadura<\/li>\n<li><a href=\"https:\/\/news.google.com\/rss\/articles\/CBMisAFBVV95cUxOZ2FvWDVVSHRHYkxDQVZoX29sNWE1dEJNQWJjbGd5dXIyX3ctcTIzeWVvTE5ZckNfd2d2TnN5WXlaODhkMmxDMWNQNER6N2tlR096TlRCa0JQajVIX05ZbTFlOWhiNGQyV05uajdZbDZMeWNuWnpza2ozdDFXYUJLQjlxTE1rMDB5dVF5RlpYTUN2Y0N5R2VOZ2ZMUFNDX2RQVURIX1pmXzRGc1dUSWNpTtIBtgFBVV95cUxQU2RiUUVOQWVNWnhRNFVCQ0s2czR2R0JvMmM5OWtLbkd5dzBtREc4eXNpcFdjSmVhNDZtNnJ5ZFp2b1RQT0xrcUtleU9rTXgxeTJydUlBQnJrQXRFcm1Ec180d2lpZzFyQUdhRnF0SEFLUXN2bmJIQUhGR1J1NXVaLXl0Q3U0eTlYeU0yMnI4c3dqUkZsVFFia1habzFRS2ZkbEo5OTBlUExzQmMyNVBtR3E1a1BBQQ?oc=5\" target=\"_blank\" rel=\"nofollow noopener\">\u00d3scar Fuentes gana la Vuelta a Extremadura tras una exhibici\u00f3n del Cortizo<\/a>&nbsp;&nbsp;El Peri\u00f3dico Extremadura<\/li>\n<li><a href=\"https:\/\/news.google.com\/rss\/articles\/CBMiugFBVV95cUxONnlsbE80aENwanJ2aGl1MnlmS25KdGVZZjRheGl2OHRXZUozRkM0aFVUTnBFSTNwaFAtZFVTZW9ma196SUtxbDNuM050d3pzT21wWDh3c01OQ3UtSVVwaW9Hamk5SVRDOV9GbWVjNnFBZ2ZMRktyOTl0WlRiNE9HSWNfNng2LVdfbDdMeTdtbkpGekY0MXUxUWhobjExbXJ5cmtJam1vUkNHLTlySzVIUEp0cXAzQ3hONnc?oc=5\" target=\"_blank\" rel=\"nofollow noopener\">\u00d3scar Fuentes gana la Vuelta Ciclista a Extremadura 2026<\/a>&nbsp;&nbsp;Europa Press<\/li>\n<\/ol>\n","protected":false},"excerpt":{"rendered":"\u00d3scar Fuentes gana la Vuelta Extremadura, Maksym Bilyi se lleva la \u00faltima jornada&nbsp;&nbsp;Esciclismo \u00d3scar Fuentes se corona en&hellip;\n","protected":false},"author":2,"featured_media":606378,"comment_status":"","ping_status":"","sticky":false,"template":"","format":"standard","meta":{"footnotes":""},"categories":[273],"tags":[53172,65513,4860,113679,5417,313,1757,34815,75731,312,168,1053,1755,622,6440,25,24,314,7234,1058,4765,8720,113680,40509,5215,13686,113681,111239,2789,10717,23,167,4039,2886,18436,43537,1261,24632,1357],"class_list":["post-606377","post","type-post","status-publish","format-standard","has-post-thumbnail","category-ciclismo","tag-adjudico","tag-banos","tag-carrera","tag-casares","tag-cerrar","tag-ciclismo","tag-ciclista","tag-colectiva","tag-cortizo","tag-cycling","tag-deportes","tag-domingo","tag-elite","tag-equipo","tag-equipos","tag-es","tag-espana","tag-etapa","tag-extremadura","tag-final","tag-fuentes","tag-fuerza","tag-hurdes","tag-imponer","tag-kilometros","tag-liderato","tag-maksy","tag-montemayor","tag-oscar","tag-reina","tag-spain","tag-sports","tag-sub","tag-triunfo","tag-ucraniano","tag-vibrante","tag-victoria","tag-volvio","tag-vuelta"],"share_on_mastodon":{"url":"https:\/\/pubeurope.com\/@es\/116750093228257220","error":""},"_links":{"self":[{"href":"https:\/\/www.europesays.com\/es\/wp-json\/wp\/v2\/posts\/606377","targetHints":{"allow":["GET"]}}],"collection":[{"href":"https:\/\/www.europesays.com\/es\/wp-json\/wp\/v2\/posts"}],"about":[{"href":"https:\/\/www.europesays.com\/es\/wp-json\/wp\/v2\/types\/post"}],"author":[{"embeddable":true,"href":"https:\/\/www.europesays.com\/es\/wp-json\/wp\/v2\/users\/2"}],"replies":[{"embeddable":true,"href":"https:\/\/www.europesays.com\/es\/wp-json\/wp\/v2\/comments?post=606377"}],"version-history":[{"count":0,"href":"https:\/\/www.europesays.com\/es\/wp-json\/wp\/v2\/posts\/606377\/revisions"}],"wp:featuredmedia":[{"embeddable":true,"href":"https:\/\/www.europesays.com\/es\/wp-json\/wp\/v2\/media\/606378"}],"wp:attachment":[{"href":"https:\/\/www.europesays.com\/es\/wp-json\/wp\/v2\/media?parent=606377"}],"wp:term":[{"taxonomy":"category","embeddable":true,"href":"https:\/\/www.europesays.com\/es\/wp-json\/wp\/v2\/categories?post=606377"},{"taxonomy":"post_tag","embeddable":true,"href":"https:\/\/www.europesays.com\/es\/wp-json\/wp\/v2\/tags?post=606377"}],"curies":[{"name":"wp","href":"https:\/\/api.w.org\/{rel}","templated":true}]}}