{"id":606440,"date":"2026-06-14T20:01:12","date_gmt":"2026-06-14T20:01:12","guid":{"rendered":"https:\/\/www.europesays.com\/es\/606440\/"},"modified":"2026-06-14T20:01:12","modified_gmt":"2026-06-14T20:01:12","slug":"una-fugaz-granizada-sorprende-a-vecinos-y-turistas-del-centro-de-malaga-este-domingo","status":"publish","type":"post","link":"https:\/\/www.europesays.com\/es\/606440\/","title":{"rendered":"Una fugaz granizada sorprende a vecinos y turistas del Centro de M\u00e1laga este domingo"},"content":{"rendered":"<p style=\"\">Un \u00abchubasco de origen tormentoso\u00bb ha sorprendido este domingo, poco antes de las 11.30 horas de la ma\u00f1ana, a malague\u00f1os y turistas en el  &#8230; Centro de M\u00e1laga. En algunos puntos incluso ha ca\u00eddo granizo de una manera fugaz ya que este cap\u00edtulo meteorol\u00f3gico ha dudado un corto espacio de tiempo.<\/p>\n<p class=\"v-d-p\" style=\"\">\u00abHa sido una c\u00e9lula tormentosa peque\u00f1a de la Dana que se ha formado encima de M\u00e1laga. Apenas ha durado un minuto, muy poco tiempo. En algunas zonas han sido goterones gordos y por el Centro me consta que ha ca\u00eddo granizo. Se han escuchado truenos tambi\u00e9n\u00bb, explica a SUR el divulgador meteorol\u00f3gico y responsable del blog &#8216;Tormentas y Rayos&#8217;, Jos\u00e9 Luis Escudero. \u00abMa\u00f1ana toca terral\u00bb, avanza.<\/p>\n<p class=\"v-d-p\" style=\"\">Seg\u00fan explica Escudero, el granizo se debe a que hay corrientes ascendentes y descendentes de la c\u00e9lula tormentosa. \u00abAl subir las gotas de agua, como hay aire fr\u00edo en altura, se congelan y con el peso caen. Han ca\u00eddo en M\u00e1laga en unas zonas s\u00ed y otras, no. Se debe a eso, a que en las c\u00e9lulas tormentosas hay corrientes: sube las gotas de agua y a una determinada altura se van congelando y, al coger peso, caen\u00bb.<\/p>\n<p>Imagen del granizo ca\u00eddo en el Centro de M\u00e1laga.<\/p>\n<p>(C. Heredia)<\/p>\n<p>\nGranizo en la Pen\u00ednsula\n<\/p>\n<p class=\"v-d-p\" style=\"\">La Agencia Estatal de Meteorolog\u00eda ya lo advert\u00eda en su previsi\u00f3n para la jornada dominical en la provincia malague\u00f1a: \u00abCielos poco nubosos, con intervalos de nubes medias y altas y nubosidad de evoluci\u00f3n diurna en las sierras, sin descartar chubascos dispersos que pueden ir acompa\u00f1ados de tormentas\u00bb.<\/p>\n<p class=\"v-d-p\" style=\"\">La previsi\u00f3n tambi\u00e9n espera para esta jornada temperaturas m\u00e1ximas en ascenso y m\u00ednimas con pocos cambios. Igualmente se prev\u00e9n cientos de componente sur flojos a moderados en la comarca de Antequera y flojos variables en el resto, tendiendo al final a componente oeste, moderados en el litoral. <\/p>\n<p class=\"v-d-p\" style=\"\">A nivel nacional la previsi\u00f3n destaca que, con el debilitamiento del anticicl\u00f3n y la llegada de una masa de aire fr\u00edo en capas altas de la atm\u00f3sfera, \u00abse espera una jornada inestable en el interior de la Pen\u00ednsula, mientras que en los litorales y en los archipi\u00e9lagos continuar\u00e1 el tiempo estable\u00bb. <\/p>\n<p class=\"v-d-p\" style=\"\">De esta forma, se esperan \u00abchubascos y tormentas, acompa\u00f1adas de rachas muy fuertes de viento y de posible granizo, en las mesetas, la cordillera Cant\u00e1brica, el oeste de Galicia, Extremadura, los sistemas Central e Ib\u00e9rico, la cordillera Subb\u00e9tica y los Pirineos m\u00e1s orientales. En el este, el extremo sur y Baleares, habr\u00e1 cielos despejados o alguna nube alta. En Canarias, se prev\u00e9n cielos nubosos en el norte y despejados en el sur\u00bb, indica la previsi\u00f3n.<\/p>\n","protected":false},"excerpt":{"rendered":"Un \u00abchubasco de origen tormentoso\u00bb ha sorprendido este domingo, poco antes de las 11.30 horas de la ma\u00f1ana,&hellip;\n","protected":false},"author":2,"featured_media":606441,"comment_status":"","ping_status":"","sticky":false,"template":"","format":"standard","meta":{"footnotes":""},"categories":[8],"tags":[17,18,7264,1053,25,24,13,14,47000,113687,11,19,20,3855,9,10,15,16,6924,23,12,5173,21,22,3096],"class_list":["post-606440","post","type-post","status-publish","format-standard","has-post-thumbnail","category-espana","tag-breaking-news","tag-breakingnews","tag-capital","tag-domingo","tag-es","tag-espana","tag-featured-news","tag-featurednews","tag-fugaz","tag-granizada","tag-headlines","tag-latest-news","tag-latestnews","tag-malaga","tag-news","tag-noticias","tag-noticias-destacadas","tag-noticiasdestacadas","tag-sorprende","tag-spain","tag-titulares","tag-turistas","tag-ultimas-noticias","tag-ultimasnoticias","tag-vecinos"],"share_on_mastodon":{"url":"https:\/\/pubeurope.com\/@es\/116750246478599677","error":""},"_links":{"self":[{"href":"https:\/\/www.europesays.com\/es\/wp-json\/wp\/v2\/posts\/606440","targetHints":{"allow":["GET"]}}],"collection":[{"href":"https:\/\/www.europesays.com\/es\/wp-json\/wp\/v2\/posts"}],"about":[{"href":"https:\/\/www.europesays.com\/es\/wp-json\/wp\/v2\/types\/post"}],"author":[{"embeddable":true,"href":"https:\/\/www.europesays.com\/es\/wp-json\/wp\/v2\/users\/2"}],"replies":[{"embeddable":true,"href":"https:\/\/www.europesays.com\/es\/wp-json\/wp\/v2\/comments?post=606440"}],"version-history":[{"count":0,"href":"https:\/\/www.europesays.com\/es\/wp-json\/wp\/v2\/posts\/606440\/revisions"}],"wp:featuredmedia":[{"embeddable":true,"href":"https:\/\/www.europesays.com\/es\/wp-json\/wp\/v2\/media\/606441"}],"wp:attachment":[{"href":"https:\/\/www.europesays.com\/es\/wp-json\/wp\/v2\/media?parent=606440"}],"wp:term":[{"taxonomy":"category","embeddable":true,"href":"https:\/\/www.europesays.com\/es\/wp-json\/wp\/v2\/categories?post=606440"},{"taxonomy":"post_tag","embeddable":true,"href":"https:\/\/www.europesays.com\/es\/wp-json\/wp\/v2\/tags?post=606440"}],"curies":[{"name":"wp","href":"https:\/\/api.w.org\/{rel}","templated":true}]}}