{"id":606516,"date":"2026-06-14T20:57:10","date_gmt":"2026-06-14T20:57:10","guid":{"rendered":"https:\/\/www.europesays.com\/es\/606516\/"},"modified":"2026-06-14T20:57:10","modified_gmt":"2026-06-14T20:57:10","slug":"almeria-en-directo-un-derbi-andaluz-con-olor-a-primera","status":"publish","type":"post","link":"https:\/\/www.europesays.com\/es\/606516\/","title":{"rendered":"Almer\u00eda en directo&#8230; \u00a1\u00a1\u00a1un derbi andaluz con olor a Primera!!!"},"content":{"rendered":"<p> \u00daltima hora y resultado del M\u00e1laga vs Almer\u00eda<\/p>\n<p class=\"ue-c-article__paragraph \">\u00a1\u00a1\u00a1MUUUUUUUUY BUEEEEENAAAAAS TARDES A TOD@S!!! Bienvenid@ssssss a la gran final de los &#8216;playoffs&#8217; de ascenso a Primera entre M\u00e1laga y Almer\u00eda. El M\u00e1laga CF afronta este vital compromiso con el calor de una afici\u00f3n blanquiazul que ha agotado por completo las localidades y que aspira a ver a su equipo dar el primer paso definitivo hacia la m\u00e1xima categor\u00eda del f\u00fatbol espa\u00f1ol. El cuadro dirigido por Juanfran Funes llega plet\u00f3rico tras dejar en la cuneta a Las Palmas en las semifinales y conf\u00eda en el talento de su gran bloque de canteranos, quienes adem\u00e1s guardan en la memoria el deseo de revancha de antiguas eliminatorias en categor\u00edas inferiores frente al cuadro ind\u00e1lico. <\/p>\n<p class=\"ue-c-article__paragraph \">Por su parte, la UD Almer\u00eda se presenta en esta gran final andaluza con la importante ventaja de contar con el factor campo a su favor para el partido de vuelta y el beneficio reglamentario de ascender autom\u00e1ticamente en caso de empate global al t\u00e9rmino de la pr\u00f3rroga de la eliminatoria. Tras apear al Castell\u00f3n en una disputada ronda previa, los hombres de Rubi buscar\u00e1n un resultado positivo a domicilio arropados por un sector visitante que tambi\u00e9n colgar\u00e1 el cartel de \u00abno hay billetes\u00bb.<\/p>\n<p class=\"ue-c-article__paragraph \">Se podr\u00e1 seguir el partido a trav\u00e9s de la narraci\u00f3n de Radio MARCA. Tras el encuentro, podr\u00e1s leer la cr\u00f3nica, las declaraciones de los protagonistas y ver el resumen con las mejores jugadas y los goles.<strong> \u00a1\u00a1\u00a1AARRRAANCAAA LA FINAL EN MARCAAAAA!!!<\/strong><\/p>\n","protected":false},"excerpt":{"rendered":"\u00daltima hora y resultado del M\u00e1laga vs Almer\u00eda \u00a1\u00a1\u00a1MUUUUUUUUY BUEEEEENAAAAAS TARDES A TOD@S!!! Bienvenid@ssssss a la gran final&hellip;\n","protected":false},"author":2,"featured_media":606517,"comment_status":"","ping_status":"","sticky":false,"template":"","format":"standard","meta":{"footnotes":""},"categories":[268],"tags":[168,25,24,280,282,1963,7640,281,23,167,4660],"class_list":["post-606516","post","type-post","status-publish","format-standard","has-post-thumbnail","category-futbol","tag-deportes","tag-es","tag-espana","tag-football","tag-futbol","tag-malaga-cf","tag-segunda-division","tag-soccer","tag-spain","tag-sports","tag-ud-almeria"],"share_on_mastodon":{"url":"https:\/\/pubeurope.com\/@es\/116750466960516524","error":""},"_links":{"self":[{"href":"https:\/\/www.europesays.com\/es\/wp-json\/wp\/v2\/posts\/606516","targetHints":{"allow":["GET"]}}],"collection":[{"href":"https:\/\/www.europesays.com\/es\/wp-json\/wp\/v2\/posts"}],"about":[{"href":"https:\/\/www.europesays.com\/es\/wp-json\/wp\/v2\/types\/post"}],"author":[{"embeddable":true,"href":"https:\/\/www.europesays.com\/es\/wp-json\/wp\/v2\/users\/2"}],"replies":[{"embeddable":true,"href":"https:\/\/www.europesays.com\/es\/wp-json\/wp\/v2\/comments?post=606516"}],"version-history":[{"count":0,"href":"https:\/\/www.europesays.com\/es\/wp-json\/wp\/v2\/posts\/606516\/revisions"}],"wp:featuredmedia":[{"embeddable":true,"href":"https:\/\/www.europesays.com\/es\/wp-json\/wp\/v2\/media\/606517"}],"wp:attachment":[{"href":"https:\/\/www.europesays.com\/es\/wp-json\/wp\/v2\/media?parent=606516"}],"wp:term":[{"taxonomy":"category","embeddable":true,"href":"https:\/\/www.europesays.com\/es\/wp-json\/wp\/v2\/categories?post=606516"},{"taxonomy":"post_tag","embeddable":true,"href":"https:\/\/www.europesays.com\/es\/wp-json\/wp\/v2\/tags?post=606516"}],"curies":[{"name":"wp","href":"https:\/\/api.w.org\/{rel}","templated":true}]}}