{"id":606542,"date":"2026-06-14T21:17:13","date_gmt":"2026-06-14T21:17:13","guid":{"rendered":"https:\/\/www.europesays.com\/es\/606542\/"},"modified":"2026-06-14T21:17:13","modified_gmt":"2026-06-14T21:17:13","slug":"kasper-haugland-gana-en-vibo-valentia-y-se-viste-con-la-primera-maglia-rosa-del-giro-next-gen-esciclismo","status":"publish","type":"post","link":"https:\/\/www.europesays.com\/es\/606542\/","title":{"rendered":"Kasper Haugland gana en Vibo Valentia y se viste con la primera maglia rosa del Giro Next Gen &#8211; Esciclismo"},"content":{"rendered":"<ol>\n<li><a href=\"https:\/\/news.google.com\/rss\/articles\/CBMiakFVX3lxTE5hNTZhZ0t3bEZGeVJ1MjV0R3NXRC1qYTBwdUhTQzgzSHFpQUFvUm1QQi0xT2w0VWQ1LVA4VE8yeExtVDYtb1RyYm1OV1RoLUdGT0FsbG1QbnJPblBpVWMyZEc0em5DY00xb3c?oc=5\" target=\"_blank\" rel=\"nofollow noopener\">Kasper Haugland gana en Vibo Valentia y se viste con la primera maglia rosa del Giro Next Gen<\/a>&nbsp;&nbsp;Esciclismo<\/li>\n<li><a href=\"https:\/\/news.google.com\/rss\/articles\/CBMitwFBVV95cUxQTy1RLU90WnFhNkwzLXdwRFVXUlNnc0pBanhIM0pYOHRfZGtyUDBnbTZpMm96Q0pXRXV4NGVFMGQ1N090Y0NxaTdkblUxc21jelpTelNKMlQ4RjZ3c1c5X1FhRFUySjczUGlRQlNpLXBST1RPZjlIdnltZlN4S1JmS1lNbDhvOXlKQXVmRjV6cmNPVGdzZk5Ub0J1bkpZVkpOWVVORXFkQ3RZSEFoMUZXTVB4dUdDZTA?oc=5\" target=\"_blank\" rel=\"nofollow noopener\">Giro Next Gen 2026: \u00a1Qu\u00e9 cabalgada de Kasper Haugland para empezar!<\/a>&nbsp;&nbsp;Giro d&#8217;Italia 2026<\/li>\n<li><a href=\"https:\/\/news.google.com\/rss\/articles\/CBMiakFVX3lxTE40cWhsNkkzamJDUVhIU1BETlNULVByMlpjQnh5WTU4OFRmWTAzYmRDajNYcXlyVjVYTXdSRWxRckhNa2tNMVlrLWlCeklNRWpqaWx2ekl6a05LSHJ3ZjZwM2Zab1hJZ04tVUE?oc=5\" target=\"_blank\" rel=\"nofollow noopener\">Clasificaciones completas de la 1\u00aa etapa del Giro Next Gen 2026<\/a>&nbsp;&nbsp;Esciclismo<\/li>\n<li><a href=\"https:\/\/news.google.com\/rss\/articles\/CBMi0gFBVV95cUxOMGtmaktzRGRxOXJ1anJjd2N0NDRHb0RBaVVhWExhSDd1R3c5M3NIcUQxYVZ3Rmk0RWdJZkdRMlhLak1PRnYwTWZtbFAyWU9yd0t0WGE2QnA5dzIwUUFjVk1xM1BaMzJMdHJxb2U0TFNuZ2Z4ZDZYbjU4MW04U09zZ3cxOFJ1Qk1LWC1xdTk3WlE2QmJ1R1k5S2pGcGdEQklRWm1rUndtZkR5S2V4YkJObW9wWnhSM3Itd3J3Tnk0ZDB2ampIM1kzbEp1RnVvcUpFaUHSAdcBQVVfeXFMTnBUY3htdTBCMXBHSDFpYloxTlZOTmkyZ05lVVRkOW5EYTE3LTRUZDlVVkQyanVJUXdQTzhDY1oxQ3R1elNpWUJ2aklYb09UWFpiVWo5SDNmRmVuVnBBeDhyWWY1UUpvczVlMmFlTlhVcjZVNUZ1ZmtmSkQ4Zks3MDhxRjdGUjI3RkRNU2Z0TnZoZ2tlOWprTkpBdTdJSnRXM0xHcUtUdGtzRjlpb25mdUw3SlRleVd2SnV4OElWbHF6WWhSSVg5TFpyLW9fdFQxVGVFZk95ZGM?oc=5\" target=\"_blank\" rel=\"nofollow noopener\">Dram\u00e1tica victoria de Kasper Haugland en el inicio del Giro Next Gen con Miguel \u00c1ngel Mar\u00edn 11\u00b0<\/a>&nbsp;&nbsp;Revista Mundo Cicl\u00edstico<\/li>\n<li><a href=\"https:\/\/news.google.com\/rss\/articles\/CBMiakFVX3lxTFBQa1ZqbUhxaXhvejB0ZWpYdzBkek1XaXgtVVNhZUdGb0dZS3RrNHR0SHVldGNvU3ZXTzBqYTlfY0dmYUptcXlfVmg4LWNNQnhXdkJGcTlEd1RBYV9jd2d0X1VSWFUyLUd5elE?oc=5\" target=\"_blank\" rel=\"nofollow noopener\">V\u00eddeo resumen de la 1\u00aa etapa del Giro Next Gen 2026<\/a>&nbsp;&nbsp;Esciclismo<\/li>\n<\/ol>\n","protected":false},"excerpt":{"rendered":"Kasper Haugland gana en Vibo Valentia y se viste con la primera maglia rosa del Giro Next Gen&nbsp;&nbsp;Esciclismo&hellip;\n","protected":false},"author":2,"featured_media":606543,"comment_status":"","ping_status":"","sticky":false,"template":"","format":"standard","meta":{"footnotes":""},"categories":[273],"tags":[2136,111029,68548,313,1757,68547,900,65913,312,15109,168,4433,7368,1053,4169,25,24,314,15799,7957,113669,10165,628,293,113668,5215,3269,4201,36577,863,1078,1440,95942,113318,57,23,167,60449,113667,1261],"class_list":["post-606542","post","type-post","status-publish","format-standard","has-post-thumbnail","category-ciclismo","tag-buena","tag-calabria","tag-cgm","tag-ciclismo","tag-ciclista","tag-cma","tag-convirtio","tag-culmino","tag-cycling","tag-decathlon","tag-deportes","tag-development","tag-disputada","tag-domingo","tag-durante","tag-es","tag-espana","tag-etapa","tag-gen","tag-giro","tag-haugland","tag-impuesto","tag-italia","tag-jornada","tag-kasper","tag-kilometros","tag-next","tag-noruego","tag-p","tag-parte","tag-primera","tag-protagonista","tag-quebrada","tag-reggio","tag-sobre","tag-spain","tag-sports","tag-valentia","tag-vibo","tag-victoria"],"share_on_mastodon":{"url":"https:\/\/pubeurope.com\/@es\/116750545468986270","error":""},"_links":{"self":[{"href":"https:\/\/www.europesays.com\/es\/wp-json\/wp\/v2\/posts\/606542","targetHints":{"allow":["GET"]}}],"collection":[{"href":"https:\/\/www.europesays.com\/es\/wp-json\/wp\/v2\/posts"}],"about":[{"href":"https:\/\/www.europesays.com\/es\/wp-json\/wp\/v2\/types\/post"}],"author":[{"embeddable":true,"href":"https:\/\/www.europesays.com\/es\/wp-json\/wp\/v2\/users\/2"}],"replies":[{"embeddable":true,"href":"https:\/\/www.europesays.com\/es\/wp-json\/wp\/v2\/comments?post=606542"}],"version-history":[{"count":0,"href":"https:\/\/www.europesays.com\/es\/wp-json\/wp\/v2\/posts\/606542\/revisions"}],"wp:featuredmedia":[{"embeddable":true,"href":"https:\/\/www.europesays.com\/es\/wp-json\/wp\/v2\/media\/606543"}],"wp:attachment":[{"href":"https:\/\/www.europesays.com\/es\/wp-json\/wp\/v2\/media?parent=606542"}],"wp:term":[{"taxonomy":"category","embeddable":true,"href":"https:\/\/www.europesays.com\/es\/wp-json\/wp\/v2\/categories?post=606542"},{"taxonomy":"post_tag","embeddable":true,"href":"https:\/\/www.europesays.com\/es\/wp-json\/wp\/v2\/tags?post=606542"}],"curies":[{"name":"wp","href":"https:\/\/api.w.org\/{rel}","templated":true}]}}