{"id":606696,"date":"2026-06-14T23:37:13","date_gmt":"2026-06-14T23:37:13","guid":{"rendered":"https:\/\/www.europesays.com\/es\/606696\/"},"modified":"2026-06-14T23:37:13","modified_gmt":"2026-06-14T23:37:13","slug":"lo-que-el-unicaja-quiere-fichar-para-otra-gran-transformacion","status":"publish","type":"post","link":"https:\/\/www.europesays.com\/es\/606696\/","title":{"rendered":"Lo que el Unicaja quiere fichar para otra gran transformaci\u00f3n"},"content":{"rendered":"<p style=\"\">El Unicaja es de los pocos equipos de la Liga ACB que todav\u00eda no se ha movido en el mercado de fichajes, aunque no tardar\u00e1  &#8230; en hacerlo. En la direcci\u00f3n deportiva de la entidad cajista tienen perfectamente identificadas las necesidades  despu\u00e9s de una temporada en la que las carencias en determinadas posiciones fueron notables, en parte por la floja aportaci\u00f3n de los fichajes, pero tambi\u00e9n por el pobre papel de jugadores que ya estaban en la plantilla. <\/p>\n<p class=\"v-d-p\" style=\"\">Se buscan perfiles muy claros, pero no s\u00f3lo por cualidades t\u00e9cnicas, sino tambi\u00e9n f\u00edsicas, pues el equipo perdi\u00f3 potencia atl\u00e9tica tras los cambios del pasado verano y porque la salida de jugadores como Kameron Taylor, Melvin Ejim o Sima, que destacaban en este aspecto, se ha dejado sentir ante rivales con rotaciones fuertes.<\/p>\n<p class=\"v-d-p\" style=\"\">El Unicaja ha tenido un grave problema en lo que a generaci\u00f3n de juego se refiere debido a que Casta\u00f1eda, luego Audige, y, sobre todo, Chris Duarte, no dieron el nivel. El dominicano s\u00ed ten\u00eda esta capacidad, pero con \u00e9l ha sido un quiero y no puedo hasta el pol\u00e9mico desenlace que ha tenido su paso por el Unicaja. Sin jugadores que creasen ventajas para el resto, los ataques en est\u00e1tico eran un suplicio para los de Ibon Navarro. <\/p>\n<ul class=\"v-cmp-rld__u\">\n<li class=\"v-cmp-rld__l\">\n<p><a class=\"v-a-lnk\" href=\"http:\/\/www.diariosur.es\/unicaja\/james-webb-rampa-salida-20260613171741-nt.html#vtm_modulosEngag=noticiasrelacionadas-cmp-dos:unicaja:noticia:1\" title=\"James Webb, tambi\u00e9n en la rampa de salida\" data-voc-vtm-id=\"in-text-traffic\" rel=\"nofollow noopener\" target=\"_blank\"><br \/>\n<img decoding=\"async\" loading=\"lazy\" src=\"https:\/\/www.europesays.com\/es\/wp-content\/uploads\/2026\/06\/james-webb-salida-unicaja-U56780038648ODt-366x256@Diario Sur.jpg\" class=\"v-a-img\" width=\"258\" height=\"180\" alt=\"James Webb, tambi\u00e9n en la rampa de salida\"\/><br \/>\n<\/a><\/p>\n<\/li>\n<li class=\"v-cmp-rld__l\">\n<p><a class=\"v-a-lnk\" href=\"http:\/\/www.diariosur.es\/unicaja\/dilema-barreiro-seguir-unicaja-volver-coruna-20260612191754-nt.html#vtm_modulosEngag=noticiasrelacionadas-cmp-dos:unicaja:noticia:2\" title=\"El dilema de Barreiro: seguir en el Unicaja o volver a La Coru\u00f1a\" data-voc-vtm-id=\"in-text-traffic\" rel=\"nofollow noopener\" target=\"_blank\"><br \/>\n<img decoding=\"async\" loading=\"lazy\" src=\"https:\/\/www.europesays.com\/es\/wp-content\/uploads\/2026\/06\/1781480233_451_barreiro-coruna-U74781555427JdH-366x256@Diario Sur.jpg\" class=\"v-a-img\" width=\"258\" height=\"180\" alt=\"El dilema de Barreiro: seguir en el Unicaja o volver a La Coru\u00f1a\"\/><br \/>\n<\/a><\/p>\n<\/li>\n<\/ul>\n<p class=\"v-d-p\" style=\"\">La llegada de Melvin Pantzar aliviar\u00e1 esta situaci\u00f3n. El sueco ha sido uno de los mejores jugadores de la Liga ACB y ha experimentado un crecimiento notable a las \u00f3rdenes de Jaume Ponsarnau, tanto en el aspecto anotador como en el de la gesti\u00f3n de los partidos. Por su f\u00edsico, puede actuar como escolta, donde tambi\u00e9n estar\u00e1 Kalinoski, pero ah\u00ed el Unicaja ha trasladado a las diferentes agencias de representaci\u00f3n que se busca un &#8216;dos titular\u00edsimo&#8217;, un jugador con gran capacidad anotadora. El club ha preguntado por varios jugadores de este perfil. Unos con experiencia en la Liga ACB y otros que esta campa\u00f1a han actuado en ligas europeas. Se quiere evitar lo sucedido con Duarte, que en M\u00e1laga vivi\u00f3 su primera experiencia fuera del baloncesto NBA, m\u00e1s all\u00e1 de su breve paso por Puerto Rico, y fue evidente que, al margen de su calidad, su capacidad de entender el juego es distinta.<\/p>\n<p class=\"v-d-p\" style=\"\">Previsiblemente tambi\u00e9n habr\u00e1 un jugador que har\u00e1 el puente entre la posici\u00f3n de dos y de tres, al estilo Kameron Taylor, un elemento con f\u00edsico y puntos, capaz de generarse sus propias canastas, mientras que se busca otro alero de m\u00e1s envergadura en funci\u00f3n de las decisiones que se vayan tomando. Estas incorporaciones en esta posici\u00f3n se complementar\u00e1n con jugadores como Djedovic y Barreiro, aunque la situaci\u00f3n del gallego no est\u00e1 clara, pues podr\u00eda dejar el club para buscar m\u00e1s protagonismo comenzando una nueva etapa en otro equipo, como ya se inform\u00f3 estos d\u00edas. Lo que pase con Barreiro puede determinar el perfil de ese segundo alero que se busca.<\/p>\n<p class=\"v-a-t\">\nLa decisi\u00f3n final de Jonathan Barreiro, que medita dejar el club, puede condicionar la configuraci\u00f3n de la l\u00ednea exterior\n<\/p>\n<p class=\"v-d-p\" style=\"\">Seg\u00fan lo que ha trasladado a diferentes agencias, el Unicaja fichar\u00e1 dos ala-p\u00edvots, tambi\u00e9n con perfiles diferentes. Uno ser\u00e1 un jugador con buen tiro de tres, pues la capacidad para abrir el campo en el baloncesto actual es esencial. Killian Tillie fue el elegido para hacer esa funci\u00f3n esta temporada, pero el franc\u00e9s no estuvo a la altura, en parte por su fragilidad f\u00edsica y se perdi\u00f3 16 partidos, el que m\u00e1s entre todos los jugadores que comenzaron la temporada. Su etapa en el club ha finalizado a la espera de que el Unicaja lo haga oficial. <\/p>\n<p class=\"v-d-p\" style=\"\">El quinto fichaje, que no debe ser por orden cronol\u00f3gico,  ser\u00e1 otro ala-p\u00edvot, quiz\u00e1 lo que se denomina un &#8216;cuatro y medio&#8217;, como Dylan Osetkowski, estos d\u00edas vinculado al Valencia Basket. El Unicaja ya cuenta en su plantilla con un jugador de este estilo, Emir Sulejmanovic, con contrato en vigor para la siguiente campa\u00f1a. Su rendimiento no ha sido excelso, pero su funci\u00f3n no era la de liderar, adem\u00e1s de haber tenido que jugar muchos minutos en la posici\u00f3n de cinco, primero por la baja de Kravish y, luego, por la irregularidad mostrada por Olek Balcerowski, adem\u00e1s de por los problemas con las personales del polaco. Sulejmanovic es un jugador de rotaci\u00f3n. Un &#8216;soldado&#8217; como se\u00f1al\u00f3 el presidente del club d\u00edas atr\u00e1s.<\/p>\n<p class=\"v-d-p\" style=\"\">Para acometer al menos estos cinco fichajes, no se descarta uno m\u00e1s, el Unicaja debe tener margen en lo que a las licencias se refiere, de ah\u00ed que necesite liberar una de las plazas de extracomunitario que ahora ocupa James-Webb, de ah\u00ed que el estadounidense tenga pie y medio fuera pese a tener contrato. La otra la ocupaba Augustine Rubit, que no seguir\u00e1. En temporadas anteriores, el club malague\u00f1o incorpor\u00f3 a jugadores americanos con pasaporte comunitario o coton\u00fa (Will Thomas, Osetkowski, Kravish, Perry o Kalinoski) y alguno de los objetivos que se han tanteado tienen esta condici\u00f3n, lo que facilitar\u00e1 la confecci\u00f3n de la nueva plantilla. <\/p>\n","protected":false},"excerpt":{"rendered":"El Unicaja es de los pocos equipos de la Liga ACB que todav\u00eda no se ha movido en&hellip;\n","protected":false},"author":2,"featured_media":606697,"comment_status":"","ping_status":"","sticky":false,"template":"","format":"standard","meta":{"footnotes":""},"categories":[269],"tags":[299,298,331,168,25,24,3956,1239,23,167,8447,2246],"class_list":["post-606696","post","type-post","status-publish","format-standard","has-post-thumbnail","category-baloncesto","tag-baloncesto","tag-basketball","tag-busca","tag-deportes","tag-es","tag-espana","tag-gran","tag-mercado","tag-spain","tag-sports","tag-transformacion","tag-unicaja"],"share_on_mastodon":{"url":"","error":""},"_links":{"self":[{"href":"https:\/\/www.europesays.com\/es\/wp-json\/wp\/v2\/posts\/606696","targetHints":{"allow":["GET"]}}],"collection":[{"href":"https:\/\/www.europesays.com\/es\/wp-json\/wp\/v2\/posts"}],"about":[{"href":"https:\/\/www.europesays.com\/es\/wp-json\/wp\/v2\/types\/post"}],"author":[{"embeddable":true,"href":"https:\/\/www.europesays.com\/es\/wp-json\/wp\/v2\/users\/2"}],"replies":[{"embeddable":true,"href":"https:\/\/www.europesays.com\/es\/wp-json\/wp\/v2\/comments?post=606696"}],"version-history":[{"count":0,"href":"https:\/\/www.europesays.com\/es\/wp-json\/wp\/v2\/posts\/606696\/revisions"}],"wp:featuredmedia":[{"embeddable":true,"href":"https:\/\/www.europesays.com\/es\/wp-json\/wp\/v2\/media\/606697"}],"wp:attachment":[{"href":"https:\/\/www.europesays.com\/es\/wp-json\/wp\/v2\/media?parent=606696"}],"wp:term":[{"taxonomy":"category","embeddable":true,"href":"https:\/\/www.europesays.com\/es\/wp-json\/wp\/v2\/categories?post=606696"},{"taxonomy":"post_tag","embeddable":true,"href":"https:\/\/www.europesays.com\/es\/wp-json\/wp\/v2\/tags?post=606696"}],"curies":[{"name":"wp","href":"https:\/\/api.w.org\/{rel}","templated":true}]}}