{"id":606769,"date":"2026-06-15T00:33:18","date_gmt":"2026-06-15T00:33:18","guid":{"rendered":"https:\/\/www.europesays.com\/es\/606769\/"},"modified":"2026-06-15T00:33:18","modified_gmt":"2026-06-15T00:33:18","slug":"andrea-ropero-e-inaki-lopez-rompen-su-discrecion-por-el-tercer-cumpleanos-de-su-hija-jara-con-fotos-ineditas-de-su-familia","status":"publish","type":"post","link":"https:\/\/www.europesays.com\/es\/606769\/","title":{"rendered":"Andrea Ropero e I\u00f1aki L\u00f3pez rompen su discreci\u00f3n por el tercer cumplea\u00f1os de su hija Jara con fotos in\u00e9ditas de su familia"},"content":{"rendered":"<p class=\"c-paragraph\"><b>Jara<\/b>, la hija de los presentadores de laSexta <b>Andrea Ropero e I\u00f1aki L\u00f3pez<\/b>, ha cumplido <b>tres a\u00f1itos<\/b>. Una fecha muy especial para la familia que han formado los comunicadores y de la que ha dado buena cuenta la reportera, que <b>ha roto habitual discreci\u00f3n<\/b> al publicar en sus redes los detalles de la emotiva celebraci\u00f3n de la peque\u00f1a.<\/p>\n<p class=\"c-paragraph\">Seg\u00fan se ve en las im\u00e1genes, Jara, nacida el 12 de junio de 2023 y benjamina de la familia, luce una<b> corona de cumplea\u00f1os <\/b>en color morado, a juego con el gran globo con forma de n\u00famero tres que le prerararon sus progenitores y que la menor aparece abrazando fuertemente.<\/p>\n<p class=\"c-paragraph\">En otra de las fotograf\u00edas,<b>\u00a0aparece toda la familia en una bonita captura<\/b> en la que Ropero sostiene la tarta de cumplea\u00f1os mientras posa junto a I\u00f1aki y sus dos hijos, una estampa especialmente llamativa porque lo inusual de la misma.<\/p>\n<p class=\"c-paragraph\">\u00ab<b>El 12 de junio siempre es un d\u00eda especial en casa\u2026<\/b>\ud83c\udf82\ud83d\udcab Felices 3 a\u00f1os, mi peque\u00f1a \ud83e\ude77 #Jara #tequeremos #lam\u00e1sbonita\u00bb, ha escrito la comunicadora, juto al carrusel de im\u00e1genes del gran d\u00eda para la peque\u00f1a.<\/p>\n","protected":false},"excerpt":{"rendered":"Jara, la hija de los presentadores de laSexta Andrea Ropero e I\u00f1aki L\u00f3pez, ha cumplido tres a\u00f1itos. Una&hellip;\n","protected":false},"author":2,"featured_media":606770,"comment_status":"","ping_status":"","sticky":false,"template":"","format":"standard","meta":{"footnotes":""},"categories":[91],"tags":[8466,5187,146,147,25,24,6616,7355,59614,23],"class_list":["post-606769","post","type-post","status-publish","format-standard","has-post-thumbnail","category-entretenimiento","tag-andrea","tag-celebran","tag-entertainment","tag-entretenimiento","tag-es","tag-espana","tag-inaki","tag-lopez","tag-ropero","tag-spain"],"share_on_mastodon":{"url":"https:\/\/pubeurope.com\/@es\/116751316407088967","error":""},"_links":{"self":[{"href":"https:\/\/www.europesays.com\/es\/wp-json\/wp\/v2\/posts\/606769","targetHints":{"allow":["GET"]}}],"collection":[{"href":"https:\/\/www.europesays.com\/es\/wp-json\/wp\/v2\/posts"}],"about":[{"href":"https:\/\/www.europesays.com\/es\/wp-json\/wp\/v2\/types\/post"}],"author":[{"embeddable":true,"href":"https:\/\/www.europesays.com\/es\/wp-json\/wp\/v2\/users\/2"}],"replies":[{"embeddable":true,"href":"https:\/\/www.europesays.com\/es\/wp-json\/wp\/v2\/comments?post=606769"}],"version-history":[{"count":0,"href":"https:\/\/www.europesays.com\/es\/wp-json\/wp\/v2\/posts\/606769\/revisions"}],"wp:featuredmedia":[{"embeddable":true,"href":"https:\/\/www.europesays.com\/es\/wp-json\/wp\/v2\/media\/606770"}],"wp:attachment":[{"href":"https:\/\/www.europesays.com\/es\/wp-json\/wp\/v2\/media?parent=606769"}],"wp:term":[{"taxonomy":"category","embeddable":true,"href":"https:\/\/www.europesays.com\/es\/wp-json\/wp\/v2\/categories?post=606769"},{"taxonomy":"post_tag","embeddable":true,"href":"https:\/\/www.europesays.com\/es\/wp-json\/wp\/v2\/tags?post=606769"}],"curies":[{"name":"wp","href":"https:\/\/api.w.org\/{rel}","templated":true}]}}