{"id":60677,"date":"2025-08-20T17:59:10","date_gmt":"2025-08-20T17:59:10","guid":{"rendered":"https:\/\/www.europesays.com\/es\/60677\/"},"modified":"2025-08-20T17:59:10","modified_gmt":"2025-08-20T17:59:10","slug":"1a-renewi-tour-merlier-sigue-su-racha","status":"publish","type":"post","link":"https:\/\/www.europesays.com\/es\/60677\/","title":{"rendered":"1\u00aa Renewi Tour: Merlier sigue su racha"},"content":{"rendered":"<p><strong>1\u00aa: Mi\u00e9rcoles 20 de agosto. Terneuzen-Breskens, 182,7 km<\/strong><\/p>\n<blockquote class=\"twitter-tweet\" data-media-max-width=\"560\">\n<p dir=\"ltr\" lang=\"es\">\ud83d\ude84\ud83d\udcab Una jornada fren\u00e9tica y un 1\ufe0f\u20e33\ufe0f\u20e3 de la suerte para Tim Merlier<\/p>\n<p>El campe\u00f3n de Europa, primer l\u00edder del <a href=\"https:\/\/twitter.com\/hashtag\/RenewiTour?src=hash&amp;ref_src=twsrc%5Etfw\" rel=\"nofollow noopener\" target=\"_blank\">#RenewiTour<\/a> tras ser cazados \u2018in extremis\u2019 los fugados de un 1\u00ba d\u00eda con abanicos y casi 50 km\/h de media<\/p>\n<p>\ud83d\udcfa Lo viviste en Eurosport y <a href=\"https:\/\/twitter.com\/StreamMaxES?ref_src=twsrc%5Etfw\" rel=\"nofollow noopener\" target=\"_blank\">@StreamMaxES<\/a>. <a href=\"https:\/\/twitter.com\/hashtag\/LaCasaDelCiclismo?src=hash&amp;ref_src=twsrc%5Etfw\" rel=\"nofollow noopener\" target=\"_blank\">#LaCasaDelCiclismo<\/a> <a href=\"https:\/\/t.co\/KYY13rhrsT\" rel=\"nofollow\">pic.twitter.com\/KYY13rhrsT<\/a><\/p>\n<p>\u2014 Eurosport.es (@Eurosport_ES) <a href=\"https:\/\/twitter.com\/Eurosport_ES\/status\/1958182774587773303?ref_src=twsrc%5Etfw\" rel=\"nofollow noopener\" target=\"_blank\">August 20, 2025<\/a><\/p>\n<\/blockquote>\n<p><strong>Redacci\u00f3n \/ <a href=\"https:\/\/www.ciclo21.com\/\" target=\"_blank\" rel=\"noopener nofollow\">Ciclo 21<\/a><\/strong><\/p>\n<p style=\"text-align: justify;\"><strong>Tim Merlier, ciclista de Soudal, ha sido el gran protagonista en la jornada inaugural del Renewi Tour, anteriormente conocido como Tour del Benelux<\/strong>. El belga confirm\u00f3 su condici\u00f3n de uno de los velocistas m\u00e1s dominadores del pelot\u00f3n actual al imponerse con gran autoridad en el sprint final de Breskens, tras un recorrido completamente llano de 182,6 kil\u00f3metros entre Terneuzen y la localidad costera neerlandesa. El triunfo le permite vestirse tambi\u00e9n con el primer maillot de l\u00edder.<\/p>\n<p style=\"text-align: justify;\"><strong>La primera escapada del d\u00eda se form\u00f3 pronto con siete corredores, entre ellos Robert Stannard (Bahrain), Max Walker (EF Education) y Siebe Deweirdt (Flanders).<\/strong> El grupo no dispuso de mucho margen, ya que el pelot\u00f3n, muy nervioso, apenas concedi\u00f3 diferencias. <strong>La tensi\u00f3n se hizo notar con numerosos incidentes: Thibau Nys (Lidl) se vio afectado por la picadura de un insecto, Jack Rootkin-Gray (EF Education) necesit\u00f3 asistencia m\u00e9dica y Matev\u017e Govekar (Bahrain) sufri\u00f3 una ca\u00edda<\/strong>. M\u00e1s tarde ser\u00eda Anton Palzer (Red Bull) quien abandonar\u00eda, mientras que Albert Torres (Movistar) acusaba el ritmo en los tramos m\u00e1s exigentes.<\/p>\n<p style=\"text-align: justify;\">Los intentos de formar cortes se sucedieron con un grupo de catorce hombres \u2014con nombres como Gianni Vermeersch, Paul Magnier, Jasper Stuyven o Kasper Asgreen\u2014 que lleg\u00f3 a abrir hueco, pero la labor de equipos como Visma, Intermarch\u00e9 y Groupama acab\u00f3 neutralizando cualquier aventura. A veinte kil\u00f3metros de la meta a\u00fan se produc\u00edan escaramuzas con Stannard, Teunissen y Van den Broek probando fortuna, pero la vigilancia de los equipos de los velocistas era f\u00e9rrea.<strong> Una ca\u00edda a falta de cinco kil\u00f3metros, que involucr\u00f3 a Sam Welsford, Olav Kooij y Daniel McLay<\/strong>, a\u00f1adi\u00f3 dramatismo al final, aunque no alter\u00f3 el guion de sprint masivo.<\/p>\n<p style=\"text-align: justify;\">En la recta final, F<strong>abio Jakobsen (Picnic), Biniam Girmay (Intermarch\u00e9) y Mathieu van der Poel (Alpecin) intentaron buscar su posici\u00f3n, pero Merlier se mostr\u00f3 intratable<\/strong>. Bien lanzado y con potencia descomunal, el belga no dio opci\u00f3n a sus rivales y cruz\u00f3 la meta con clara ventaja. Arnaud De Lie (Lotto) fue segundo, imponi\u00e9ndose por escasos cent\u00edmetros a Juan Sebasti\u00e1n Molano (UAE).<\/p>\n<p style=\"text-align: justify;\"><strong>Merlier se coloca como primer l\u00edder de la general y de la clasificaci\u00f3n por puntos<\/strong>. El Renewi Tour continuar\u00e1 ma\u00f1ana con otra etapa favorable para los velocistas, aunque con la incertidumbre de los abanicos que siempre amenazan en las carreteras del Benelux.<\/p>\n<p><strong>PR\u00d3XIMA ETAPA<\/strong><\/p>\n<p><strong>2\u00aa Jueves 21 de agosto. Blankenberge (13:25)-Ardooie (17:00), 169,4 km<\/strong><\/p>\n<p><a href=\"https:\/\/www.ciclo21.com\/wp-content\/uploads\/2025\/08\/RENEWI-2.jpg\" target=\"_blank\" rel=\"noopener nofollow\"><img fetchpriority=\"high\" decoding=\"async\" aria-describedby=\"caption-attachment-444564\" class=\"wp-image-444564 size-full lazy\" src=\"data:image\/svg+xml,%3Csvg%20xmlns=\" http:=\"\" data-src=\"https:\/\/www.europesays.com\/es\/wp-content\/uploads\/2025\/08\/RENEWI-2.jpg.webp.webp\" alt=\"\" width=\"1216\" height=\"433\" data- data-\/><\/a><\/p>\n<p id=\"caption-attachment-444564\" class=\"wp-caption-text\">Perfil de la 2\u00aa etapa \u00a9 Renewi Tour<\/p>\n<p><a href=\"https:\/\/x.com\/RenewiTour\" target=\"_blank\" rel=\"noopener nofollow\"><strong>X EN DIRECTO<\/strong><\/a><\/p>\n<p><a href=\"https:\/\/www.ciclo21.com\/renewi-tour-2025-etapas-dorsales-oficiales\/\" target=\"_blank\" rel=\"noopener nofollow\"><strong>TODAS LAS ETAPAS<\/strong><\/a><\/p>\n<p><a href=\"https:\/\/www.ciclo21.com\/5a-renewi-tour-2024-de-lie-wellens\/\" target=\"_blank\" rel=\"noopener nofollow\"><strong>Edici\u00f3n 2024: Tim Wellens<\/strong><\/a><\/p>\n<p style=\"text-align: justify;\"><strong>CLASIFICACI\u00d3N 1\u00aa ETAPA<\/strong><\/p>\n<tr class=\"rider natbe team26330 odd\" role=\"row\">\n<td>1<\/td>\n<td>\u00a0<\/td>\n<td>\u00a0<\/td>\n<td>Merlier\u00a0Tim<\/td>\n<td>Soudal Quick-Step<\/td>\n<td class=\"grey\" align=\"center\">\u00a0<\/td>\n<td align=\"right\">\u00a0<\/td>\n<\/tr>\n<tr class=\"rider natbe team32972 even\" role=\"row\">\n<td>2<\/td>\n<td>\u00a0<\/td>\n<td>\u00a0<\/td>\n<td>De Lie\u00a0Arnaud<\/td>\n<td>Lotto<\/td>\n<td class=\"grey\" align=\"center\">\u00a0<\/td>\n<td align=\"right\">\u00a0<\/td>\n<\/tr>\n<tr class=\"rider natco team21842 odd\" role=\"row\">\n<td>3<\/td>\n<td>\u00a0<\/td>\n<td>\u00a0<\/td>\n<td>Molano\u00a0Sebastian<\/td>\n<td>UAE Team Emirates-XRG<\/td>\n<td class=\"grey\" align=\"center\">\u00a0<\/td>\n<td align=\"right\">\u00a0<\/td>\n<\/tr>\n<tr class=\"rider natcz team32255 even\" role=\"row\">\n<td>4<\/td>\n<td>\u00a0<\/td>\n<td>\u00a0<\/td>\n<td>Bittner\u00a0Pavel<\/td>\n<td>Team Picnic PostNL<\/td>\n<td class=\"grey\" align=\"center\">\u00a0<\/td>\n<td align=\"right\">\u00a0<\/td>\n<\/tr>\n<tr class=\"rider nater team31440 odd\" role=\"row\">\n<td>5<\/td>\n<td>\u00a0<\/td>\n<td>\u00a0<\/td>\n<td>Girmay\u00a0Biniam<\/td>\n<td>Intermarch\u00e9-Wanty<\/td>\n<td class=\"grey\" align=\"center\">\u00a0<\/td>\n<td align=\"right\">\u00a0<\/td>\n<\/tr>\n<tr class=\"rider natgb team29251 even\" role=\"row\">\n<td>6<\/td>\n<td>\u00a0<\/td>\n<td>\u00a0<\/td>\n<td>Turner\u00a0Ben<\/td>\n<td>INEOS Grenadiers<\/td>\n<td class=\"grey\" align=\"center\">\u00a0<\/td>\n<td align=\"right\">\u00a0<\/td>\n<\/tr>\n<tr class=\"rider natnl team28241 odd\" role=\"row\">\n<td>7<\/td>\n<td>\u00a0<\/td>\n<td>\u00a0<\/td>\n<td>Kooij\u00a0Olav<\/td>\n<td>Team Visma | Lease a Bike<\/td>\n<td class=\"grey\" align=\"center\">\u00a0<\/td>\n<td align=\"right\">\u00a0<\/td>\n<\/tr>\n<tr class=\"rider natit team39201 even\" role=\"row\">\n<td>8<\/td>\n<td>\u00a0<\/td>\n<td>\u00a0<\/td>\n<td>Ballerini\u00a0Davide<\/td>\n<td>XDS Astana Team<\/td>\n<td class=\"grey\" align=\"center\">\u00a0<\/td>\n<td align=\"right\">\u00a0<\/td>\n<\/tr>\n<tr class=\"rider natco team31911 odd\" role=\"row\">\n<td>9<\/td>\n<td>\u00a0<\/td>\n<td>\u00a0<\/td>\n<td>Gaviria\u00a0Fernando<\/td>\n<td>Movistar Team<\/td>\n<td class=\"grey\" align=\"center\">\u00a0<\/td>\n<td align=\"right\">\u00a0<\/td>\n<\/tr>\n<tr class=\"rider natbe team28020 even\" role=\"row\">\n<td>10<\/td>\n<td>\u00a0<\/td>\n<td>\u00a0<\/td>\n<td>Dehairs\u00a0Simon<\/td>\n<td>Alpecin-Deceuninck<\/td>\n<td class=\"grey\" align=\"center\">\u00a0<\/td>\n<\/tr>\n<p><strong>DORSALES OFICIALES<\/strong><\/p>\n<p><script async src=\"https:\/\/platform.twitter.com\/widgets.js\" charset=\"utf-8\"><\/script><\/p>\n","protected":false},"excerpt":{"rendered":"1\u00aa: Mi\u00e9rcoles 20 de agosto. Terneuzen-Breskens, 182,7 km \ud83d\ude84\ud83d\udcab Una jornada fren\u00e9tica y un 1\ufe0f\u20e33\ufe0f\u20e3 de la suerte&hellip;\n","protected":false},"author":2,"featured_media":60678,"comment_status":"","ping_status":"","sticky":false,"template":"","format":"standard","meta":{"footnotes":""},"categories":[273],"tags":[313,312,168,25,24,25346,25347,25348,24328,23,167,25349],"class_list":{"0":"post-60677","1":"post","2":"type-post","3":"status-publish","4":"format-standard","5":"has-post-thumbnail","7":"category-ciclismo","8":"tag-ciclismo","9":"tag-cycling","10":"tag-deportes","11":"tag-es","12":"tag-espana","13":"tag-merlier","14":"tag-merlier-esprinter","15":"tag-merlier-soudal","16":"tag-renewi-tour","17":"tag-spain","18":"tag-sports","19":"tag-tim-merlier"},"share_on_mastodon":{"url":"","error":""},"_links":{"self":[{"href":"https:\/\/www.europesays.com\/es\/wp-json\/wp\/v2\/posts\/60677","targetHints":{"allow":["GET"]}}],"collection":[{"href":"https:\/\/www.europesays.com\/es\/wp-json\/wp\/v2\/posts"}],"about":[{"href":"https:\/\/www.europesays.com\/es\/wp-json\/wp\/v2\/types\/post"}],"author":[{"embeddable":true,"href":"https:\/\/www.europesays.com\/es\/wp-json\/wp\/v2\/users\/2"}],"replies":[{"embeddable":true,"href":"https:\/\/www.europesays.com\/es\/wp-json\/wp\/v2\/comments?post=60677"}],"version-history":[{"count":0,"href":"https:\/\/www.europesays.com\/es\/wp-json\/wp\/v2\/posts\/60677\/revisions"}],"wp:featuredmedia":[{"embeddable":true,"href":"https:\/\/www.europesays.com\/es\/wp-json\/wp\/v2\/media\/60678"}],"wp:attachment":[{"href":"https:\/\/www.europesays.com\/es\/wp-json\/wp\/v2\/media?parent=60677"}],"wp:term":[{"taxonomy":"category","embeddable":true,"href":"https:\/\/www.europesays.com\/es\/wp-json\/wp\/v2\/categories?post=60677"},{"taxonomy":"post_tag","embeddable":true,"href":"https:\/\/www.europesays.com\/es\/wp-json\/wp\/v2\/tags?post=60677"}],"curies":[{"name":"wp","href":"https:\/\/api.w.org\/{rel}","templated":true}]}}