{"id":606775,"date":"2026-06-15T00:37:14","date_gmt":"2026-06-15T00:37:14","guid":{"rendered":"https:\/\/www.europesays.com\/es\/606775\/"},"modified":"2026-06-15T00:37:14","modified_gmt":"2026-06-15T00:37:14","slug":"pablo-mikeleiz-alcalde-de-ezkaroze-no-todos-los-dias-se-ven-osos-en-la-carretera-como-podria-ocurrir-en-cantabria","status":"publish","type":"post","link":"https:\/\/www.europesays.com\/es\/606775\/","title":{"rendered":"Pablo Mikeleiz, alcalde de Ezkaroze: \u00abNo todos los d\u00edas se ven osos en la carretera, como podr\u00eda ocurrir en Cantabria\u00bb"},"content":{"rendered":"<p>\n        El avistamiento del <strong>oso pardo<\/strong> en las inmediaciones de <a href=\"https:\/\/www.noticiasdenavarra.com\/sociedad\/2026\/06\/14\/oso-pardo-avistado-madrugada-navarra-11199999.html\" title=\"Ezkaroze\" rel=\"nofollow noopener\" target=\"_blank\" class=\"link copy\">Ezkaroze <\/a>en la madrugada del domingo dio mucho de qu\u00e9 hablar tanto en la <strong>Comunidad Foral<\/strong> como en la propia localidad, donde los vecinos recabaron durante todo el d\u00eda informaci\u00f3n sobre lo ocurrido. El animal hab\u00eda bajado desde <strong>Otsagabia<\/strong> con el objetivo de buscar vegetaci\u00f3n para comer, seg\u00fan indicaron desde <strong>Medio Ambiente<\/strong>, y fue visto por distintos vecinos del valle, en su mayor\u00eda <strong>hosteleros<\/strong> que estaban trabajando en los quintos de Ezkaroze y en el <strong>Irati Xtrem<\/strong>.\n<\/p>\n<p class=\"article-body__text \">\n        Al parecer, debido a la <strong>afluencia de coches en la zona<\/strong>, el oso qued\u00f3 encajonado en un camino que lo llev\u00f3 hasta el pueblo. Cuando los veh\u00edculos maniobraron, el animal pudo dar la vuelta y regresar hasta Otsagabia para subir el monte del que probablemente proced\u00eda.\n<\/p>\n<p>  <strong>El alcalde apunta a la temporada de celo<\/strong><\/p>\n<p class=\"article-body__text \">\n        <strong>Pablo Mikeleiz<\/strong>, alcalde de Ezkaroze, admiti\u00f3 que el avistamiento gener\u00f3 conversaci\u00f3n en el pueblo. \u00abEn el pueblo se ha hablado todo el d\u00eda sobre esto porque no todos los d\u00edas aparecen osos en la carretera. Otra cosa es que estuvi\u00e9ramos en Cantabria, que all\u00ed suele pasar m\u00e1s\u00bb, apunt\u00f3.\n<\/p>\n<p>            <a href=\"https:\/\/www.noticiasdenavarra.com\/sociedad\/2026\/06\/14\/encuentras-oso-claves-actuar-seguridad-11201033.html\" title=\"V\u00cdDEO \u00bfQu\u00e9 hacer si te encuentras con un oso? Las claves para actuar con seguridad\" class=\"new__media\" rel=\"nofollow noopener\" target=\"_blank\"><\/p>\n<p>                <img alt=\"V\u00cdDEO \u00bfQu\u00e9 hacer si te encuentras con un oso? Las claves para actuar con seguridad\" data-src=\"https:\/\/www.europesays.com\/es\/wp-content\/uploads\/2026\/06\/7a7914dc-c97d-46ff-b0d6-6bef2bce899a_16-9-aspect-ratio_default_0.jpg\" class=\"lozad\"\/><\/p>\n<p>        <\/a><\/p>\n<p>        <a href=\"https:\/\/www.noticiasdenavarra.com\/sociedad\/2026\/06\/14\/encuentras-oso-claves-actuar-seguridad-11201033.html\" title=\"V\u00cdDEO \u00bfQu\u00e9 hacer si te encuentras con un oso? Las claves para actuar con seguridad\" class=\"new__headline\" rel=\"nofollow noopener\" target=\"_blank\"><br \/>\n            V\u00cdDEO \u00bfQu\u00e9 hacer si te encuentras con un oso? Las claves para actuar con seguridad<br \/>\n        <\/a><\/p>\n<p class=\"article-body__text \">\n        Adem\u00e1s de la b\u00fasqueda de alimento, Mikeleiz sopes\u00f3 que el desplazamiento podr\u00eda deberse a que estos animales se encuentran en <strong>temporada de celo<\/strong> y que, en esa \u00e9poca, \u00abde normal, pueden llegar a hacerse hasta 60 km en una noche\u00bb. Eso le lleva a pensar que el <strong>oso avistado en el valle de Aezkoa<\/strong> podr\u00eda ser el mismo animal. \u00abPuede ser el mismo, aunque eso es algo que tendr\u00e1n que decir desde Medio Ambiente\u00bb, se\u00f1al\u00f3.\n<\/p>\n<p>            <a href=\"https:\/\/www.noticiasdenavarra.com\/sociedad\/2026\/06\/14\/navarra-acumula-31-registros-oficiales-11199769.html\" title=\"Navarra acumula 31 registros oficiales de presencia de osos entre 2025 y 2026\" class=\"new__media\" rel=\"nofollow noopener\" target=\"_blank\"><\/p>\n<p>                <img alt=\"Navarra acumula 31 registros oficiales de presencia de osos entre 2025 y 2026\" data-src=\"https:\/\/www.europesays.com\/es\/wp-content\/uploads\/2026\/06\/fb1ec3a9-9c12-40c9-a5a8-84c184069a64_16-9-aspect-ratio_default_0_x343y429.jpg\" class=\"lozad\"\/><\/p>\n<p>        <\/a><\/p>\n<p>        <a href=\"https:\/\/www.noticiasdenavarra.com\/sociedad\/2026\/06\/14\/navarra-acumula-31-registros-oficiales-11199769.html\" title=\"Navarra acumula 31 registros oficiales de presencia de osos entre 2025 y 2026\" class=\"new__headline\" rel=\"nofollow noopener\" target=\"_blank\"><br \/>\n            Navarra acumula 31 registros oficiales de presencia de osos entre 2025 y 2026<br \/>\n        <\/a><\/p>\n<p class=\"article-body__text \">\n        El alcalde tambi\u00e9n se refiri\u00f3 al impacto que una presencia prolongada del plant\u00edgrado podr\u00eda tener sobre la ganader\u00eda local. \u00abUn oso de estos puede cambiar la marcha de nuestro trabajo&#8230; Si sigue por aqu\u00ed, tendremos que adaptarnos para que exista una <strong>convivencia<\/strong>\u00ab, indic\u00f3, aunque confi\u00f3 en que el animal regresar\u00e1 a su territorio habitual o se desplazar\u00e1 hasta el <a href=\"https:\/\/www.noticiasdenavarra.com\/tags\/roncal\/\" title=\"Roncal\" class=\"link copy\" rel=\"nofollow noopener\" target=\"_blank\">Roncal<\/a>. \u00abTodo seguir\u00e1 en calma. De hecho, si esto llega a pasar otro d\u00eda en el que no hubiera habido tanta actividad nocturna, no nos hubi\u00e9ramos enterado de la presencia del oso\u00bb, concluy\u00f3.<\/p>\n","protected":false},"excerpt":{"rendered":"El avistamiento del oso pardo en las inmediaciones de Ezkaroze en la madrugada del domingo dio mucho de&hellip;\n","protected":false},"author":2,"featured_media":606776,"comment_status":"","ping_status":"","sticky":false,"template":"","format":"standard","meta":{"footnotes":""},"categories":[8],"tags":[1201,17,18,960,25,24,113673,13,14,11,19,20,113718,9,10,15,16,19330,618,23,12,21,22],"class_list":["post-606775","post","type-post","status-publish","format-standard","has-post-thumbnail","category-espana","tag-alcalde","tag-breaking-news","tag-breakingnews","tag-dias","tag-es","tag-espana","tag-ezkaroze","tag-featured-news","tag-featurednews","tag-headlines","tag-latest-news","tag-latestnews","tag-mikeleiz","tag-news","tag-noticias","tag-noticias-destacadas","tag-noticiasdestacadas","tag-osos","tag-pablo","tag-spain","tag-titulares","tag-ultimas-noticias","tag-ultimasnoticias"],"share_on_mastodon":{"url":"https:\/\/pubeurope.com\/@es\/116751331840588626","error":""},"_links":{"self":[{"href":"https:\/\/www.europesays.com\/es\/wp-json\/wp\/v2\/posts\/606775","targetHints":{"allow":["GET"]}}],"collection":[{"href":"https:\/\/www.europesays.com\/es\/wp-json\/wp\/v2\/posts"}],"about":[{"href":"https:\/\/www.europesays.com\/es\/wp-json\/wp\/v2\/types\/post"}],"author":[{"embeddable":true,"href":"https:\/\/www.europesays.com\/es\/wp-json\/wp\/v2\/users\/2"}],"replies":[{"embeddable":true,"href":"https:\/\/www.europesays.com\/es\/wp-json\/wp\/v2\/comments?post=606775"}],"version-history":[{"count":0,"href":"https:\/\/www.europesays.com\/es\/wp-json\/wp\/v2\/posts\/606775\/revisions"}],"wp:featuredmedia":[{"embeddable":true,"href":"https:\/\/www.europesays.com\/es\/wp-json\/wp\/v2\/media\/606776"}],"wp:attachment":[{"href":"https:\/\/www.europesays.com\/es\/wp-json\/wp\/v2\/media?parent=606775"}],"wp:term":[{"taxonomy":"category","embeddable":true,"href":"https:\/\/www.europesays.com\/es\/wp-json\/wp\/v2\/categories?post=606775"},{"taxonomy":"post_tag","embeddable":true,"href":"https:\/\/www.europesays.com\/es\/wp-json\/wp\/v2\/tags?post=606775"}],"curies":[{"name":"wp","href":"https:\/\/api.w.org\/{rel}","templated":true}]}}