{"id":606850,"date":"2026-06-15T01:40:16","date_gmt":"2026-06-15T01:40:16","guid":{"rendered":"https:\/\/www.europesays.com\/es\/606850\/"},"modified":"2026-06-15T01:40:16","modified_gmt":"2026-06-15T01:40:16","slug":"sancionan-a-colapinto-y-pierde-su-octavo-puesto-en-barcelona-posterior-a-la-carrera","status":"publish","type":"post","link":"https:\/\/www.europesays.com\/es\/606850\/","title":{"rendered":"Sancionan a Colapinto y pierde su octavo puesto en Barcelona posterior a la carrera"},"content":{"rendered":"<p>El balance final para el equipo Alpine y el piloto argentino Franco Colapinto sufri\u00f3 una modificaci\u00f3n tras la bandera a cuadros. Los comisarios determinaron imponer una penalizaci\u00f3n de tiempo al piloto derivado de una investigaci\u00f3n por no haber disminuido la velocidad de manera adecuada durante un periodo de bandera amarilla en el\u00a0Circuit de Barcelona-Catalunya.<\/p>\n<p>\u00a0<\/p>\n<p>Colapinto cruz\u00f3 la meta en la octava posici\u00f3n, pero debido a una sanci\u00f3n de 10 segundos ha ca\u00eddo a la d\u00e9cima posici\u00f3n al tener que ceder lugares ante Liam Lawson y Arvid Lindblad, quienes ahora son octavo y noveno. El argentino finaliz\u00f3 por delante de Gabriel\u00a0Bortoleto.<\/p>\n<p>La Decisi\u00f3n de los Comisarios de la\u00a0FIA<\/p>\n<p>El comunicado de la FIA se\u00f1al\u00f3 que la infracci\u00f3n es un incumplimiento del Art\u00edculo B1.8.4 a. del Reglamento de la F1 de la FIA.<\/p>\n<p>Ante esta situaci\u00f3n \u201cse impone una penalizaci\u00f3n de tiempo de 10 segundos despu\u00e9s de la carrera. 1 punto de penalizaci\u00f3n (un total de 2 para el periodo de 12 meses)\u201d.<\/p>\n<p>\u201cLos Comisarios escucharon al piloto del Auto 43 (Franco Colapinto), al representante del equipo y revisaron los datos del sistema de posicionamiento\/se\u00f1alizaci\u00f3n, video, cronometraje, telemetr\u00eda, radio del equipo y evidencia de video a bordo.<\/p>\n<p>M\u00e1s de la F1 en Barcelona:<\/p>\n<p>\u201cLos Comisarios determinan que, aunque el piloto del Auto 43 redujo ligeramente la velocidad antes de ingresar a la zona de una sola bandera amarilla, no disminuy\u00f3 la velocidad de manera perceptible en el sector de bandera amarilla correspondiente. Los Comisarios reconocen que el piloto reaccion\u00f3 a la bandera amarilla, pero no consideran que la reacci\u00f3n sea suficiente para cumplir con el reglamento. Por lo tanto, se impone una penalizaci\u00f3n en el extremo inferior de la escala de penalizaciones aplicable\u201d, finaliz\u00f3 el documento.<\/p>\n<p><a href=\"https:\/\/whatsapp.com\/channel\/0029VaDzozo5vKA8ia8T0i1G\" target=\"_blank\" rel=\"noopener nofollow\">    <img decoding=\"async\" draggable=\"false\" src=\"https:\/\/www.europesays.com\/es\/wp-content\/uploads\/2026\/06\/1781336665_301_promo-whatsapp.jpg\" alt=\"\" width=\"1200\" height=\"800\" loading=\"lazy\"\/>  <\/a>            <\/p>\n<p>            Queremos tu opini\u00f3n<\/p>\n<p class=\"mt-auto\">\u00bfQu\u00e9 le gustar\u00eda ver en Motorsport.com?<\/p>\n<p>            <a href=\"#\" class=\"ms-link text-link font-bold\">Responda a nuestra encuesta de 5 minutos.<\/a><\/p>\n<p class=\"mt-1 text-body\">&#8211; El equipo de Motorsport.com<\/p>\n","protected":false},"excerpt":{"rendered":"El balance final para el equipo Alpine y el piloto argentino Franco Colapinto sufri\u00f3 una modificaci\u00f3n tras la&hellip;\n","protected":false},"author":2,"featured_media":606851,"comment_status":"","ping_status":"","sticky":false,"template":"","format":"standard","meta":{"footnotes":""},"categories":[93],"tags":[1331,7684,168,25,24,1723,1230,113162,113736,23,167],"class_list":["post-606850","post","type-post","status-publish","format-standard","has-post-thumbnail","category-deportes","tag-alpine","tag-circuit-de-barcelona-catalunya","tag-deportes","tag-es","tag-espana","tag-franco-colapinto","tag-fu00f3rmula-1","tag-gp-de-barcelona-catalunya","tag-sancionan-a-colapinto-y-pierde-su-octavo-puesto-en-barcelona-posterior-a-la-carrera","tag-spain","tag-sports"],"share_on_mastodon":{"url":"https:\/\/pubeurope.com\/@es\/116751579758501266","error":""},"_links":{"self":[{"href":"https:\/\/www.europesays.com\/es\/wp-json\/wp\/v2\/posts\/606850","targetHints":{"allow":["GET"]}}],"collection":[{"href":"https:\/\/www.europesays.com\/es\/wp-json\/wp\/v2\/posts"}],"about":[{"href":"https:\/\/www.europesays.com\/es\/wp-json\/wp\/v2\/types\/post"}],"author":[{"embeddable":true,"href":"https:\/\/www.europesays.com\/es\/wp-json\/wp\/v2\/users\/2"}],"replies":[{"embeddable":true,"href":"https:\/\/www.europesays.com\/es\/wp-json\/wp\/v2\/comments?post=606850"}],"version-history":[{"count":0,"href":"https:\/\/www.europesays.com\/es\/wp-json\/wp\/v2\/posts\/606850\/revisions"}],"wp:featuredmedia":[{"embeddable":true,"href":"https:\/\/www.europesays.com\/es\/wp-json\/wp\/v2\/media\/606851"}],"wp:attachment":[{"href":"https:\/\/www.europesays.com\/es\/wp-json\/wp\/v2\/media?parent=606850"}],"wp:term":[{"taxonomy":"category","embeddable":true,"href":"https:\/\/www.europesays.com\/es\/wp-json\/wp\/v2\/categories?post=606850"},{"taxonomy":"post_tag","embeddable":true,"href":"https:\/\/www.europesays.com\/es\/wp-json\/wp\/v2\/tags?post=606850"}],"curies":[{"name":"wp","href":"https:\/\/api.w.org\/{rel}","templated":true}]}}