{"id":60687,"date":"2025-08-20T18:06:08","date_gmt":"2025-08-20T18:06:08","guid":{"rendered":"https:\/\/www.europesays.com\/es\/60687\/"},"modified":"2025-08-20T18:06:08","modified_gmt":"2025-08-20T18:06:08","slug":"me-salio-caro-no-venir-no-cobre","status":"publish","type":"post","link":"https:\/\/www.europesays.com\/es\/60687\/","title":{"rendered":"Me sali\u00f3 caro no venir&#8230; no cobr\u00e9"},"content":{"rendered":"<p class=\"c-paragraph\">Este mi\u00e9rcoles, Isabel Forner explic\u00f3 en\u00a0<a href=\"https:\/\/www.20minutos.es\/tags\/instituciones-empresas\/zapeando.html\" title=\"Zapeando\" rel=\"nofollow noopener\" target=\"_blank\">Zapeando<\/a>\u00a0<b>la raz\u00f3n por la que no estuvo presente<\/b> en el programa del d\u00eda anterior. Fue <a href=\"https:\/\/www.20minutos.es\/tags\/personas\/miki-nadal.html\" title=\"Miki Nadal\" rel=\"nofollow noopener\" target=\"_blank\">Miki Nadal<\/a>, encargado de conducir la entrega, quien sac\u00f3 el tema a relucir al notar su regreso a la mesa.\u00a0<\/p>\n<p class=\"c-paragraph\">\u00abIsabel Forner, que ha vuelto despu\u00e9s de pasar 24 horas como <a href=\"https:\/\/www.20minutos.es\/tags\/temas\/tom-hanks.html\" title=\"Tom Hanks\" rel=\"nofollow noopener\" target=\"_blank\">Tom Hanks<\/a> en La Terminal, \u00bfqu\u00e9 te pas\u00f3? Que ten\u00edas que estar ayer aqu\u00ed trabajando y no viniste, \u00bfqu\u00e9 pas\u00f3?\u00bb, brome\u00f3 el presentaador.<\/p>\n<p class=\"c-paragraph\">La colaboradora relat\u00f3 que su ausencia se debi\u00f3 a un contratiempo en el aeropuerto de Ibiza, donde permaneci\u00f3 durante horas <b>por los continuos retrasos de su vuelo<\/b>. Finalmente, el avi\u00f3n nunca lleg\u00f3 a salir. \u00abBien m\u00e1s me supo, porque me sali\u00f3 caro no venir\u2026 no cobr\u00e9\u00bb, lament\u00f3.<\/p>\n<p class=\"c-paragraph\">Forner asegur\u00f3 que lleg\u00f3 con puntualidad a la terminal y pas\u00f3 el d\u00eda \u00abmuerta de sue\u00f1o\u00bb, a la espera de poder embarcar. \u00abSupongo que me devolver\u00e1n todo el importe\u00bb, a\u00f1adi\u00f3 confiada.<\/p>\n<p class=\"c-paragraph\">Para respaldar su relato, la periodista incluso <b>se tom\u00f3 un selfie en el ba\u00f1o<\/b> de la estaci\u00f3n aeroportuaria y lo envi\u00f3 a sus compa\u00f1eros de plat\u00f3, una ocurrencia que provoc\u00f3 risas entre el p\u00fablico.<\/p>\n","protected":false},"excerpt":{"rendered":"Este mi\u00e9rcoles, Isabel Forner explic\u00f3 en\u00a0Zapeando\u00a0la raz\u00f3n por la que no estuvo presente en el programa del d\u00eda&hellip;\n","protected":false},"author":2,"featured_media":60688,"comment_status":"","ping_status":"","sticky":false,"template":"","format":"standard","meta":{"footnotes":""},"categories":[171],"tags":[3272,4083,146,147,25,24,25359,1729,5135,23,214],"class_list":{"0":"post-60687","1":"post","2":"type-post","3":"status-publish","4":"format-standard","5":"has-post-thumbnail","7":"category-tv","8":"tag-ausencia","9":"tag-desvela","10":"tag-entertainment","11":"tag-entretenimiento","12":"tag-es","13":"tag-espana","14":"tag-forner","15":"tag-isabel","16":"tag-motivo","17":"tag-spain","18":"tag-tv"},"share_on_mastodon":{"url":"","error":""},"_links":{"self":[{"href":"https:\/\/www.europesays.com\/es\/wp-json\/wp\/v2\/posts\/60687","targetHints":{"allow":["GET"]}}],"collection":[{"href":"https:\/\/www.europesays.com\/es\/wp-json\/wp\/v2\/posts"}],"about":[{"href":"https:\/\/www.europesays.com\/es\/wp-json\/wp\/v2\/types\/post"}],"author":[{"embeddable":true,"href":"https:\/\/www.europesays.com\/es\/wp-json\/wp\/v2\/users\/2"}],"replies":[{"embeddable":true,"href":"https:\/\/www.europesays.com\/es\/wp-json\/wp\/v2\/comments?post=60687"}],"version-history":[{"count":0,"href":"https:\/\/www.europesays.com\/es\/wp-json\/wp\/v2\/posts\/60687\/revisions"}],"wp:featuredmedia":[{"embeddable":true,"href":"https:\/\/www.europesays.com\/es\/wp-json\/wp\/v2\/media\/60688"}],"wp:attachment":[{"href":"https:\/\/www.europesays.com\/es\/wp-json\/wp\/v2\/media?parent=60687"}],"wp:term":[{"taxonomy":"category","embeddable":true,"href":"https:\/\/www.europesays.com\/es\/wp-json\/wp\/v2\/categories?post=60687"},{"taxonomy":"post_tag","embeddable":true,"href":"https:\/\/www.europesays.com\/es\/wp-json\/wp\/v2\/tags?post=60687"}],"curies":[{"name":"wp","href":"https:\/\/api.w.org\/{rel}","templated":true}]}}